{"id":153951,"date":"2025-10-08T19:34:13","date_gmt":"2025-10-08T19:34:13","guid":{"rendered":"https:\/\/www.europesays.com\/it\/153951\/"},"modified":"2025-10-08T19:34:13","modified_gmt":"2025-10-08T19:34:13","slug":"e-se-il-the-rugby-championship-si-giocasse-in-contemporanea-al-sei-nazioni","status":"publish","type":"post","link":"https:\/\/www.europesays.com\/it\/153951\/","title":{"rendered":"E se il The Rugby Championship si giocasse in contemporanea al Sei Nazioni?"},"content":{"rendered":"<p>Un ipotesi che guarda al futuro, con anche la possibilit\u00e0 di un\u2019espansione del torneo<\/p>\n<p>\t\t\t\t\t\t<img fetchpriority=\"high\" decoding=\"async\" aria-describedby=\"caption-attachment-289531\" class=\"size-full wp-image-289531\" src=\"https:\/\/www.europesays.com\/it\/wp-content\/uploads\/2025\/10\/Eben-Etzebeth.jpg\" alt=\"\" width=\"953\" height=\"636\"  \/><\/p>\n<p id=\"caption-attachment-289531\" class=\"wp-caption-text\">E se il The Rugby Championship si giocasse in contemporanea al Sei Nazioni?\u00a0\u2013 ph. Sebastiano Pessina<\/p>\n<p>Qualche giorno fa si \u00e8 conclusa un\u2019edizione incredibile e incerta del torneo, vinta all\u2019ultimo respiro dagli Springboks nell\u2019inusuale sede di Twickenham, eppure il The Rugby Championship \u2013 al momento \u2013 non ha futuro. Il massimo torneo per nazioni dell\u2019Emisfero Sud, che include Sudafrica, Nuova Zelanda, Argentina e Australia rischia fortemente di scomparire o di doversi profondamente reinventare.<\/p>\n<p>Leggi anche, <a href=\"https:\/\/www.onrugby.it\/2025\/08\/17\/il-rugby-championship-per-come-ora-non-esistera-piu\/\" target=\"_blank\" rel=\"noopener nofollow\">\u201cIl Rugby Championship per com\u2019\u00e8 ora non esister\u00e0 pi\u00f9\u201d<\/a><\/p>\n<p>E se il The Rugby Championship si giocasse in contemporanea al Sei Nazioni?<\/p>\n<p>All\u2019orizzonte per\u00f2, come un rumors che rimbalza con sempre pi\u00f9 consistenza, si fa largo un\u2019ipotesi: il The Rugby Championship, presumibilmente a partire dal 2027 (visto che nel 2026 dovrebbe essere confermato l\u2019impegno degli All Blacks per una tourn\u00e8e storica in Sudafrica), calendarizzato in contemporanea al Sei Nazioni; tra febbraio e marzo.<\/p>\n<p>Una notizia che se prendesse forma avrebbe per certi versi del clamoroso, ma che verrebbe salutata con soddisfazioni da pi\u00f9 parti.<\/p>\n<p>Le federazioni di Argentina e Sudafrica, ad esempio, gradirebbero la cosa mentre l\u2019Australia sembrerebbe essere totalmente contraria, con la Nuova Zelanda invece ancora non chiaramente schierata.<\/p>\n<p>Sotto traccia qualcuno disegna scenari espansionistici, con l\u2019ingresso di Giappone e Fiji, per una sorta di \u201cSei Nazioni dell\u2019Emisfero Sud\u201d.<\/p>\n<p>Paradossalmente questo potrebbe togliere attenzione esclusiva al torneo, che si svolge da agosto a ottobre, ma consentirebbe a tutte le principali squadre di club del mondo di evitare casi come quelli di Skelton o O\u2019Connor, giocatori dell\u2019Emisfero Sud che giocano nell\u2019Emisfero Nord, dal momento che a livello di calendario si potrebbero stoppare i campionati di tutto il mondo in unico periodo per poi consentire la fine delle varie stagioni agonistiche da met\u00e0 marzo in poi.\t<\/p>\n<p>onrugby.it \u00a9 riproduzione riservata<\/p>\n<p>Cari Lettori,<\/p>\n<p>OnRugby, da oltre 10 anni, Vi offre gratuitamente un\u2019informazione puntuale e quotidiana sul<br \/>\n\t\t\t\t\t\t\t\tmondo della palla ovale. <b>Il nostro lavoro ha un costo che viene ripagato dalla pubblicit\u00e0, in particolare quella personalizzata.<\/b><\/p>\n<p>Quando Vi viene proposta l\u2019informativa sul rilascio di cookie o tecnologie simili, Vi chiediamo di sostenerci dando il Vostro consenso.<\/p>\n","protected":false},"excerpt":{"rendered":"Un ipotesi che guarda al futuro, con anche la possibilit\u00e0 di un\u2019espansione del torneo E se il The&hellip;\n","protected":false},"author":3,"featured_media":126131,"comment_status":"","ping_status":"","sticky":false,"template":"","format":"standard","meta":{"footnotes":""},"categories":[1458],"tags":[1537,90,89,1840,245,244],"class_list":{"0":"post-153951","1":"post","2":"type-post","3":"status-publish","4":"format-standard","5":"has-post-thumbnail","7":"category-rugby","8":"tag-it","9":"tag-italia","10":"tag-italy","11":"tag-rugby","12":"tag-sport","13":"tag-sports"},"share_on_mastodon":{"url":"","error":""},"_links":{"self":[{"href":"https:\/\/www.europesays.com\/it\/wp-json\/wp\/v2\/posts\/153951","targetHints":{"allow":["GET"]}}],"collection":[{"href":"https:\/\/www.europesays.com\/it\/wp-json\/wp\/v2\/posts"}],"about":[{"href":"https:\/\/www.europesays.com\/it\/wp-json\/wp\/v2\/types\/post"}],"author":[{"embeddable":true,"href":"https:\/\/www.europesays.com\/it\/wp-json\/wp\/v2\/users\/3"}],"replies":[{"embeddable":true,"href":"https:\/\/www.europesays.com\/it\/wp-json\/wp\/v2\/comments?post=153951"}],"version-history":[{"count":0,"href":"https:\/\/www.europesays.com\/it\/wp-json\/wp\/v2\/posts\/153951\/revisions"}],"wp:featuredmedia":[{"embeddable":true,"href":"https:\/\/www.europesays.com\/it\/wp-json\/wp\/v2\/media\/126131"}],"wp:attachment":[{"href":"https:\/\/www.europesays.com\/it\/wp-json\/wp\/v2\/media?parent=153951"}],"wp:term":[{"taxonomy":"category","embeddable":true,"href":"https:\/\/www.europesays.com\/it\/wp-json\/wp\/v2\/categories?post=153951"},{"taxonomy":"post_tag","embeddable":true,"href":"https:\/\/www.europesays.com\/it\/wp-json\/wp\/v2\/tags?post=153951"}],"curies":[{"name":"wp","href":"https:\/\/api.w.org\/{rel}","templated":true}]}}