{"id":153954,"date":"2025-10-08T19:36:16","date_gmt":"2025-10-08T19:36:16","guid":{"rendered":"https:\/\/www.europesays.com\/it\/153954\/"},"modified":"2025-10-08T19:36:16","modified_gmt":"2025-10-08T19:36:16","slug":"presentazione-percorso-e-favoriti-gran-piemonte-2025","status":"publish","type":"post","link":"https:\/\/www.europesays.com\/it\/153954\/","title":{"rendered":"Presentazione Percorso e Favoriti Gran Piemonte 2025"},"content":{"rendered":"<p>\t\t\t\t\t<a href=\"https:\/\/cyclingpro.net\/spaziociclismo\/altro\/scopri-lapp-ufficiale-di-spaziociclismo\/\" title=\"\" rel=\"nofollow noopener\" target=\"_blank\"><br \/>\n\t\t\t\t\t\t<img loading=\"lazy\" decoding=\"async\" src=\"https:\/\/www.europesays.com\/it\/wp-content\/uploads\/2025\/09\/1758060682_662_Banner-App-SpazioCiclismo.png\" alt=\"\" width=\"728\" height=\"91\"\/><br \/>\n\t\t\t\t\t<\/a><\/p>\n<p>La serie di classiche autunnali italiane prosegue con il <strong>Gran Piemonte 2025<\/strong>. Giunta alla 109a edizione, la corsa organizzata da RCS Sport si svolger\u00e0 <strong>gioved\u00ec 9 ottobre<\/strong> e costituir\u00e0 una sorta di ultimo test in vista de Il Lombardia di sabato, anche se non tutti gli attesi protagonisti dell\u2019ultima Monumento stagionale saranno presenti sulle strade piemontesi. Il percorso proposto quest\u2019anno, 179 chilometri da <strong>Dogliani<\/strong> ad <strong>Aqui Terme<\/strong>, sar\u00e0 piuttosto impegnativo e chiamer\u00e0 in azione i corridori particolarmente resistenti, tra i quali presumibilmente uscir\u00e0 il nome del successore di Neilson Powless, vincitore nel 2024 dopo una cavalcata solitaria di pi\u00f9 di 40 chilometri.<\/p>\n<p><strong>ORARIO DI PARTENZA:<\/strong> 12:10<br \/><strong>ORARIO DI ARRIVO (PREVISTO):<\/strong> 16:18-16:44<br \/><strong>DIRETTA TV E STREAMING:<\/strong> 14:50-16:50 RaiSport \/ 14:50-16:50 Eurosport 2, Discovery+<br \/><strong>HASHTAG UFFICIALE:<\/strong> #GranPiemonte<\/p>\n<p>Albo d\u2019oro recente Gran Piemonte<\/p>\n<p><a href=\"https:\/\/cyclingpro.net\/spaziociclismo\/sintesi-gare\/gran-piemonte-2024-neilson-powless-fa-limpresa-dopo-42-km-in-solitaria-4-filippo-magli-8-francesco-busatto-9-edoardo-zambanini\/\" rel=\"nofollow noopener\" target=\"_blank\">2024 POWLESS Neilson<\/a><br \/><a href=\"https:\/\/cyclingpro.net\/spaziociclismo\/sintesi-gare\/gran-piemonte-2023-ancora-wolfpack-andrea-bagioli-supera-marc-hirschi-5-filippo-ganna\/\" target=\"_blank\" rel=\"noopener nofollow\">2023 BAGIOLI Andrea<\/a><br \/><a href=\"https:\/\/cyclingpro.net\/spaziociclismo\/continental\/gran-piemonte-2022-ivan-garcia-cortina-supera-matej-mohoric-quarto-edoardo-zambanini\/\" target=\"_blank\" rel=\"noopener nofollow\">2022 CORTINA\u00a0Iv\u00e1n Garc\u00eda\u00a0<\/a><br \/><a href=\"https:\/\/cyclingpro.net\/spaziociclismo\/continental\/gran-piemonte-2021-sorpresa-matthew-walls-2-giacomo-nizzolo\/\" rel=\"nofollow noopener\" target=\"_blank\">2021 WALLS Matthew<\/a><br \/><a href=\"https:\/\/cyclingpro.net\/spaziociclismo\/continental\/gran-piemonte-2020-assolo-di-george-bennett-diego-ulissi-perde-lattimo\/\" rel=\"nofollow noopener\" target=\"_blank\">2020 BENNETT George<\/a><br \/><a href=\"https:\/\/cyclingpro.net\/spaziociclismo\/continental\/gran-piemonte-2019-egan-bernal-conquista-oropa-doppietta-ineos-con-ivan-sosa\/\" rel=\"nofollow noopener\" target=\"_blank\">2019 BERNAL Egan<\/a><br \/><a href=\"https:\/\/cyclingpro.net\/spaziociclismo\/continental\/gran-piemonte-2018-colbrelli-domina-la-volata\/\" rel=\"nofollow noopener\" target=\"_blank\">2018 COLBRELLI Sonny<\/a><br \/><a href=\"https:\/\/cyclingpro.net\/spaziociclismo\/sintesi-gare\/campionato-italiano-2017-aru-senza-rivali\/\" rel=\"nofollow noopener\" target=\"_blank\">2017 ARU Fabio (Valido come Campionato Italiano)<\/a><br \/>2016 NIZZOLO Giacomo<br \/>2015 BAKELANTS Jan<\/p>\n<p>Percorso Gran Piemonte 2025<\/p>\n<p><b>Dogliani \u2013 Aqui Terme (179 km)<\/b><\/p>\n<p>Il via verr\u00e0 dato da <strong>Dogliani<\/strong>, comune in provincia di Cuneo, e sulle strade del cuneese si pedaler\u00e0 per i primi 95 chilometri, gi\u00e0 parecchio movimentati. Dopo un tratto iniziale in leggera discesa di circa 7000 metri, la prima salita la si incontrer\u00e0 dirigendosi verso Lequio Tanaro e potrebbe rappresentare un buon trampolino di lancio per la fuga di giornata, poi seguiranno 25 chilometri per lo pi\u00f9 pianeggianti prima della successiva asperit\u00e0, l\u2019ascesa verso Vergne. Si scender\u00e0 fino a toccare Barolo per poi risalire subito dopo verso La Morra, cui seguir\u00e0 la salita verso Diano d\u2019Alba e la successiva discesa verso Alba, dove si chiuderanno i primi 65 chilometri di gara.<\/p>\n<p>Due brevi strappi nei successivi dieci chilometri anticiperanno l\u2019inizio dell\u2019ascesa di <strong>Bric della Forma<\/strong> (4,3 km al 6,6%, max. 14,5%), dopo la quale si affronter\u00e0 un tratto abbastanza frastagliato di una decina di chilometri prima della discesa vera e propria verso Santo Stefano Belbo. Si entrer\u00e0 poi in provincia di Asti percorrendo un segmento pianeggiante di circa dieci chilometri che porter\u00e0 ai piedi dell\u2019impegnativa salita di <strong>Rocchetta Palafea<\/strong> (3 km all\u20198,4%, max. 14,3%), in cima alla quale mancheranno 70 chilometri al traguardo, i primi 10 dei quali di una lieve discesa verso Terzo, gi\u00e0 entrati in provincia di Alessandria.<\/p>\n<p>Qui i corridori faranno il loro ingresso nel circuito finale e, poco dopo, affronteranno per la prima volta l\u2019ascesa di <strong>Castelletto d\u2019Erro<\/strong>, salita di 6100 metri al 5,3% caratterizzata da 2600 metri iniziali a 9,3% (con punta al 15% proprio a inizio scalata), mentre i successivi 3500 metri saranno abbastanza irregolari, al 2,4%. Dopo sette chilometri di discesa verso Melazzo ne seguiranno altrettanti leggermente frastagliati fino ad <strong>Aqui Terme<\/strong>, dove si transiter\u00e0 per la prima volta sulla linea d\u2019arrivo ai -33 dalla conclusione; di questi, una dozzina di pianura porteranno nuovamente ai piedi dell\u2019ascesa di Castelletto d\u2019Erro, scollinata a soli 14,3 chilometri dal traguardo, che a sua volta sar\u00e0 in lieve salita con gli ultimi 450 metri al 4%.<\/p>\n<p>Favoriti Gran Piemonte 2025<\/p>\n<p><a href=\"https:\/\/cyclingpro.net\/spaziociclismo\/startlist\/gran-piemonte-2025-la-startlist\/\" rel=\"nofollow noopener\" target=\"_blank\">Clicca qui per la startlist<\/a><\/p>\n<p>Il percorso parecchio movimentato e la doppia ascesa di Castelletto d\u2019Erro sembrano preannunciare una gara piuttosto selettiva, dove ad avere la meglio potrebbe essere un corridore da classiche resistente o uno scalatore a suo agio nelle corse di un giorno. Scorrendo la startlist, il nome che balza all\u2019occhio \u00e8 sicuramente quello di <strong>Isaac Del Toro<\/strong>, grande mattatore in questo finale di stagione nelle classiche italiane, delle quali ne ha vinte cinque sulle otto disputate. Il messicano della UAE Team Emirates XRG \u00e8 ormai tra i pi\u00f9 forti in salita e ha dimostrato di non aver paura ad attaccare, dunque potrebbe muoversi sulle pendenze pi\u00f9 impegnative dell\u2019ultima asperit\u00e0 di giornata per poi lanciarsi verso l\u2019arrivo. Come alternativa, la formazione emiratina pu\u00f2 contare su un <strong>Pavel Sivakov<\/strong> in ottima forma, che potrebbe anche attaccare pi\u00f9 da lontano o approfittare di un eventuale scenario tattico favorevole.<\/p>\n<p>Altro corridore da tenere d\u2019occhio quando la strada sale \u00e8 sicuramente<strong> Lenny Martinez<\/strong>, reduce da un bel terzo posto al Giro dell\u2019Emilia. Il francese della Bahrain Victorious si \u00e8 dimostrato abile non solo sulle grandi montagne ma anche nelle gare di un giorno, tanto da averne gi\u00e0 vinta una in Italia, il Trofeo Laigueglia 2024, e potrebbe dunque essere tra i protagonisti di giornata. Buone chances di brillare le ha anche il compagno di squadra <strong>Edoardo Zambanini<\/strong>, che dopo aver sfiorato la vittoria alla CRO Race va a caccia del primo successo tra i professionisti sulle strade piemontesi potendo contare sulla sua resistenza nei tracciati mossi e sul suo spunto veloce. Caratteristiche che lo accomunano anche ai compagni <strong>Matej Mohori\u010d<\/strong> e <strong>Fred Wright<\/strong>, per i quali per\u00f2 il percorso potrebbe risultare un po\u2019 troppo impegnativo, anche se non \u00e8 escluso che possano arrivare a giocarsi la vittoria in caso di una loro gran prestazione o di una corsa meno selettiva di quanto previsto.<\/p>\n<p>Va in cerca di un nuovo prestigioso successo, in una stagione fin qui di alto livello,<strong> Christian Scaroni<\/strong>, autore di una gran prova nella gara in linea degli Europei, dove ha chiuso al quarto posto a pochi secondi dal bronzo. Il 27enne della XDS Astana \u00e8 ormai stabilmente tra i primi nelle gare pi\u00f9 impegnative e punta a regalarsi un\u2019altra bella soddisfazione sulle strade piemontesi, dove sar\u00e0 affiancato da <strong>Alberto Bettiol<\/strong>, <strong>Simone Velasco<\/strong> e<strong> Diego Ulissi<\/strong>, tutti nomi che possono far bene su un tracciato come questo, in particolare il secondo. Chi in questa gara \u00e8 gi\u00e0 riuscito a lasciare il segno \u00e8 <strong>Andrea Bagioli<\/strong>, che si \u00e8 ben comportato ai recenti Mondiali di Kigali e che guider\u00e0 la Lidl-Trek con l\u2019obiettivo di tornare alla vittoria a due anni di distanza dall\u2019ultima, ottenuta proprio in questa corsa.<\/p>\n<p>Un anno fa, invece, qui si imponeva <strong>Neilson Powless<\/strong> (EF Education-EasyPost) e lo statunitense \u00e8 sicuramente tra i maggiori candidati alla vittoria, anche se potrebbe essere pi\u00f9 difficile replicare l\u2019impresa del 2024, quando attacc\u00f2 da lontano e vinse in solitaria. L\u2019ultima salita appare comunque adatta alle sue caratteristiche, cos\u00ec come a corridori quali <strong>Egan Bernal<\/strong> (Ineos Grenadiers),<strong> Ion Izagirre<\/strong> (Cofidis) e <strong>Tobias Halland Johannessen<\/strong> (Uno-X Mobility), messisi in evidenza nelle ultime gare, oltre ad atleti quali <strong>Louis Barr\u00e9<\/strong> (Intermarch\u00e9-Wanty), <strong>Quinten Hermans<\/strong> (Alpecin-Deceuninck), <strong>Carlos Canal<\/strong> (Movistar),<strong> Kevin Vermaerke<\/strong> (Team Picnic PostNL), <strong>Mathys Rondel<\/strong> (Tudor Pro Cycling Team) e <strong>Alex Aranburu<\/strong>, che in questo tipo di corse non possono mai essere sottovalutati, in particolare lo spagnolo della Cofidis, dotato anche di un ottimo spunto veloce con il quale potrebbe avere la meglio in un eventuale sprint molto ristretto.<\/p>\n<p>Da non sottovalutare saranno poi <strong>Fabio Christen<\/strong> (Q36.5 Pro Cycling Team), <strong>Ben O\u2019Connor<\/strong> e <strong>Eddie Dunbar<\/strong> (Team Jayco AlUla), <strong>Marc Hirschi<\/strong> e <strong>Marco Brenner<\/strong> (Tudor Pro Cycling Team), <strong>Maxim Van Gils<\/strong> e il giovanissimo <strong>Lorenzo Finn<\/strong> (Red Bull-Bora-hansgrohe), ma per un motivo o per un altro sar\u00e0 difficile per loro poter lottare per la vittoria o per un piazzamento nelle parti altissime dell\u2019ordine di arrivo. Nel novero delle seconde linee possiamo invece inserire uomini come <strong>Michal Kwiatkowski<\/strong> (Ineos Grenadiers), <strong>Lorenzo Milesi<\/strong> e <strong>Natnael Tesfazion<\/strong> (Movistar), <strong>Sylvain Moniquet<\/strong> (Cofidis), <strong>Andreas Leknessund<\/strong> e <strong>Johannes Kulset<\/strong> (Uno-X Mobility), che potrebbero soprattutto cercare di muoversi da lontano.<\/p>\n<p>Molto difficilmente la gara si risolver\u00e0 con una volata, ma in caso contrario attenzione a <strong>Michael Matthews<\/strong> (Team Jayco AlUla), <strong>Orluis Aular<\/strong> (Movistar), <strong>Tobias Lund Andresen<\/strong> (Team Picnic PostNL), <strong>Axel Laurance<\/strong> (Ineos Grenadiers) e <strong>Matteo Trentin<\/strong> (Tudor Pro Cycling Team) Per le Professional italiane, infine, potrebbero puntare a un buon risultato <strong>Ludovico Crescioli<\/strong> e <strong>Davide De Cassan<\/strong> (Team Polti VisitMalta), <strong>Matteo Fabbro<\/strong> (Solution Tech-Vini Fantini), <strong>Alessandro Pinarello<\/strong>, <strong>Matteo Scalco<\/strong> e<strong> Filippo Fiorelli<\/strong> (VF Group Bardiani-CSF Faizan\u00e8).<\/p>\n<p>Borsino dei Favoriti Gran Piemonte 2025<\/p>\n<p>***** Isaac Del Toro<br \/>**** Lenny Martinez, Christian Scaroni<br \/>*** Andrea Bagioli, Neilson Powless, Pavel Sivakov<br \/>** Louis Barr\u00e9, Egan Bernal, Ion Izagirre, Tobias Halland Johannessen<br \/>* Alex Aranburu, Carlos Canal, Quinten Hermans, Simone Velasco, Edoardo Zambanini<\/p>\n<p>Punti UCI Gran Piemonte 2025<\/p>\n<tr>\n<td align=\"CENTER\" height=\"18\"><strong>POSIZIONE<\/strong><strong>\u00a0<\/strong><\/td>\n<td><strong>PUNTI UCI<\/strong><\/td>\n<\/tr>\n<tr>\n<td align=\"RIGHT\" height=\"17\">1<\/td>\n<td align=\"RIGHT\">200<\/td>\n<\/tr>\n<tr>\n<td align=\"RIGHT\" height=\"17\">2<\/td>\n<td align=\"RIGHT\">150<\/td>\n<\/tr>\n<tr>\n<td align=\"RIGHT\" height=\"17\">3<\/td>\n<td align=\"RIGHT\">125<\/td>\n<\/tr>\n<tr>\n<td align=\"RIGHT\" height=\"17\">4<\/td>\n<td align=\"RIGHT\">100<\/td>\n<\/tr>\n<tr>\n<td align=\"RIGHT\" height=\"17\">5<\/td>\n<td align=\"RIGHT\">85<\/td>\n<\/tr>\n<tr>\n<td align=\"RIGHT\" height=\"17\">6<\/td>\n<td align=\"RIGHT\">70<\/td>\n<\/tr>\n<tr>\n<td align=\"RIGHT\" height=\"17\">7<\/td>\n<td align=\"RIGHT\">60<\/td>\n<\/tr>\n<tr>\n<td align=\"RIGHT\" height=\"17\">8<\/td>\n<td align=\"RIGHT\">50<\/td>\n<\/tr>\n<tr>\n<td align=\"RIGHT\" height=\"17\">9<\/td>\n<td align=\"RIGHT\">40<\/td>\n<\/tr>\n<tr>\n<td align=\"RIGHT\" height=\"17\">10<\/td>\n<td align=\"RIGHT\">35<\/td>\n<\/tr>\n<tr>\n<td align=\"RIGHT\" height=\"17\">11<\/td>\n<td align=\"RIGHT\">30<\/td>\n<\/tr>\n<tr>\n<td align=\"RIGHT\" height=\"17\">12<\/td>\n<td align=\"RIGHT\">25<\/td>\n<\/tr>\n<tr>\n<td align=\"RIGHT\" height=\"18\">13<\/td>\n<td align=\"RIGHT\">20<\/td>\n<\/tr>\n<tr>\n<td align=\"RIGHT\" height=\"17\">14<\/td>\n<td align=\"RIGHT\">15<\/td>\n<\/tr>\n<tr>\n<td align=\"RIGHT\" height=\"17\">15<\/td>\n<td align=\"RIGHT\">10<\/td>\n<\/tr>\n<tr>\n<td align=\"RIGHT\" height=\"17\">16-30<\/td>\n<td align=\"RIGHT\">5<\/td>\n<\/tr>\n<tr>\n<td align=\"RIGHT\" height=\"17\">31-40<\/td>\n<td align=\"RIGHT\">3<\/td>\n<\/tr>\n<p>Meteo Previsto Gran Piemonte 2025<\/p>\n<p>Per lo pi\u00f9 soleggiato. Possibilit\u00e0 di precipitazioni: 0%. Umidit\u00e0 relativa: 64%. Vento: direzione S fino a 6 km\/h. Temperatura prevista: minima 16\u00b0 C, massima 22\u00b0 C.<\/p>\n<p>Altimetria e Planimetria Gran Piemonte 2025<\/p>\n<p> \ufeff\ufeff<\/p>\n<p>Cronotabella Gran Piemonte 2025<\/p>\n<p>\u00a0<\/p>\n<p><a href=\"https:\/\/www.europesays.com\/it\/wp-content\/uploads\/2025\/10\/QYzrJVsm1DbjUK0UUeEJ_290925-093038.jpg\"><img loading=\"lazy\" decoding=\"async\" class=\"aligncenter\" src=\"https:\/\/www.europesays.com\/it\/wp-content\/uploads\/2025\/10\/QYzrJVsm1DbjUK0UUeEJ_290925-093038.jpg\" alt=\"\" width=\"852\" height=\"1205\"\/><\/a><\/p>\n","protected":false},"excerpt":{"rendered":"La serie di classiche autunnali italiane prosegue con il Gran Piemonte 2025. Giunta alla 109a edizione, la corsa&hellip;\n","protected":false},"author":3,"featured_media":153955,"comment_status":"","ping_status":"","sticky":false,"template":"","format":"standard","meta":{"footnotes":""},"categories":[1456],"tags":[1824,1825,89616,1537,90,89,245,244],"class_list":{"0":"post-153954","1":"post","2":"type-post","3":"status-publish","4":"format-standard","5":"has-post-thumbnail","7":"category-ciclismo","8":"tag-ciclismo","9":"tag-cycling","10":"tag-gran-piemonte-2025","11":"tag-it","12":"tag-italia","13":"tag-italy","14":"tag-sport","15":"tag-sports"},"share_on_mastodon":{"url":"","error":""},"_links":{"self":[{"href":"https:\/\/www.europesays.com\/it\/wp-json\/wp\/v2\/posts\/153954","targetHints":{"allow":["GET"]}}],"collection":[{"href":"https:\/\/www.europesays.com\/it\/wp-json\/wp\/v2\/posts"}],"about":[{"href":"https:\/\/www.europesays.com\/it\/wp-json\/wp\/v2\/types\/post"}],"author":[{"embeddable":true,"href":"https:\/\/www.europesays.com\/it\/wp-json\/wp\/v2\/users\/3"}],"replies":[{"embeddable":true,"href":"https:\/\/www.europesays.com\/it\/wp-json\/wp\/v2\/comments?post=153954"}],"version-history":[{"count":0,"href":"https:\/\/www.europesays.com\/it\/wp-json\/wp\/v2\/posts\/153954\/revisions"}],"wp:featuredmedia":[{"embeddable":true,"href":"https:\/\/www.europesays.com\/it\/wp-json\/wp\/v2\/media\/153955"}],"wp:attachment":[{"href":"https:\/\/www.europesays.com\/it\/wp-json\/wp\/v2\/media?parent=153954"}],"wp:term":[{"taxonomy":"category","embeddable":true,"href":"https:\/\/www.europesays.com\/it\/wp-json\/wp\/v2\/categories?post=153954"},{"taxonomy":"post_tag","embeddable":true,"href":"https:\/\/www.europesays.com\/it\/wp-json\/wp\/v2\/tags?post=153954"}],"curies":[{"name":"wp","href":"https:\/\/api.w.org\/{rel}","templated":true}]}}