{"id":153960,"date":"2025-10-08T19:41:12","date_gmt":"2025-10-08T19:41:12","guid":{"rendered":"https:\/\/www.europesays.com\/it\/153960\/"},"modified":"2025-10-08T19:41:12","modified_gmt":"2025-10-08T19:41:12","slug":"alena-seredova-per-giocare-con-i-miei-figli-quando-erano-piccoli-prendevo-lezioni-private-di-calcio","status":"publish","type":"post","link":"https:\/\/www.europesays.com\/it\/153960\/","title":{"rendered":"Alena Seredova: \u00abPer giocare con i miei figli, quando erano piccoli, prendevo lezioni private di calcio\u00bb"},"content":{"rendered":"<p class=\"has-dropcap\">Veder correre suo figlio in campo, con la maglia della Serie A, \u00e8 un\u2019emozione che Alena Seredova non dimenticher\u00e0 facilmente. La modella ceca ha condiviso la sua gioia e l\u2019entusiasmo sui social, con le storie Instagram: il <strong>debutto di Louis Thomas<\/strong> \u00e8 un momento che intreccia il presente dei suoi figli con i ricordi di un passato vissuto accanto a Gigi Buffon.<\/p>\n<p><strong>Alena arriva a Milano nel 2001, appena ventiquattrenne<\/strong>, e si fa notare in tv con Giorgio Panariello nello show Rai Torno Sabato. Il calcio, invece, entra nella sua vita poco dopo, tifando Pavel Nedved e scegliendo la Juventus come squadra del cuore. Su come ha vissuto i primi contatti con il mondo dei giocatori, parlando con La Gazzetta dello Sport, confessa: \u00abSoprattutto nei primi anni <strong>ho trovato degli amici veri nel calcio<\/strong>. Alcune di queste amicizie rimangono forti ancora adesso\u00bb.<\/p>\n<p>L\u2019<a href=\"https:\/\/www.vanityfair.it\/article\/alena-seredova-gigi-buffon-intervista\" target=\"_blank\" rel=\"nofollow noopener\">amore per Gianluigi Buffon<\/a> \u00e8 arrivato pi\u00f9 tardi, insieme ai due figli. Oggi entrambi hanno nuove famiglie (Buffon con <a href=\"https:\/\/www.vanityfair.it\/topic\/ilaria-damico\" rel=\"nofollow noopener\" target=\"_blank\"><strong>Ilaria D\u2019Amico<\/strong><\/a>, Alena con Alessandro Nasi) ma i ricordi di quel periodo restano indelebili. Il pi\u00f9 bello? \u00ab<strong>Il trionfo Mondiale dell\u2019Italia 2006 \u00e8 stata una avventura fantastica.<\/strong> L&#8217;ho vissuta con la mia amica Valentina (Zambrotta), insieme abbiamo girato mezza Germania. Ovvio che il figlio \u00e8 il figlio e la vivi ancora di pi\u00f9\u00bb, spiega, riferendosi al debutto di Louis Thomas. \u00ab<strong>Mi dispiace per il risultato, ma a casa nostra abbiamo vissuto una grande emozione.<\/strong> Siamo molto fieri di Lollo\u00bb.<\/p>\n<p>La sua pi\u00f9 grande felicit\u00e0 \u00e8 vedere i suoi figli fare \u00abogni cosa seguendo il cuore. <strong>I due grandi sono cresciuti nel mondo del calcio e un po&#8217; alla vecchia maniera<\/strong>: sempre con il pallone tra i piedi, anche in aereo&#8230; Louis Thomas gioca nel Pisa, David Lee nel Cbs, una societ\u00e0 di Torino affiliata alla Juventus. Sono entrambi attaccanti e crescendo si sono allenati tanto con la mamma\u00bb.<\/p>\n<p>S\u00ec, perch\u00e9 per sostenere i ragazzi, Alena Seredova non si \u00e8 tirata indietro: \u00abDa piccoli volevano giocare sempre a calcio e <strong>per stargli dietro ho deciso di prendere delle lezioni private con l\u2019istruttrice Claudia<\/strong>, che in quel periodo allenava anche uno dei miei figli. Volevo stupirli e imparare a palleggiare meglio di loro. <strong>Devo ammettere che non \u00e8 il mio sport, l&#8217;ho capito in fretta<\/strong>\u00bb.<\/p>\n<p>Oggi \u00e8 sposata con <a href=\"https:\/\/www.vanityfair.it\/article\/alena-seredova-prime-foto-social-matrimonio-alessandro-nasi\" rel=\"nofollow noopener\" target=\"_blank\">Alessandro Nasi<\/a> e madre di Vivienne Charlotte, e riflette sulle differenze tra essere stata moglie di un campione del mondo e moglie di un imprenditore: \u00abParliamo di persone molto impegnate professionalmente. Nel primo caso \u00e8 il calendario delle partite a dettare l\u2019agenda e ti devi adeguare. Anche Alessandro ha molti impegni, ma siamo bravi a organizzarci\u00bb.<\/p>\n","protected":false},"excerpt":{"rendered":"Veder correre suo figlio in campo, con la maglia della Serie A, \u00e8 un\u2019emozione che Alena Seredova non&hellip;\n","protected":false},"author":3,"featured_media":153961,"comment_status":"","ping_status":"","sticky":false,"template":"","format":"standard","meta":{"footnotes":""},"categories":[1451],"tags":[33296,1621,1620,203,204,1537,90,89],"class_list":{"0":"post-153960","1":"post","2":"type-post","3":"status-publish","4":"format-standard","5":"has-post-thumbnail","7":"category-celebrita","8":"tag-alena-seredova","9":"tag-celebrita","10":"tag-celebrities","11":"tag-entertainment","12":"tag-intrattenimento","13":"tag-it","14":"tag-italia","15":"tag-italy"},"share_on_mastodon":{"url":"","error":""},"_links":{"self":[{"href":"https:\/\/www.europesays.com\/it\/wp-json\/wp\/v2\/posts\/153960","targetHints":{"allow":["GET"]}}],"collection":[{"href":"https:\/\/www.europesays.com\/it\/wp-json\/wp\/v2\/posts"}],"about":[{"href":"https:\/\/www.europesays.com\/it\/wp-json\/wp\/v2\/types\/post"}],"author":[{"embeddable":true,"href":"https:\/\/www.europesays.com\/it\/wp-json\/wp\/v2\/users\/3"}],"replies":[{"embeddable":true,"href":"https:\/\/www.europesays.com\/it\/wp-json\/wp\/v2\/comments?post=153960"}],"version-history":[{"count":0,"href":"https:\/\/www.europesays.com\/it\/wp-json\/wp\/v2\/posts\/153960\/revisions"}],"wp:featuredmedia":[{"embeddable":true,"href":"https:\/\/www.europesays.com\/it\/wp-json\/wp\/v2\/media\/153961"}],"wp:attachment":[{"href":"https:\/\/www.europesays.com\/it\/wp-json\/wp\/v2\/media?parent=153960"}],"wp:term":[{"taxonomy":"category","embeddable":true,"href":"https:\/\/www.europesays.com\/it\/wp-json\/wp\/v2\/categories?post=153960"},{"taxonomy":"post_tag","embeddable":true,"href":"https:\/\/www.europesays.com\/it\/wp-json\/wp\/v2\/tags?post=153960"}],"curies":[{"name":"wp","href":"https:\/\/api.w.org\/{rel}","templated":true}]}}