{"id":153964,"date":"2025-10-08T19:44:10","date_gmt":"2025-10-08T19:44:10","guid":{"rendered":"https:\/\/www.europesays.com\/it\/153964\/"},"modified":"2025-10-08T19:44:10","modified_gmt":"2025-10-08T19:44:10","slug":"barbara-durso-a-ballando-a-pochi-passi-da-belen-poi-la-confessione-arrabbiata","status":"publish","type":"post","link":"https:\/\/www.europesays.com\/it\/153964\/","title":{"rendered":"Barbara D&#8217;Urso a Ballando, a pochi passi da Belen. Poi la confessione: &#8220;Arrabbiata&#8221;"},"content":{"rendered":"<p><strong>Barbara D\u2019Urso<\/strong> e <strong>Belen Rodriguez<\/strong> pericolosamente vicine a <strong>Ballando con le Stelle<\/strong>. Proprio loro che da anni non hanno un buon rapporto e anche dietro le quinte del programma Rai il gelo non si \u00e8 di certo sciolto. Entrambe decise a fare bene in pista, entrambe arrabbiate per quei passi sbagliati. Ma andiamo con ordine.\n<\/p>\n<p>Barbara D\u2019Urso e Belen pericolosamente vicine a Ballando con le Stelle<\/p>\n<p>Su RaiPlay \u00e8 stata condivisa la nuova puntata di <strong>Ballando Segreto,<\/strong> lo spin off di Ballando con le Stelle che mostra retroscena e dichiarazioni inedite sul dancing show di <a href=\"https:\/\/dilei.it\/star-e-vip\/milly-carlucci\/\" data-doctype=\"\" rel=\"nofollow noopener\" target=\"_blank\">Milly Carlucci<\/a>.<\/p>\n<p>Durante la chiacchierata con <a href=\"https:\/\/dilei.it\/star-e-vip\/barbara-durso\/\" data-doctype=\"\" rel=\"nofollow noopener\" target=\"_blank\">Barbara D\u2019Urso<\/a>, grande protagonista di questa edizione, sono state mostrate alcune immagini della conduttrice che <strong>provava nei corridoi<\/strong> prima di entrare in scena.<\/p>\n<p>Ma pochi metri pi\u00f9 in l\u00e0 c\u2019era <a href=\"https:\/\/dilei.it\/star-e-vip\/belen-rodriguez\/\" data-doctype=\"\" rel=\"nofollow noopener\" target=\"_blank\">Belen Rodriguez<\/a>, ospite della seconda puntata del variet\u00e0 di Rai 1. Le due hanno infatti <strong>ballato a distanza ravvicinata<\/strong>. Prima di scendere in pista si sono trovate praticamente nello stesso spazio.<\/p>\n<p>Nel filmato non si vedono momenti di interazione tra Barbara e Belen:<strong> solo sguardi concentrati e seri,<\/strong> tutte e due impegnate a riprovare la coreografia con i rispettivi ballerini. E dopo la performance la D\u2019Urso e la Rodriguez si sono arrabbiate con se stesse per dei passi sbagliati.<\/p>\n<p>Del resto sono delle professioniste. Per\u00f2<strong> le vecchie ruggini non sono state ancora archiviate<\/strong>. Barbarella e l\u2019argentina non hanno mai avuto buon feeling e la Rodriguez in passato non ha esitato a mandare a quel paese la napoletana. Stando a quanto raccontato una volta da Belen i contrasti con Barbara risalgono a <strong>quando lei era fidanzata con Fabrizio Corona.<\/strong><\/p>\n<p>Ha poi spiegato: \u201cL\u2019ho mandata a quel paese a Le Iene perch\u00e9 era un modo per proteggere una persona a me cara. La reazione non \u00e8 stata forse delle pi\u00f9 gradite ma io non ho nulla contro di lei (\u2026) Non apprezzo i suoi programmi ma li rispetto, lei \u00e8 comunque una grandissima professionista che fa il suo lavoro. Il suo ruolo lo copre alla perfezione\u201d.<\/p>\n<p>Mai nessuna dichiarazione da parte di Barbara sull\u2019argomento. Resta solo quella pi\u00f9 iconica: <strong>\u201cFaccio il 22% di share anche senza i Rodriguez\u201d<\/strong>, pronunciata dopo che Jeremias e Cecilia, fratelli di Belen, si sono rifiutati di andare nelle trasmissioni della d\u2019Urso per parlare del successo del Grande Fratello Vip.<\/p>\n<p>Perch\u00e9 Barbara D\u2019Urso si \u00e8 arrabbiata a Ballando con le Stelle<\/p>\n<p>Curiosamente, sia Barbara D\u2019Urso sia Belen Rodriguez hanno ammesso di essersi arrabbiate con se stesse dopo la performance a Ballando con le Stelle. <strong>Entrambe professioniste e perfezioniste,<\/strong> non hanno apprezzato il fatto di aver sbagliato in diretta. <a href=\"https:\/\/dilei.it\/spettacolo\/la-volta-buona-pagelle-6-ottobre-2025\/1877761\/\" data-doctype=\"\" rel=\"nofollow noopener\" target=\"_blank\">Belen lo ha confessato a <\/a>La Volta Buona, mentre Carmelita a Ballando Segreto.<\/p>\n<p>\u201cIl pezzo era difficilissimo, quando sono tornata a casa ero molto arrabbiata con me stessa perch\u00e9 <strong>ho sbagliato un passo<\/strong>. Non esiste, non si sbaglia un passo. \u2013 ha fatto sapere con fermezza la 68enne \u2013 Perch\u00e9 abbiamo lavorato tantissimo. L\u2019ho sempre fatto bene e poi li l\u2019ho sbagliato, mi sono arrabbiata moltissimo\u201d.<\/p>\n<p>A rincuorarla il suo insegnante di danza <strong>Pasquale La Rocca<\/strong>: \u201cLa cosa positiva \u00e8 che lei ha continuato, \u00e8 andata avanti pur sbagliando. Altri avrebbero dimenticato il resto della coreografia. Lei sta facendo robe difficili ma sta lanciando un messaggio importante alle donne l\u00e0 fuori, dimostrando cosa si pu\u00f2 ancora fare alla sua et\u00e0\u201d.<\/p>\n<p>Infine Barbara ha confidato: \u201cHo<strong> una rabbia dentro<\/strong>, gli ultimi due anni mi sono capitate cose molto forti. E ora ho un fuoco dentro, una rabbia da esternare\u201d.<\/p>\n<p>Una grinta, aggiungiamo noi, che <a href=\"https:\/\/dilei.it\/spettacolo\/barbara-durso-batte-tu-si-que-vales-e-si-parla-di-rapporto-speciale-con-pasquale-la-rocca\/1877846\/\" data-doctype=\"\" rel=\"nofollow noopener\" target=\"_blank\">sta emergendo sempre pi\u00f9 a Ballando con le Stelle<\/a> e che hanno gi\u00e0 reso la D\u2019Urso una delle concorrenti pi\u00f9 amate e applaudite di questa edizione.<\/p>\n","protected":false},"excerpt":{"rendered":"Barbara D\u2019Urso e Belen Rodriguez pericolosamente vicine a Ballando con le Stelle. Proprio loro che da anni non&hellip;\n","protected":false},"author":3,"featured_media":153965,"comment_status":"","ping_status":"","sticky":false,"template":"","format":"standard","meta":{"footnotes":""},"categories":[1444],"tags":[16556,6269,1764,203,2799,204,1537,90,89,214,253],"class_list":{"0":"post-153964","1":"post","2":"type-post","3":"status-publish","4":"format-standard","5":"has-post-thumbnail","7":"category-tv","8":"tag-ballando-con-le-stelle","9":"tag-barbara-durso","10":"tag-belen-rodriguez","11":"tag-entertainment","12":"tag-gossip","13":"tag-intrattenimento","14":"tag-it","15":"tag-italia","16":"tag-italy","17":"tag-spettacolo","18":"tag-tv"},"share_on_mastodon":{"url":"","error":""},"_links":{"self":[{"href":"https:\/\/www.europesays.com\/it\/wp-json\/wp\/v2\/posts\/153964","targetHints":{"allow":["GET"]}}],"collection":[{"href":"https:\/\/www.europesays.com\/it\/wp-json\/wp\/v2\/posts"}],"about":[{"href":"https:\/\/www.europesays.com\/it\/wp-json\/wp\/v2\/types\/post"}],"author":[{"embeddable":true,"href":"https:\/\/www.europesays.com\/it\/wp-json\/wp\/v2\/users\/3"}],"replies":[{"embeddable":true,"href":"https:\/\/www.europesays.com\/it\/wp-json\/wp\/v2\/comments?post=153964"}],"version-history":[{"count":0,"href":"https:\/\/www.europesays.com\/it\/wp-json\/wp\/v2\/posts\/153964\/revisions"}],"wp:featuredmedia":[{"embeddable":true,"href":"https:\/\/www.europesays.com\/it\/wp-json\/wp\/v2\/media\/153965"}],"wp:attachment":[{"href":"https:\/\/www.europesays.com\/it\/wp-json\/wp\/v2\/media?parent=153964"}],"wp:term":[{"taxonomy":"category","embeddable":true,"href":"https:\/\/www.europesays.com\/it\/wp-json\/wp\/v2\/categories?post=153964"},{"taxonomy":"post_tag","embeddable":true,"href":"https:\/\/www.europesays.com\/it\/wp-json\/wp\/v2\/tags?post=153964"}],"curies":[{"name":"wp","href":"https:\/\/api.w.org\/{rel}","templated":true}]}}