{"id":153970,"date":"2025-10-08T19:47:09","date_gmt":"2025-10-08T19:47:09","guid":{"rendered":"https:\/\/www.europesays.com\/it\/153970\/"},"modified":"2025-10-08T19:47:09","modified_gmt":"2025-10-08T19:47:09","slug":"inter-slitta-il-rientro-di-lautaro-la-gestione-dellattacco-verso-la-roma-pio-esposito-e-bonny-dal-1","status":"publish","type":"post","link":"https:\/\/www.europesays.com\/it\/153970\/","title":{"rendered":"Inter, slitta il rientro di Lautaro: la gestione dell&#8217;attacco verso la Roma. Pio Esposito e Bonny dal 1&#8242;?"},"content":{"rendered":"<p>Rinviata di un giorno la partita tra Argentina e Porto Rico, il capitano nerazzurro rientrer\u00e0 pi\u00f9 tardi del previsto <\/p>\n<p>Dall\u2019Argentina non arrivano ottime notizie per l\u2019Inter:<strong> la partita tra l\u2019Albiceleste e il Porto Rico, inizialmente prevista per luned\u00ec 13 a Chicago, \u00e8 stata spostata a marted\u00ec 14 a Miami per motivi di sicurezza. Questa variante comporter\u00e0 che il capitano nerazzurro, Lautaro Martinez, rientrer\u00e0 in Italia con un giorno di ritardo rispetto ai programmi iniziali e immediatamente a ridosso della trasferta di sabato 18 ottobre a Roma.<\/strong> \u00c8 evidente che a questo punto si apre un tema su quella che dovr\u00e0 essere la gestione del calciatore argentino nei prossimi giorni.\u00a0<\/p>\n<p><\/p>\n","protected":false},"excerpt":{"rendered":"Rinviata di un giorno la partita tra Argentina e Porto Rico, il capitano nerazzurro rientrer\u00e0 pi\u00f9 tardi del&hellip;\n","protected":false},"author":3,"featured_media":153971,"comment_status":"","ping_status":"","sticky":false,"template":"","format":"standard","meta":{"footnotes":""},"categories":[176],"tags":[95267,93615,350,1537,90,89,11434,251,245,244],"class_list":{"0":"post-153970","1":"post","2":"type-post","3":"status-publish","4":"format-standard","5":"has-post-thumbnail","7":"category-sport","8":"tag-a-bonny","9":"tag-f-esposito","10":"tag-inter","11":"tag-it","12":"tag-italia","13":"tag-italy","14":"tag-l-martinez","15":"tag-serie-a","16":"tag-sport","17":"tag-sports"},"share_on_mastodon":{"url":"","error":""},"_links":{"self":[{"href":"https:\/\/www.europesays.com\/it\/wp-json\/wp\/v2\/posts\/153970","targetHints":{"allow":["GET"]}}],"collection":[{"href":"https:\/\/www.europesays.com\/it\/wp-json\/wp\/v2\/posts"}],"about":[{"href":"https:\/\/www.europesays.com\/it\/wp-json\/wp\/v2\/types\/post"}],"author":[{"embeddable":true,"href":"https:\/\/www.europesays.com\/it\/wp-json\/wp\/v2\/users\/3"}],"replies":[{"embeddable":true,"href":"https:\/\/www.europesays.com\/it\/wp-json\/wp\/v2\/comments?post=153970"}],"version-history":[{"count":0,"href":"https:\/\/www.europesays.com\/it\/wp-json\/wp\/v2\/posts\/153970\/revisions"}],"wp:featuredmedia":[{"embeddable":true,"href":"https:\/\/www.europesays.com\/it\/wp-json\/wp\/v2\/media\/153971"}],"wp:attachment":[{"href":"https:\/\/www.europesays.com\/it\/wp-json\/wp\/v2\/media?parent=153970"}],"wp:term":[{"taxonomy":"category","embeddable":true,"href":"https:\/\/www.europesays.com\/it\/wp-json\/wp\/v2\/categories?post=153970"},{"taxonomy":"post_tag","embeddable":true,"href":"https:\/\/www.europesays.com\/it\/wp-json\/wp\/v2\/tags?post=153970"}],"curies":[{"name":"wp","href":"https:\/\/api.w.org\/{rel}","templated":true}]}}