{"id":154001,"date":"2025-10-08T20:09:10","date_gmt":"2025-10-08T20:09:10","guid":{"rendered":"https:\/\/www.europesays.com\/it\/154001\/"},"modified":"2025-10-08T20:09:10","modified_gmt":"2025-10-08T20:09:10","slug":"uno-sguardo-sulla-mente-lo-scatto-vincitore-del-festival-romens-valori-condivisi","status":"publish","type":"post","link":"https:\/\/www.europesays.com\/it\/154001\/","title":{"rendered":"Uno sguardo sulla mente, lo scatto vincitore del festival RoMens &#8211; Valori Condivisi"},"content":{"rendered":"<p>Gli occhi contemporaneamente &#8220;aperti&#8221; e &#8220;chiusi&#8221;. E uno sguardo che \u00e8 diretto verso un esterno apparente, ma si riflette in una vertigine interiore. \u00c8 lo scatto vincitore del concorso Fotograf@Mens. Il premio \u00e8 stato consegnato al Campidoglio da Pino Strabioli, in occasione della IV edizione del Festival della Salute Mentale Ro.Mens per l&#8217;inclusione sociale contro il pregiudizio. <\/p>\n<p>La foto dell&#8217;architetto pugliese Michele Coccioli, dal titolo &#8216;Infinito Eterno Istante #1&#8217;, descrive &#8220;un&#8217;atmosfera onirica dove i pensieri, lo stato d&#8217;animo e l&#8217;identit\u00e0 sono al centro dell&#8217;immagine. Il messaggio \u00e8 che sentimenti come dolore, solitudine, ansia, rabbia, malinconia, nostalgia, depressione, gioia o felicit\u00e0 accompagnano da sempre la vita dell&#8217;uomo. E anche la follia rientra tra questi, \u00e8 una dimensione umana&#8221;. <\/p>\n<p>La canzone &#8220;Il mio disordine perfetto&#8221;, della cantautrice laziale Mariella Cesaroni, in arte Jmii, ha vinto invece il premio Music@Mens. Il brano, una ballad R&amp;B urban soft, affronta il tema della solitudine emotiva e nasce da un&#8217;esperienza personale legata alla neurodivergenza. Si ispira, in particolare, alla alexitimia: una condizione spesso silenziosa che rende difficile riconoscere, nominare ed esprimere le emozioni, pur sentendole in modo intenso e profondo. &#8220;Oggi &#8211; spiega Jmii &#8211; \u00e8 molto diffusa tra i giovani. La canzone racconta il viaggio interiore di chi si sente fuori posto, difettoso, ma sceglie di accogliere quel caos come parte della propria identit\u00e0. Comprendendo che non \u00e8 sbagliato, ma semplicemente umano&#8221;. <\/p>\n<p>Resta invece aperta fino a domenica 12 ottobre l&#8217;esposizione fotografica &#8220;La salute mentale, oggi&#8221;, presso la Galleria Nazionale d&#8217;Arte Moderna e Contemporanea. Con la direzione artistica di Francesco Zizola, potr\u00e0 essere visitata anche venerd\u00ec 10 ottobre in occasione della Giornata mondiale della Salute mentale.<\/p>\n<p class=\"article-copyright\">\n<p>Riproduzione riservata \u00a9 Copyright ANSA<\/p>\n","protected":false},"excerpt":{"rendered":"Gli occhi contemporaneamente &#8220;aperti&#8221; e &#8220;chiusi&#8221;. E uno sguardo che \u00e8 diretto verso un esterno apparente, ma si&hellip;\n","protected":false},"author":3,"featured_media":154002,"comment_status":"","ping_status":"","sticky":false,"template":"","format":"standard","meta":{"footnotes":""},"categories":[1446],"tags":[1615,1613,1614,1611,1610,8115,1612,203,4631,7808,204,1537,90,89,95281,3205,893,776,240,21876,13289,21318,14862],"class_list":{"0":"post-154001","1":"post","2":"type-post","3":"status-publish","4":"format-standard","5":"has-post-thumbnail","7":"category-arte-e-design","8":"tag-arte","9":"tag-arte-e-design","10":"tag-arteedesign","11":"tag-arts","12":"tag-arts-and-design","13":"tag-canzone","14":"tag-design","15":"tag-entertainment","16":"tag-festival","17":"tag-identita","18":"tag-intrattenimento","19":"tag-it","20":"tag-italia","21":"tag-italy","22":"tag-jmii","23":"tag-occasione","24":"tag-ottobre","25":"tag-premio","26":"tag-salute","27":"tag-scatto","28":"tag-sguardo","29":"tag-solitudine","30":"tag-vincitore"},"share_on_mastodon":{"url":"","error":""},"_links":{"self":[{"href":"https:\/\/www.europesays.com\/it\/wp-json\/wp\/v2\/posts\/154001","targetHints":{"allow":["GET"]}}],"collection":[{"href":"https:\/\/www.europesays.com\/it\/wp-json\/wp\/v2\/posts"}],"about":[{"href":"https:\/\/www.europesays.com\/it\/wp-json\/wp\/v2\/types\/post"}],"author":[{"embeddable":true,"href":"https:\/\/www.europesays.com\/it\/wp-json\/wp\/v2\/users\/3"}],"replies":[{"embeddable":true,"href":"https:\/\/www.europesays.com\/it\/wp-json\/wp\/v2\/comments?post=154001"}],"version-history":[{"count":0,"href":"https:\/\/www.europesays.com\/it\/wp-json\/wp\/v2\/posts\/154001\/revisions"}],"wp:featuredmedia":[{"embeddable":true,"href":"https:\/\/www.europesays.com\/it\/wp-json\/wp\/v2\/media\/154002"}],"wp:attachment":[{"href":"https:\/\/www.europesays.com\/it\/wp-json\/wp\/v2\/media?parent=154001"}],"wp:term":[{"taxonomy":"category","embeddable":true,"href":"https:\/\/www.europesays.com\/it\/wp-json\/wp\/v2\/categories?post=154001"},{"taxonomy":"post_tag","embeddable":true,"href":"https:\/\/www.europesays.com\/it\/wp-json\/wp\/v2\/tags?post=154001"}],"curies":[{"name":"wp","href":"https:\/\/api.w.org\/{rel}","templated":true}]}}