{"id":154062,"date":"2025-10-08T20:45:11","date_gmt":"2025-10-08T20:45:11","guid":{"rendered":"https:\/\/www.europesays.com\/it\/154062\/"},"modified":"2025-10-08T20:45:11","modified_gmt":"2025-10-08T20:45:11","slug":"incentivi-auto-2025-anche-la-nuova-citroen-ec3-a-un-prezzo-mai-visto","status":"publish","type":"post","link":"https:\/\/www.europesays.com\/it\/154062\/","title":{"rendered":"Incentivi auto 2025, anche la nuova Citro\u00ebn \u00ebC3 a un prezzo mai visto"},"content":{"rendered":"<p>Sfruttando i nuovi incentivi attivi in Italia sull\u2019elettrico, Citro\u00ebn ha deciso di dare vita ad una promozione davvero allettante, che prevede un prezzo di lancio mai visto prima su uno dei suoi modelli pi\u00f9 amati in assoluto. Stiamo parlando naturalmente della Citro\u00ebn \u00ebC3, la variante a batteria di una delle auto pi\u00f9 vendute nel nostro Paese. Nello specifico, <strong>per questa versione, si parte dal prezzo di 8.900 euro<\/strong>.<\/p>\n<p>Questa cifra \u00e8 la risultante finale <strong>dell\u2019unione tra gli incentivi statali e un piano promozionale<\/strong> studiato dalla Casa francese per la nuova <a href=\"https:\/\/www.virgilio.it\/motori\/auto\/video\/citroen-e-c3-comfort-senza-pari-per-una-guida-elettrica-e-innovativa\/240991\/\" rel=\"nofollow noopener\" target=\"_blank\">Citro\u00ebn \u00ebC3<\/a> 100% elettrica. Quest\u2019auto monta un motore da 113 CV e una batteria LFP da 44 kWh. La versione base, quella da 8.900 euro per intenderci, \u00e8 la YOU. Si tratta di un prezzo mai visto prima per una vettura elettrica prodotta in Europa. Sono 5 posti comodi racchiusi in 4 metri con un\u2019autonomia che arriva sino a 440 km in ambito urbano.<\/p>\n<p>La tecnologia di ricarica rapida permette a questa <strong>Citro\u00ebn \u00ebC3 di raggiungere l\u201980% della carica in appena 26 minuti<\/strong>. Tale modello \u00e8 offerto in tre diversi allestimenti, oltre a quello YOU di cui abbiamo segnalato il prezzo poco sopra, troviamo anche: il PLUS a partire da 9.900 euro e il MAX a partire da 10.900 euro.\n<\/p>\n<p>Listino prezzi della versione Aircross<\/p>\n<p>Citro\u00ebn per\u00f2 non si ferma qui ed offre anche la versione Aircross del medesimo modello ad un prezzo davvero vantaggioso. Stiamo parlando di un\u2019auto che riesce ad ospitare sino a 7 passeggeri in appena 4,39 metri. Il Nuovo SUV C3 Aircross, che arriva da un settembre trionfale, dove ha raddoppiato i propri volumi di vendita rispetto all\u2019anno scorso, viene <strong>proposto nella sua versione 100% elettrica ad un prezzo di 11.900 euro<\/strong> con l\u2019allestimento base YOU o PLUS. In alternativa c\u2019\u00e8 anche l\u2019allestimento MAX a 12.900 euro.<\/p>\n<p>A tutto ci\u00f2 <a href=\"https:\/\/www.virgilio.it\/motori\/listino\/citroen\/\" rel=\"nofollow noopener\" target=\"_blank\">Citro\u00ebn<\/a> ha unito anche il programma \u201cCitro\u00ebn We Care\u201d, che <strong>prevede 8 anni o sino a 160.000 km di garanzia<\/strong>. Ogni manutenzione ordinaria, che viene effettuata presso uno dei centri autorizzati Citro\u00ebn, prolunga automaticamente la copertura sino all\u2019intervallo successivo di manutenzione. Questo permette ai clienti della Casa francese di viversi la propria auto in tutta tranquillit\u00e0. L\u2019obiettivo dichiarato del marchio appartenente a Stellantis \u00e8 quello di rendere l\u2019elettrico sempre pi\u00f9 popolare e accessibile a tutti.<\/p>\n<p>A chi spettano gli incentivi?<\/p>\n<p>A tal proposito una funzione fondamentale la svolgono i nuovi incentivi statali, che naturalmente non sono disponibili per tutti. <strong>Questi si rivolgono a privati, categoria M1<\/strong>, con ISEE non superiore a 30.000 euro, per queste persone sono previsti sino ad 11.000 euro di bonus. Coloro che invece hanno un ISEE che si configura in una fascia che va da 30.001 euro a 40.000 euro, il bonus arriva a 9.000 euro.<\/p>\n<p>Inoltre<strong> il bonus \u00e8 rivolto anche alle microimprese<\/strong>, per i veicoli commerciali elettrici di categoria N1\/N2, con un incentivo sino al 30% del prezzo di acquisto, sino ad un massimo di 20.000 euro per veicolo. Tra i requisiti fondamentali che inoltre si richiedono c\u2019\u00e8 quello di avere residenza o sede legale in aree urbane funzionali (FUA), l\u2019obbligo di rottamare un veicolo con motore termico sino ad Euro 5 posseduto da almeno 6 mesi e l\u2019acquisto di una vettura elettrica di categoria M1 (sino ad 8 posti), con un prezzo di listino uguale o inferiore ai 35.000 euro IVA esclusa.<\/p>\n","protected":false},"excerpt":{"rendered":"Sfruttando i nuovi incentivi attivi in Italia sull\u2019elettrico, Citro\u00ebn ha deciso di dare vita ad una promozione davvero&hellip;\n","protected":false},"author":3,"featured_media":154063,"comment_status":"","ping_status":"","sticky":false,"template":"","format":"standard","meta":{"footnotes":""},"categories":[172],"tags":[178,181,36441,177,20693,21512,1537,90,89,32549,73689],"class_list":{"0":"post-154062","1":"post","2":"type-post","3":"status-publish","4":"format-standard","5":"has-post-thumbnail","7":"category-affari","8":"tag-affari","9":"tag-auto-elettriche","10":"tag-batterie-auto","11":"tag-business","12":"tag-citroen","13":"tag-incentivi","14":"tag-it","15":"tag-italia","16":"tag-italy","17":"tag-manutenzione-auto","18":"tag-prezzi-auto"},"share_on_mastodon":{"url":"","error":""},"_links":{"self":[{"href":"https:\/\/www.europesays.com\/it\/wp-json\/wp\/v2\/posts\/154062","targetHints":{"allow":["GET"]}}],"collection":[{"href":"https:\/\/www.europesays.com\/it\/wp-json\/wp\/v2\/posts"}],"about":[{"href":"https:\/\/www.europesays.com\/it\/wp-json\/wp\/v2\/types\/post"}],"author":[{"embeddable":true,"href":"https:\/\/www.europesays.com\/it\/wp-json\/wp\/v2\/users\/3"}],"replies":[{"embeddable":true,"href":"https:\/\/www.europesays.com\/it\/wp-json\/wp\/v2\/comments?post=154062"}],"version-history":[{"count":0,"href":"https:\/\/www.europesays.com\/it\/wp-json\/wp\/v2\/posts\/154062\/revisions"}],"wp:featuredmedia":[{"embeddable":true,"href":"https:\/\/www.europesays.com\/it\/wp-json\/wp\/v2\/media\/154063"}],"wp:attachment":[{"href":"https:\/\/www.europesays.com\/it\/wp-json\/wp\/v2\/media?parent=154062"}],"wp:term":[{"taxonomy":"category","embeddable":true,"href":"https:\/\/www.europesays.com\/it\/wp-json\/wp\/v2\/categories?post=154062"},{"taxonomy":"post_tag","embeddable":true,"href":"https:\/\/www.europesays.com\/it\/wp-json\/wp\/v2\/tags?post=154062"}],"curies":[{"name":"wp","href":"https:\/\/api.w.org\/{rel}","templated":true}]}}