{"id":154068,"date":"2025-10-08T20:48:10","date_gmt":"2025-10-08T20:48:10","guid":{"rendered":"https:\/\/www.europesays.com\/it\/154068\/"},"modified":"2025-10-08T20:48:10","modified_gmt":"2025-10-08T20:48:10","slug":"per-me-e-lonore-piu-grande","status":"publish","type":"post","link":"https:\/\/www.europesays.com\/it\/154068\/","title":{"rendered":"\u00abPer me \u00e8 l\u2019onore pi\u00f9 grande\u00bb"},"content":{"rendered":"<p><a href=\"https:\/\/www.ilgazzettino.it\/t\/veneto\" rel=\"nofollow noopener\" target=\"_blank\">VENETO<\/a> &#8211; Ora \u00e8 ufficiale e ad annunciarlo \u00e8 stato lui stesso sui suoi canali social: <a href=\"https:\/\/www.ilgazzettino.it\/t\/alberto-stefani\" rel=\"nofollow noopener\" target=\"_blank\">Alberto Stefani<\/a> \u00e8 il <a href=\"https:\/\/www.ilgazzettino.it\/t\/candidato\" rel=\"nofollow noopener\" target=\"_blank\">candidato<\/a> per il centrodestra alle prossime <a href=\"https:\/\/www.ilgazzettino.it\/t\/elezioni-regionali\" rel=\"nofollow noopener\" target=\"_blank\">elezioni regionali<\/a> in Veneto.<\/p>\n<p>  L&#8217;annuncio <\/p>\n<p>Il centrodestra ha dunque trovato un&#8217;intesa sulle ultime caselle mancanti per le regionali, ovvero Puglia, Campania e Veneto. La decisione \u00e8 emersa durante il vertice tra i leader della maggioranza tenutosi oggi a palazzo Chigi, convocato per discutere della manovra economica. Le scelte sono cadute sul viceministro agli Affari esteri e coordinatore dell&#8217;Esecutivo di Fratelli d&#8217;Italia Edmondo Cirielli in Campania, sull&#8217;imprenditore ed ex presidente della Fiera del levante Luigi Lobuono in Puglia e sul vicesegretario federale e deputato della Lega Alberto Stefani in Veneto. Lo stesso Stefani sui social lo ha confermato: \u00abPer me \u00e8 l\u2019onore pi\u00f9 grande. \u00c8 il nostro momento. Il 23 e 24 novembre voteremo per eleggere il presidente di tutti i veneti. La coalizione di centrodestra, che ringrazio, pu\u00f2 contare su una squadra forte, composta da tanti amministratori locali, e pronta a servire la Regione Veneto con responsabilit\u00e0 e coraggio, in continuit\u00e0 con l\u2019ottimo lavoro di Luca Zaia. Il nostro impegno \u00e8 chiaro: metteremo davanti a tutto, anche alle logiche della politica, le necessit\u00e0 delle persone. Trascorrer\u00f2 la campagna elettorale nell\u2019unico modo che conosco: nelle piazze e nelle periferie dei nostri Comuni, cercando di stringere la mano a quanti pi\u00f9 veneti possibile. Ascolter\u00f2 tutti, compreso chi non la pensa come me. Ora guardiamo avanti: c\u2019\u00e8 una bella storia da scrivere. E la scriveremo insieme!\u00bb.<\/p>\n<p>  <\/p>\n<blockquote cite=\"https:\/\/www.facebook.com\/AlbertoStefaniOfficial\/posts\/1333591801676444\" class=\"fb-xfbml-parse-ignore\">\n<p>\u00c8 il nostro momento. Il 23 e 24 novembre voteremo per eleggere il presidente di tutti i Veneti. La coalizione di&#8230;<\/p>\n<p> Pubblicato da <a href=\"https:\/\/www.facebook.com\/AlbertoStefaniOfficial\" rel=\"nofollow noopener\" target=\"_blank\">Alberto Stefani<\/a> su <a href=\"https:\/\/www.facebook.com\/AlbertoStefaniOfficial\/posts\/1333591801676444\" rel=\"nofollow noopener\" target=\"_blank\">Mercoled\u00ec 8 ottobre 2025<\/a><\/p><\/blockquote>\n<p>  Chi \u00e8 <\/p>\n<p>Padovano di Borgoricco, Alberto Stefani \u00e8 nato il 16 novembre 1992 e quindi all&#8217;appuntamento elettorale avre\u00e0 da pochi giorni festeggiato i 33 anni. In caso di elezione sarebbe il pi\u00f9 giovane governatore in carica e fra i pi\u00f9 giovani amministratori della storia italiana ad assumere un incarico di tale rilievo. Giorgia Meloni fu nominata ministro della Giovent\u00f9 a 31 anni. Laureato in Giurisprudenza, tuttora prosegue l\u2019attivit\u00e0 di ricerca anche con pubblicazioni scientifiche sui temi del diritto canonico. Inizia la sua attivit\u00e0 politica a 15 anni, iscrivendosi alla <a href=\"https:\/\/www.ilgazzettino.it\/t\/lega\" rel=\"nofollow noopener\" target=\"_blank\">Lega<\/a>. A 20 \u00e8 eletto consigliere comunale a Borgoricco e, poco dopo, coordinatore dei giovani del Carroccio, prima con incarico provinciale, poi regionale. A 25 diventa deputato, travolgendo i candidati avversari nel Collegio uninominale Veneto 2 &#8211; 03. A 26 si candida a sindaco di Borgoricco e vince le elezioni. Completa il mandato da primo cittadino e lancia Gianluca Pedron, che, con la lista civica \u201cAvanti con Stefani\u201d, guadagna oltre il 77% dei consensi e assicura continuit\u00e0 al percorso amministrativo. Nel 2022 ottiene la riconferma a deputato nel Collegio uninominale Veneto 2 &#8211; 01. Nel 2023 \u00e8 eletto segretario regionale della Liga Veneta, grazie all\u2019appoggio della gran parte del movimento. Dall\u20191 agosto dello stesso anno \u00e8 presidente della Commissione parlamentare per l\u2019attuazione del federalismo fiscale.<\/p>\n","protected":false},"excerpt":{"rendered":"VENETO &#8211; Ora \u00e8 ufficiale e ad annunciarlo \u00e8 stato lui stesso sui suoi canali social: Alberto Stefani&hellip;\n","protected":false},"author":3,"featured_media":154069,"comment_status":"","ping_status":"","sticky":false,"template":"","format":"standard","meta":{"footnotes":""},"categories":[6],"tags":[81831,2409,14,4386,8,1537,90,89,109,7,15,82,9,83,10,13,11,80,84,12,81,85,108],"class_list":{"0":"post-154068","1":"post","2":"type-post","3":"status-publish","4":"format-standard","5":"has-post-thumbnail","7":"category-ultime-notizie","8":"tag-alberto-stefani","9":"tag-candidato","10":"tag-cronaca","11":"tag-elezioni-regionali","12":"tag-headlines","13":"tag-it","14":"tag-italia","15":"tag-italy","16":"tag-lega","17":"tag-news","18":"tag-notizie","19":"tag-notizie-di-cronaca","20":"tag-notizie-principali","21":"tag-notiziedicronaca","22":"tag-notizieprincipali","23":"tag-titoli","24":"tag-ultime-notizie","25":"tag-ultime-notizie-di-cronaca","26":"tag-ultime-notizie-e-news-di-oggi","27":"tag-ultimenotizie","28":"tag-ultimenotiziedicronaca","29":"tag-ultimenotizieenewsdioggi","30":"tag-veneto"},"share_on_mastodon":{"url":"","error":""},"_links":{"self":[{"href":"https:\/\/www.europesays.com\/it\/wp-json\/wp\/v2\/posts\/154068","targetHints":{"allow":["GET"]}}],"collection":[{"href":"https:\/\/www.europesays.com\/it\/wp-json\/wp\/v2\/posts"}],"about":[{"href":"https:\/\/www.europesays.com\/it\/wp-json\/wp\/v2\/types\/post"}],"author":[{"embeddable":true,"href":"https:\/\/www.europesays.com\/it\/wp-json\/wp\/v2\/users\/3"}],"replies":[{"embeddable":true,"href":"https:\/\/www.europesays.com\/it\/wp-json\/wp\/v2\/comments?post=154068"}],"version-history":[{"count":0,"href":"https:\/\/www.europesays.com\/it\/wp-json\/wp\/v2\/posts\/154068\/revisions"}],"wp:featuredmedia":[{"embeddable":true,"href":"https:\/\/www.europesays.com\/it\/wp-json\/wp\/v2\/media\/154069"}],"wp:attachment":[{"href":"https:\/\/www.europesays.com\/it\/wp-json\/wp\/v2\/media?parent=154068"}],"wp:term":[{"taxonomy":"category","embeddable":true,"href":"https:\/\/www.europesays.com\/it\/wp-json\/wp\/v2\/categories?post=154068"},{"taxonomy":"post_tag","embeddable":true,"href":"https:\/\/www.europesays.com\/it\/wp-json\/wp\/v2\/tags?post=154068"}],"curies":[{"name":"wp","href":"https:\/\/api.w.org\/{rel}","templated":true}]}}