{"id":154082,"date":"2025-10-08T20:59:10","date_gmt":"2025-10-08T20:59:10","guid":{"rendered":"https:\/\/www.europesays.com\/it\/154082\/"},"modified":"2025-10-08T20:59:10","modified_gmt":"2025-10-08T20:59:10","slug":"tsunoda-in-bilico-mekies-analizza-il-weekend-nero-di-singapore","status":"publish","type":"post","link":"https:\/\/www.europesays.com\/it\/154082\/","title":{"rendered":"Tsunoda in bilico: Mekies analizza il weekend nero di Singapore"},"content":{"rendered":"<p style=\"text-align: justify;\">Per <strong>Yuki Tsunoda<\/strong>, dopo il miglior risultato ottenuto a Baku, le cose sembrano aver preso una piega tutt\u2019altro che positiva. Con il cambio ai vertici della squadra, qualcuno sperava in un approccio diverso nella gestione dei piloti, ma la realt\u00e0 racconta un\u2019altra storia.\u00a0<strong>Helmut Marko<\/strong>, da sempre talent scout instancabile, continua la sua <strong>ricerca di giovani<\/strong> da inserire nel programma Red Bull. Tra i nomi osservati con interesse spunta quello di <strong>Alex Dunne<\/strong>, pilota di Formula 2 ed ex membro della McLaren Junior Academy. Un segnale che non gioca a favore di Tsunoda, il cui posto in squadra non sembra pi\u00f9 cos\u00ec saldo.<\/p>\n<p>Rapporti tesi e fiducia da ricostruire<\/p>\n<p style=\"text-align: justify;\">La posizione del pilota giapponese appare oggi <strong>pi\u00f9 precaria che mai<\/strong>. Se fino a qualche tempo fa Yuki poteva contare sul legame con <strong>Laurent Mekies<\/strong>, costruito ai tempi in Racing Bulls, dopo Singapore qualcosa sembra essersi incrinato. &#8220;<strong>Non \u00e8 stato un buon sabato per Yuki<\/strong>&#8220;, ha commentato Mekies senza troppi giri di parole. &#8220;Sinceramente, venerd\u00ec, personalmente, <strong>ero soddisfatto del lavoro che ha fatto<\/strong>. Non sembrava niente di spettacolare guardando la classifica, ma analizzando ogni singolo giro credo fosse al livello giusto venerd\u00ec. Poi sabato \u00e8 andata male, <strong>dobbiamo lavorare con lui per capire cosa ha fatto deragliare tutto<\/strong>&#8220;.\u00a0Parole che suonano come un invito alla riflessione pi\u00f9 che come una condanna, ma che lasciano intendere come la fiducia non sia pi\u00f9 incondizionata.<\/p>\n<p>Il sabato che ha compromesso il weekend<\/p>\n<p style=\"text-align: justify;\">Mekies, dopo i primi due giorni di azione a Marina Bay, ha offerto <strong>un\u2019analisi lucida e puntuale<\/strong>. Il circuito di Singapore non \u00e8 un tracciato che perdona: i sorpassi sono difficili e un <strong>buon risultato in qualifica<\/strong> pu\u00f2 fare la differenza tra una gara solida e un weekend da dimenticare.\u00a0\u00c8 proprio in questo contesto che <strong>Tsunoda ha mancato l\u2019appuntamento con la prestazione<\/strong>. &#8220;<strong>Il primo giro \u00e8 stato certamente scioccante<\/strong>, ma da quel momento in poi credo abbia fatto una gara pi\u00f9 che discreta&#8221;, ha aggiunto il team principal. Dopo una partenza complicata, il giapponese \u00e8 scivolato fino alla P18, per poi risalire fino alla P12 o P11, mostrando un ritmo finalmente pi\u00f9 consistente. &#8220;\u00c8 risalito dalla P18 fino alla P12 o P11, <strong>con un passo davvero buono<\/strong>. Quindi abbiamo avuto un sabato molto negativo, che ci \u00e8 costato il weekend e qualche punto, e l<strong>avoreremo con lui per migliorare insieme<\/strong>&#8220;, ha concluso Mekies, lasciando aperta una porta alla crescita.<\/p>\n<p>\u00a0<\/p>\n","protected":false},"excerpt":{"rendered":"Per Yuki Tsunoda, dopo il miglior risultato ottenuto a Baku, le cose sembrano aver preso una piega tutt\u2019altro&hellip;\n","protected":false},"author":3,"featured_media":154083,"comment_status":"","ping_status":"","sticky":false,"template":"","format":"standard","meta":{"footnotes":""},"categories":[1454],"tags":[1770,683,1771,1537,90,89,245,244],"class_list":{"0":"post-154082","1":"post","2":"type-post","3":"status-publish","4":"format-standard","5":"has-post-thumbnail","7":"category-f1","8":"tag-f1","9":"tag-formula-1","10":"tag-formula1","11":"tag-it","12":"tag-italia","13":"tag-italy","14":"tag-sport","15":"tag-sports"},"share_on_mastodon":{"url":"","error":""},"_links":{"self":[{"href":"https:\/\/www.europesays.com\/it\/wp-json\/wp\/v2\/posts\/154082","targetHints":{"allow":["GET"]}}],"collection":[{"href":"https:\/\/www.europesays.com\/it\/wp-json\/wp\/v2\/posts"}],"about":[{"href":"https:\/\/www.europesays.com\/it\/wp-json\/wp\/v2\/types\/post"}],"author":[{"embeddable":true,"href":"https:\/\/www.europesays.com\/it\/wp-json\/wp\/v2\/users\/3"}],"replies":[{"embeddable":true,"href":"https:\/\/www.europesays.com\/it\/wp-json\/wp\/v2\/comments?post=154082"}],"version-history":[{"count":0,"href":"https:\/\/www.europesays.com\/it\/wp-json\/wp\/v2\/posts\/154082\/revisions"}],"wp:featuredmedia":[{"embeddable":true,"href":"https:\/\/www.europesays.com\/it\/wp-json\/wp\/v2\/media\/154083"}],"wp:attachment":[{"href":"https:\/\/www.europesays.com\/it\/wp-json\/wp\/v2\/media?parent=154082"}],"wp:term":[{"taxonomy":"category","embeddable":true,"href":"https:\/\/www.europesays.com\/it\/wp-json\/wp\/v2\/categories?post=154082"},{"taxonomy":"post_tag","embeddable":true,"href":"https:\/\/www.europesays.com\/it\/wp-json\/wp\/v2\/tags?post=154082"}],"curies":[{"name":"wp","href":"https:\/\/api.w.org\/{rel}","templated":true}]}}