{"id":154301,"date":"2025-10-08T23:25:16","date_gmt":"2025-10-08T23:25:16","guid":{"rendered":"https:\/\/www.europesays.com\/it\/154301\/"},"modified":"2025-10-08T23:25:16","modified_gmt":"2025-10-08T23:25:16","slug":"francesca-fagnani-conquista-anche-la-diva-internazionale","status":"publish","type":"post","link":"https:\/\/www.europesays.com\/it\/154301\/","title":{"rendered":"Francesca Fagnani conquista anche la diva internazionale"},"content":{"rendered":"<p>La nuova stagione di Belve si preannuncia a dir poco imperdibile. Il programma \u00e8 ormai diventato un cult: le interviste graffianti di <strong>Francesca Fagnani<\/strong> ricominciano dal 28 ottobre. E ne vedremo delle belle, considerando che iniziano a circolare diverse indiscrezioni circa gli ospiti, e persino la presenza di Maria De Filippi in un ruolo inedito. A dire di \u201cs\u00ec\u201d alla Fagnani \u00e8 stata anche <strong>Isabella Rossellini<\/strong>, diva internazionale e vanto del cinema italiano, notizia di Giuseppe Candela per Chi.\n<\/p>\n<p>Belve, Isabella Rossellini tra gli ospiti<\/p>\n<p>Inizia a popolarsi il parterre di ospiti della <strong>stagione di Belve<\/strong> in partenza dal 28 ottobre. La catena di indiscrezioni \u00e8 iniziata con <strong>Belen Rodrig<\/strong><strong>uez<\/strong>, che dovrebbe aver finalmente accettato, dopo anni di corteggiamento, di sedersi davanti alla conduttrice, <a href=\"https:\/\/dilei.it\/star-e-vip\/francesca-fagnani\/\" rel=\"nofollow noopener\" target=\"_blank\">Francesca Fagnani<\/a>, e rispondere alla domanda \u201cche belva si sente\u201d. Ora, c\u2019\u00e8 un altro nome che \u00e8 stato caldeggiato tra gli ospiti, ed \u00e8 quello della star del cinema internazionale di Isabella Rossellini.\u00a0<\/p>\n<p>Nella rubrica C\u2019\u00e8 Chi dice, Candela ha svelato qualche anticipazione: \u201cRossellini si sottoporr\u00e0 alle domande di Francesca Fagnani, sar\u00e0 una delle protagoniste della nuova edizione di Belve\u201c. Figlia di <strong>Ingrid Bergman<\/strong> e di <strong>Roberto Rossellini<\/strong>, \u00e8 stata candidata agli Oscar come Miglior Attrice Non Protagonista per il film Conclave.\u00a0<\/p>\n<p>La scelta degli ospiti a Belve non delude mai, ed \u00e8 tutto frutto del lavoro portato avanti dalla Fagnani e dalla squadra del programma: \u201c\u00c8 la <strong>parte pi\u00f9 delicata<\/strong>, perch\u00e9 <strong>individuare i personaggi giusti<\/strong> \u00e8 fondamentale: un ospite sbagliato significa una puntata sbagliata. Per questo cerco sempre di puntare su ospiti coerenti con il titolo. Se ci sono personaggi che mi piacerebbe avere e che ancora non sono riuscita a convincere? Certo, ma non lo dir\u00f2 mai, anche perch\u00e9 rischierei di spaventarli\u201d.<\/p>\n<p>Maria De Filippi a Belve, le prime anticipazioni<\/p>\n<p>Aggiungiamo anche che nelle ultime ore sarebbe persino arrivato \u201cl\u2019ok\u201d dall\u2019AD di Mediaset, Pier Silvio Berlusconi, in merito alla presenza nel cast fisso di <a href=\"https:\/\/dilei.it\/star-e-vip\/maria-de-filippi\/\" rel=\"nofollow noopener\" target=\"_blank\">Maria De Filippi<\/a>. C\u2019\u00e8 anche un piccolo \u201cgiallo\u201d in merito alla sua partecipazione, considerando che <strong>non sar\u00e0 intervistata dalla Fagnani<\/strong>. Tra l\u2019altro, averla nel programma era uno dei sogni della Fagnani, che le ha sempre rivolto parole di stima pubblicamente in occasione delle interviste.<\/p>\n<p>La nuova stagione, che rientra nell\u2019ultimo ciclo di interviste dell\u2019anno, parte ufficialmente da marted\u00ec 28 ottobre. Stando alle indiscrezioni, le puntate dovrebbero essere sette, di cui cinque in versione standard e due dedicate alla <strong>parte crime<\/strong>. La formula \u00e8 stata provata per la prima volta qualche mese fa, e ha dato i suoi frutti, destando l\u2019interesse del pubblico, seppur con qualche critica.<\/p>\n<p>Alla fine, per\u00f2, questa edizione di Belve non \u00e8 ancora iniziata e sta comunque ricevendo una grande attenzione mediatica, iniziata con <a href=\"https:\/\/dilei.it\/spettacolo\/belve-2025-belen-ospite-fagnani\/1865385\/\" rel=\"nofollow noopener\" target=\"_blank\">l\u2019indiscrezione su Belen<\/a> (che aveva rifiutato in passato di partecipare al programma) e poi aumentata con <a href=\"https:\/\/dilei.it\/spettacolo\/maria-de-filippi-belve-mistero-ruolo\/1878053\/\" rel=\"nofollow noopener\" target=\"_blank\">il \u201cs\u00ec\u201d di Maria De Filippi<\/a>. \u201cBelve? Ho rifiutato l\u2019invito. Di certo \u00e8 un programma originale e pieno di pepe, che ti tiene attaccato al teleschermo. Per\u00f2 io, al posto della conduttrice, sarei un po\u2019 pi\u00f9 buona. Pi\u00f9 comprensiva. Solo che poi non farebbe lo share che fa\u201d, aveva detto Belen.\u00a0<\/p>\n","protected":false},"excerpt":{"rendered":"La nuova stagione di Belve si preannuncia a dir poco imperdibile. Il programma \u00e8 ormai diventato un cult:&hellip;\n","protected":false},"author":3,"featured_media":154302,"comment_status":"","ping_status":"","sticky":false,"template":"","format":"standard","meta":{"footnotes":""},"categories":[174],"tags":[19486,203,19487,204,95401,1537,90,89,5602,214],"class_list":{"0":"post-154301","1":"post","2":"type-post","3":"status-publish","4":"format-standard","5":"has-post-thumbnail","7":"category-intrattenimento","8":"tag-belve","9":"tag-entertainment","10":"tag-francesca-fagnani","11":"tag-intrattenimento","12":"tag-isabella-rossellini","13":"tag-it","14":"tag-italia","15":"tag-italy","16":"tag-maria-de-filippi","17":"tag-spettacolo"},"share_on_mastodon":{"url":"","error":""},"_links":{"self":[{"href":"https:\/\/www.europesays.com\/it\/wp-json\/wp\/v2\/posts\/154301","targetHints":{"allow":["GET"]}}],"collection":[{"href":"https:\/\/www.europesays.com\/it\/wp-json\/wp\/v2\/posts"}],"about":[{"href":"https:\/\/www.europesays.com\/it\/wp-json\/wp\/v2\/types\/post"}],"author":[{"embeddable":true,"href":"https:\/\/www.europesays.com\/it\/wp-json\/wp\/v2\/users\/3"}],"replies":[{"embeddable":true,"href":"https:\/\/www.europesays.com\/it\/wp-json\/wp\/v2\/comments?post=154301"}],"version-history":[{"count":0,"href":"https:\/\/www.europesays.com\/it\/wp-json\/wp\/v2\/posts\/154301\/revisions"}],"wp:featuredmedia":[{"embeddable":true,"href":"https:\/\/www.europesays.com\/it\/wp-json\/wp\/v2\/media\/154302"}],"wp:attachment":[{"href":"https:\/\/www.europesays.com\/it\/wp-json\/wp\/v2\/media?parent=154301"}],"wp:term":[{"taxonomy":"category","embeddable":true,"href":"https:\/\/www.europesays.com\/it\/wp-json\/wp\/v2\/categories?post=154301"},{"taxonomy":"post_tag","embeddable":true,"href":"https:\/\/www.europesays.com\/it\/wp-json\/wp\/v2\/tags?post=154301"}],"curies":[{"name":"wp","href":"https:\/\/api.w.org\/{rel}","templated":true}]}}