{"id":154318,"date":"2025-10-08T23:41:17","date_gmt":"2025-10-08T23:41:17","guid":{"rendered":"https:\/\/www.europesays.com\/it\/154318\/"},"modified":"2025-10-08T23:41:17","modified_gmt":"2025-10-08T23:41:17","slug":"un-anno-speciale-per-pirelli-in-formula-1","status":"publish","type":"post","link":"https:\/\/www.europesays.com\/it\/154318\/","title":{"rendered":"Un anno speciale per Pirelli in Formula 1"},"content":{"rendered":"<p style=\"text-align:justify;\">\u00c8 un anno speciale per la storia del Campionato del Mondo FIA di Formula 1, che festeggia nel 2025 il suo settantacinquesimo compleanno. Speciale al punto che, per la prima volta, tutte le squadre e tutti i piloti sono stati presentati ufficialmente in un eccezionale evento svoltosi ieri sera alla O2 Arena di Londra, con la partecipazione di stelle della musica e alla presenza di oltre quindicimila spettatori: due ore di spettacolo per celebrare un traguardo straordinario, trasmesse dai principali broadcaster di tutto il mondo nonch\u00e9 in streaming sulle piattaforme social di F1.<\/p>\n<p style=\"text-align:justify;\">La stagione sar\u00e0 speciale anche per Pirelli, che raggiunger\u00e0 durante l\u2019anno uno straordinario traguardo, quello delle 500 partecipazioni ad un Gran Premio. La casa della P Lunga \u00e8 stata finora presente a 485 eventi e arriver\u00e0 a quota 500 in occasione del Gran Premio d\u2019Olanda, in programma il 31 agosto a Zandvoort: una settimana dopo, Pirelli celebrer\u00e0 la ricorrenza nella sua gara di casa a Monza, con una serie di eventi dedicati. Il primo passo \u00e8 stato fatto ieri in occasione dello show dell\u2019O2 Arena a Londra, dove \u00e8 stato presentato il logo che accompagner\u00e0 la comunicazione di Pirelli in Formula 1 per tutta la stagione.<\/p>\n<p style=\"text-align:justify;\">Il primo appuntamento sar\u00e0 con una rubrica su pirelli.com che racconter\u00e0 i cinquanta Gran Premi pi\u00f9 significativi della presenza Pirelli nel Mondiale F1, partendo ovviamente proprio da quel 13 maggio 1950, quando a Silverstone (Gran Bretagna) prese il via la competizione automobilistica pi\u00f9 importante. Quel giorno si schierarono in griglia 21 monoposto, di cui ben otto gommate Pirelli. Tre di queste vetture, tutte Alfa Romeo, si classificarono ai primi tre posti, con gli italiani Nino Farina e Giuseppe Fagioli davanti al britannico Reg Parnell. Cominci\u00f2 cos\u00ec la lunga storia di Pirelli in Formula 1 che continua ancora oggi e che quest\u2019anno vedr\u00e0 diventare l\u2019azienda italiana il fornitore di gomme con pi\u00f9 presenze in questa competizione.<\/p>\n<p>                        &#8216;;<\/p>\n","protected":false},"excerpt":{"rendered":"\u00c8 un anno speciale per la storia del Campionato del Mondo FIA di Formula 1, che festeggia nel&hellip;\n","protected":false},"author":3,"featured_media":154319,"comment_status":"","ping_status":"","sticky":false,"template":"","format":"standard","meta":{"footnotes":""},"categories":[1454],"tags":[95404,1770,683,1771,1537,90,89,7,8027,245,244],"class_list":{"0":"post-154318","1":"post","2":"type-post","3":"status-publish","4":"format-standard","5":"has-post-thumbnail","7":"category-f1","8":"tag-2024-infographics","9":"tag-f1","10":"tag-formula-1","11":"tag-formula1","12":"tag-it","13":"tag-italia","14":"tag-italy","15":"tag-news","16":"tag-pirelli","17":"tag-sport","18":"tag-sports"},"share_on_mastodon":{"url":"","error":""},"_links":{"self":[{"href":"https:\/\/www.europesays.com\/it\/wp-json\/wp\/v2\/posts\/154318","targetHints":{"allow":["GET"]}}],"collection":[{"href":"https:\/\/www.europesays.com\/it\/wp-json\/wp\/v2\/posts"}],"about":[{"href":"https:\/\/www.europesays.com\/it\/wp-json\/wp\/v2\/types\/post"}],"author":[{"embeddable":true,"href":"https:\/\/www.europesays.com\/it\/wp-json\/wp\/v2\/users\/3"}],"replies":[{"embeddable":true,"href":"https:\/\/www.europesays.com\/it\/wp-json\/wp\/v2\/comments?post=154318"}],"version-history":[{"count":0,"href":"https:\/\/www.europesays.com\/it\/wp-json\/wp\/v2\/posts\/154318\/revisions"}],"wp:featuredmedia":[{"embeddable":true,"href":"https:\/\/www.europesays.com\/it\/wp-json\/wp\/v2\/media\/154319"}],"wp:attachment":[{"href":"https:\/\/www.europesays.com\/it\/wp-json\/wp\/v2\/media?parent=154318"}],"wp:term":[{"taxonomy":"category","embeddable":true,"href":"https:\/\/www.europesays.com\/it\/wp-json\/wp\/v2\/categories?post=154318"},{"taxonomy":"post_tag","embeddable":true,"href":"https:\/\/www.europesays.com\/it\/wp-json\/wp\/v2\/tags?post=154318"}],"curies":[{"name":"wp","href":"https:\/\/api.w.org\/{rel}","templated":true}]}}