{"id":154322,"date":"2025-10-08T23:46:13","date_gmt":"2025-10-08T23:46:13","guid":{"rendered":"https:\/\/www.europesays.com\/it\/154322\/"},"modified":"2025-10-08T23:46:13","modified_gmt":"2025-10-08T23:46:13","slug":"dumfries-ce-un-aspetto-che-lolanda-dovrebbe-prendere-dallinter","status":"publish","type":"post","link":"https:\/\/www.europesays.com\/it\/154322\/","title":{"rendered":"Dumfries: &#8220;C&#8217;\u00e8 un aspetto che l&#8217;Olanda dovrebbe prendere dall&#8217;Inter&#8221;"},"content":{"rendered":"<p>L&#8217;interista ha parlato di quella che secondo lui dovrebbe essere una caratteristica da replicare nella sua Nazionale<\/p>\n<p>Fare qualche fallo in pi\u00f9 e lavorare sui dettagli. Lo dice sorridendo ma ha un certo senso il discorso di <a href=\"https:\/\/www.fcinter1908.it\/news\/interviste\/dumfries-due-finali-inter-orgoglio\/\" rel=\"nofollow noopener\" target=\"_blank\"><strong>Denzel Dumfries<\/strong><\/a> che parla della sua <strong>Olanda<\/strong> e di come dovrebbe avere pi\u00f9 carica agonistica. \u00abIo\u00a0 non sono uno che sta in silenzio, ho una certa presenza. So prendere l&#8217;iniziativa, dando energia alla squadra e guidando la carica. \u00c8 un modo di fare un po&#8217; poco olandese. So dettare il tono in certe situazioni\u00bb, ha detto nelle scorse ore in un&#8217;intervista concessa ai media del suo Paese mentre \u00e8 in ritiro con la sua Nazionale.\u00a0<\/p>\n<p>\u00abSono anche uno che sa pensare fuori dagli schemi. Altre nazioni a volte hanno un vantaggio rispetto ai Paesi Bassi sotto questo aspetto. L&#8217;Argentina, ad esempio, fa di tutto per vincere. Non lascia nulla al caso. A volte siamo un po&#8217; troppo ordinati. Sono dettagli che possono fare la differenza in una gara\u00bb, ha aggiunto il<a href=\"https:\/\/www.fcinter1908.it\/ultimora\/dimarco-inter-ispirazione\/\" rel=\"nofollow noopener\" target=\"_blank\"> calciatore nerazzurro.<\/a><\/p>\n<p>\u00abAll&#8217;Inter siamo maestri in questo &#8211; ha aggiunto sorridendo l&#8217;esterno interista &#8211; Chi \u00e8 il re di questo tipo di gioco? Francesco Acerbi o Lautaro Mart\u00ednez. Non esitano a commettere fallo qua e l\u00e0 per assicurarsi la vittoria. Chi nell&#8217;Olanda ha questo stile? Micky van de Ven\u00bb.\u00a0<\/p>\n<p>(Fonte: voetbalprimeur.nl)<\/p>\n<p class=\"is-copyright\">\u00a9 RIPRODUZIONE RISERVATA<\/p>\n","protected":false},"excerpt":{"rendered":"L&#8217;interista ha parlato di quella che secondo lui dovrebbe essere una caratteristica da replicare nella sua Nazionale Fare&hellip;\n","protected":false},"author":3,"featured_media":154323,"comment_status":"","ping_status":"","sticky":false,"template":"","format":"standard","meta":{"footnotes":""},"categories":[1452],"tags":[33592,95405,772,8788,721,2204,5114,6018,31512,3174,1740,350,6041,1537,90,89,5826,34942,1739,245,244],"class_list":{"0":"post-154322","1":"post","2":"type-post","3":"status-publish","4":"format-standard","5":"has-post-thumbnail","7":"category-calcio","8":"tag-acerbi","9":"tag-acerbi-lautaro","10":"tag-aggiunto","11":"tag-aspetto","12":"tag-calcio","13":"tag-carica","14":"tag-dettagli","15":"tag-dovrebbe","16":"tag-dumfries","17":"tag-fallo","18":"tag-football","19":"tag-inter","20":"tag-interista","21":"tag-it","22":"tag-italia","23":"tag-italy","24":"tag-lautaro","25":"tag-olanda","26":"tag-soccer","27":"tag-sport","28":"tag-sports"},"share_on_mastodon":{"url":"","error":""},"_links":{"self":[{"href":"https:\/\/www.europesays.com\/it\/wp-json\/wp\/v2\/posts\/154322","targetHints":{"allow":["GET"]}}],"collection":[{"href":"https:\/\/www.europesays.com\/it\/wp-json\/wp\/v2\/posts"}],"about":[{"href":"https:\/\/www.europesays.com\/it\/wp-json\/wp\/v2\/types\/post"}],"author":[{"embeddable":true,"href":"https:\/\/www.europesays.com\/it\/wp-json\/wp\/v2\/users\/3"}],"replies":[{"embeddable":true,"href":"https:\/\/www.europesays.com\/it\/wp-json\/wp\/v2\/comments?post=154322"}],"version-history":[{"count":0,"href":"https:\/\/www.europesays.com\/it\/wp-json\/wp\/v2\/posts\/154322\/revisions"}],"wp:featuredmedia":[{"embeddable":true,"href":"https:\/\/www.europesays.com\/it\/wp-json\/wp\/v2\/media\/154323"}],"wp:attachment":[{"href":"https:\/\/www.europesays.com\/it\/wp-json\/wp\/v2\/media?parent=154322"}],"wp:term":[{"taxonomy":"category","embeddable":true,"href":"https:\/\/www.europesays.com\/it\/wp-json\/wp\/v2\/categories?post=154322"},{"taxonomy":"post_tag","embeddable":true,"href":"https:\/\/www.europesays.com\/it\/wp-json\/wp\/v2\/tags?post=154322"}],"curies":[{"name":"wp","href":"https:\/\/api.w.org\/{rel}","templated":true}]}}