{"id":154628,"date":"2025-10-09T03:39:10","date_gmt":"2025-10-09T03:39:10","guid":{"rendered":"https:\/\/www.europesays.com\/it\/154628\/"},"modified":"2025-10-09T03:39:10","modified_gmt":"2025-10-09T03:39:10","slug":"rassegna-stampa-assicurativa-9-ottobre-2025-assinews-it","status":"publish","type":"post","link":"https:\/\/www.europesays.com\/it\/154628\/","title":{"rendered":"Rassegna Stampa assicurativa 9 ottobre 2025 Assinews.it"},"content":{"rendered":"<p>Nel primo semestre 2025 il mercato del venture capital italiano ha presentato un andamento contrastante. Da un lato, l\u2019attivit\u00e0 di investimento \u00e8 stata molto dinamica, grazie a numero di operazioni (370) e ammontare complessivo investito (5,2 miliardi), cresciuti rispettivamente del 24% e del 17% rispetto al 2024; dall\u2019altro lato, per\u00f2, la raccolta di nuovi fondi ha segnato un forte rallentamento. Il fatto che il venture capital (Vc) italiano sia ancora sottodimensionato, rispetto ai principali peer come Francia e Germania, \u00e8 emerso anche dall\u2019ultimo paper di Banca d\u2019Italia sul Vc (aprile 2025)Cercare risorse per elevare questo mercato \u00e8 una priorit\u00e0. Va in questa direzione l\u2019obiettivo che si \u00e8 posto il Governo gi\u00e0 dal 20124 con la legge Concorrenza e poi con il decreto Economia, con cui \u00e8 stato introdotto gi\u00e0 dal 2025 \u2013 in virt\u00f9 di un\u2019esenzione fiscale per Casse e fondi pensioni \u2013 l\u2019obbligo a rispettare soglie di investimenti qualificati da destinare al venture capital, pari ad almeno il 3% nel 2025, il 5% nel 2026 e almeno il 10% dal 2027. \u00c8 probabile per\u00f2 che si parta direttamente dal 2026.<\/p>\n","protected":false},"excerpt":{"rendered":"Nel primo semestre 2025 il mercato del venture capital italiano ha presentato un andamento contrastante. Da un lato,&hellip;\n","protected":false},"author":3,"featured_media":48322,"comment_status":"","ping_status":"","sticky":false,"template":"","format":"standard","meta":{"footnotes":""},"categories":[1481],"tags":[2065,2066,239,2063,2064,1537,90,89,240],"class_list":{"0":"post-154628","1":"post","2":"type-post","3":"status-publish","4":"format-standard","5":"has-post-thumbnail","7":"category-assistenza-sanitaria","8":"tag-assistenza-sanitaria","9":"tag-assistenzasanitaria","10":"tag-health","11":"tag-health-care","12":"tag-healthcare","13":"tag-it","14":"tag-italia","15":"tag-italy","16":"tag-salute"},"share_on_mastodon":{"url":"","error":""},"_links":{"self":[{"href":"https:\/\/www.europesays.com\/it\/wp-json\/wp\/v2\/posts\/154628","targetHints":{"allow":["GET"]}}],"collection":[{"href":"https:\/\/www.europesays.com\/it\/wp-json\/wp\/v2\/posts"}],"about":[{"href":"https:\/\/www.europesays.com\/it\/wp-json\/wp\/v2\/types\/post"}],"author":[{"embeddable":true,"href":"https:\/\/www.europesays.com\/it\/wp-json\/wp\/v2\/users\/3"}],"replies":[{"embeddable":true,"href":"https:\/\/www.europesays.com\/it\/wp-json\/wp\/v2\/comments?post=154628"}],"version-history":[{"count":0,"href":"https:\/\/www.europesays.com\/it\/wp-json\/wp\/v2\/posts\/154628\/revisions"}],"wp:featuredmedia":[{"embeddable":true,"href":"https:\/\/www.europesays.com\/it\/wp-json\/wp\/v2\/media\/48322"}],"wp:attachment":[{"href":"https:\/\/www.europesays.com\/it\/wp-json\/wp\/v2\/media?parent=154628"}],"wp:term":[{"taxonomy":"category","embeddable":true,"href":"https:\/\/www.europesays.com\/it\/wp-json\/wp\/v2\/categories?post=154628"},{"taxonomy":"post_tag","embeddable":true,"href":"https:\/\/www.europesays.com\/it\/wp-json\/wp\/v2\/tags?post=154628"}],"curies":[{"name":"wp","href":"https:\/\/api.w.org\/{rel}","templated":true}]}}