{"id":154767,"date":"2025-10-09T05:24:17","date_gmt":"2025-10-09T05:24:17","guid":{"rendered":"https:\/\/www.europesays.com\/it\/154767\/"},"modified":"2025-10-09T05:24:17","modified_gmt":"2025-10-09T05:24:17","slug":"a-cosenza-intervento-mai-provato-prima-salva-la-vita-a-un-20enne","status":"publish","type":"post","link":"https:\/\/www.europesays.com\/it\/154767\/","title":{"rendered":"a Cosenza intervento mai provato prima salva la vita a un 20enne"},"content":{"rendered":"<p><strong>COSENZA<\/strong> Raffaele ha 20 anni e una battaglia difficile alle spalle. <strong>\u00c8 nato con una rara variante della sindrome di Marfan<\/strong>, malattia genetica che indebolisce l\u2019aorta e pu\u00f2 aprirla come crepa imprevedibile nel muro. Qualche settimana fa, a Cosenza, il suo cuore ha sfiorato il limite: <strong>un aneurisma toracico di una decina di centimetri lo stava uccidendo<\/strong>. Allora i medici dell\u2019ospedale pubblico di Cosenza l\u2019hanno salvato con un intervento difficile e d\u2019urgenza, che in Calabria, spiegano, non era stato mai tentato.<br \/>La madre Luisa racconta che il figlio aveva solo tre ore di tempo. \u00ab<strong>Il dottor Paolo Piro mi ha guardato negli occhi e mi ha detto che dovevano salvare mio figlio<\/strong>. Allora ho capito \u2013 ricorda la donna \u2013 che non ci avrebbero abbandonato\u00bb. Insieme a Piro, sottolinea Luisa, il cardiochirurgo <strong>Marco Valente<\/strong> ha eseguito un\u2019operazione che allo stesso policlinico Gemelli di Roma, dove Raffaele si trova per un secondo intervento, hanno definito straordinaria.<br \/><strong>All\u2019ospedale di Cosenza, la squadra di Chirurgia vascolare ha ricostruito il tratto di aorta dilatato e bloccato una possibile emorragia fatale<\/strong>. \u00c8 stato quindi impiantato un dispositivo endovascolare, una sorta di parete interna che ha fermato la rottura imminente. \u00ab<strong>Molti ospedali si erano rifiutati di operare Raffaele<\/strong>, l\u2019intervento era troppo rischioso\u00bb dichiara la madre, che con evidente commozione nomina la dottoressa <strong>Cosima Cloro<\/strong>, responsabile dell\u2019Unit\u00e0 di terapia intensiva cardiologica, e il dottor <strong>Antonio Mastroianni<\/strong>, direttore di Malattie infettive. \u00abLo hanno curato \u2013 precisa la signora \u2013 come fosse figlio loro\u00bb.<br \/>Raffaele era arrivato a giugno in codice rosso per un dolore toracico violentissimo. Gli esami avevano escluso un infarto e rivelato due aneurismi: uno dell\u2019aorta e uno dell\u2019arteria succlavia. Dopo un primo intervento al Gemelli, il ragazzo era tornato a Cosenza per essere seguito. Un\u2019infezione aveva imposto un nuovo ricovero. Poi, all\u2019improvviso, era giunta la crisi: perdita di sangue, dolori insopportabili e l\u2019aorta a un passo dalla rottura.<br \/><strong>\u00abNon c\u2019era pi\u00f9 tempo\u00bb, avevano detto i medici. Il giorno dopo l\u2019\u00e9quipe cosentina ha deciso di agire<\/strong>. \u00c8 nata cos\u00ec una pagina di buona sanit\u00e0, di coraggio e competenza. L\u2019intervento endovascolare \u00e8 riuscito. Stabilizzato e cosciente, Raffaele \u00e8 stato trasferito in elisoccorso al Policlinico Gemelli, dove prosegue la terapia.<br \/><strong>Il ringraziamento della famiglia \u2013 esteso anche, \u00abper l\u2019organizzazione impeccabile del trasporto in elicottero, a Riccardo Borselli e Marco Laratta\u00bb<\/strong>, rispettivamente direttore del Suem 118 e coordinatore infermieristico dello stesso servizio \u2013 \u00e8 una testimonianza di speranza. <strong>\u00abSi sappia \u2013 si augura Luisa \u2013 che a Cosenza c\u2019\u00e8 chi lavora con capacit\u00e0 e umanit\u00e0. Nostro figlio \u00e8 vivo grazie a loro\u00bb.<\/strong><br \/>Nietzsche scriveva che \u00abci\u00f2 che non mi uccide mi fortifica\u00bb. Per Raffaele, il motto \u00e8 un altro pezzo della sua storia, toccante, di lotta per la vita. (E.M.)<\/p>\n<p><strong>Il Corriere della Calabria \u00e8 anche su Whatsapp. Basta\u00a0<\/strong><a href=\"https:\/\/whatsapp.com\/channel\/0029Va8fM6g5a24CQcoq2O3j\" target=\"_blank\" rel=\"noreferrer noopener nofollow\"><strong>cliccare qui\u00a0<\/strong><\/a><strong>per iscriverti al canale ed essere sempre\u00a0aggiornato<\/strong><\/p>\n","protected":false},"excerpt":{"rendered":"COSENZA Raffaele ha 20 anni e una battaglia difficile alle spalle. \u00c8 nato con una rara variante della&hellip;\n","protected":false},"author":3,"featured_media":154768,"comment_status":"","ping_status":"","sticky":false,"template":"","format":"standard","meta":{"footnotes":""},"categories":[79],"tags":[14,93,94,2666,95651,95652,95653,1537,90,89,7,15,19306,11,84,91,12,85,92],"class_list":{"0":"post-154767","1":"post","2":"type-post","3":"status-publish","4":"format-standard","5":"has-post-thumbnail","7":"category-italia","8":"tag-cronaca","9":"tag-cronaca-italiana","10":"tag-cronacaitaliana","11":"tag-importanti","12":"tag-intervento-cuore-a-cosenza","13":"tag-intervento-salvavita","14":"tag-intervento-salvavita-a-cosenza","15":"tag-it","16":"tag-italia","17":"tag-italy","18":"tag-news","19":"tag-notizie","20":"tag-ospedale-cosenza","21":"tag-ultime-notizie","22":"tag-ultime-notizie-e-news-di-oggi","23":"tag-ultime-notizie-italia","24":"tag-ultimenotizie","25":"tag-ultimenotizieenewsdioggi","26":"tag-ultimenotizieitalia"},"share_on_mastodon":{"url":"","error":""},"_links":{"self":[{"href":"https:\/\/www.europesays.com\/it\/wp-json\/wp\/v2\/posts\/154767","targetHints":{"allow":["GET"]}}],"collection":[{"href":"https:\/\/www.europesays.com\/it\/wp-json\/wp\/v2\/posts"}],"about":[{"href":"https:\/\/www.europesays.com\/it\/wp-json\/wp\/v2\/types\/post"}],"author":[{"embeddable":true,"href":"https:\/\/www.europesays.com\/it\/wp-json\/wp\/v2\/users\/3"}],"replies":[{"embeddable":true,"href":"https:\/\/www.europesays.com\/it\/wp-json\/wp\/v2\/comments?post=154767"}],"version-history":[{"count":0,"href":"https:\/\/www.europesays.com\/it\/wp-json\/wp\/v2\/posts\/154767\/revisions"}],"wp:featuredmedia":[{"embeddable":true,"href":"https:\/\/www.europesays.com\/it\/wp-json\/wp\/v2\/media\/154768"}],"wp:attachment":[{"href":"https:\/\/www.europesays.com\/it\/wp-json\/wp\/v2\/media?parent=154767"}],"wp:term":[{"taxonomy":"category","embeddable":true,"href":"https:\/\/www.europesays.com\/it\/wp-json\/wp\/v2\/categories?post=154767"},{"taxonomy":"post_tag","embeddable":true,"href":"https:\/\/www.europesays.com\/it\/wp-json\/wp\/v2\/tags?post=154767"}],"curies":[{"name":"wp","href":"https:\/\/api.w.org\/{rel}","templated":true}]}}