{"id":154771,"date":"2025-10-09T05:26:09","date_gmt":"2025-10-09T05:26:09","guid":{"rendered":"https:\/\/www.europesays.com\/it\/154771\/"},"modified":"2025-10-09T05:26:09","modified_gmt":"2025-10-09T05:26:09","slug":"andavamo-da-passarini-senza-appuntamento-le-fiale-forse-in-armadio","status":"publish","type":"post","link":"https:\/\/www.europesays.com\/it\/154771\/","title":{"rendered":"Andavamo da Passarini senza appuntamento. Le fiale forse in armadio"},"content":{"rendered":"<p>Tutti hanno detto che si erano presentati direttamente dal medico Mauro Passarini, senza appuntamento, per farsi vaccinare contro il covid. E che non si aspettavano certo che il test sugli anticorpi eseguito quando il caso era esploso, potesse riservare sorprese. Ieri mattina nel processo che vede 98 persone accusate di falso in concorso con Passarini perch\u00e9 secondo la procura si sarebbero fatte inoculare vaccini fasulli, o estremamente diluiti, solo per ottenere il greenpass, \u00e8 stata la volta degli imputati. Ma dei 17 che avevano chiesto di sottoporsi a esame, erano presenti solo in quattro. Tanto che il giudice Natalia Finzi, su richiesta del pm Angela Scorza, ha dato atto della rinuncia all\u2019esame per 12 imputati; e ha disposto verifiche sulla autocertificazione prodotta dal 13esimo per giustificare la sua assenza.<\/p>\n<p>Il primo a prendere la parola in aula, \u00e8 stato uno degli accusati pi\u00f9 noti per via del suo passato da consigliere comunale di centrodestra: il 49enne Gianluca Palazzetti. &#8220;Il mio medico di base era andato in pensione &#8211; ha ricordato di quei giorni &#8211; e quello nuovo aveva ambulatorio nello stesso plesso di Passarini&#8221;. E fu un giorno in sala d\u2019attesa che &#8220;sentii parlare del fatto che Passarini fosse anche vaccinatore: cos\u00ec io e mia moglie ci rivolgemmo a lui. Eravamo un po\u2019 perplessi sul fare la vaccinazione o meno: avevamo sentito tante cose e volevamo il consulto di un medico&#8221;. Sul vaccino, Passarini &#8220;ci disse che dava maggiore garanzia di non contrarre virus. Io ero pi\u00f9 convinto: alla fine convinsi pure mia moglie&#8221;. Cos\u00ec &#8220;ci ha vaccinato lui. Facemmo due dosi, era fine estate, inizio autunno&#8221;.<\/p>\n<p>Era il 2021: a novembre di quell\u2019anno Passarini venne arrestato dalla polizia per poi patteggiato due anni per falso legato alle iniezioni fasulle; per peculato per via della contestata appropriazione di 13 fiale di vaccino Pfizer; e per evasione per avere parlato il 17 novembre 2021 a un<\/p>\n<p>giornalista uscendo di casa mentre si trovava ai domiciliari.<\/p>\n<p>&#8220;La prima dose &#8211; ha proseguito Palazzetti &#8211; nell\u2019ambulatorio di Marina. La seconda in quello a Ravenna&#8221;. In quanto alle modalit\u00e0 di somministrazione del vaccino, cos\u00ec le ha descritte: &#8220;Il dottore agit\u00f2 una fialetta presa da un frigo o da un mobile e us\u00f2 un ago&#8221;. L\u2019ex consigliere ha negato di avere poi ricevuto una lettera dell\u2019Ausl per eseguire &#8220;il test anticorpale: altrimenti ci saremmo andati&#8221;. A questo punto ha depositato alla corte il risultato del test eseguito il &#8220;7 maggio 2022 in un laboratorio di Ravenna con la moglie. Risultato &#8211; ha sottolineato -: anticorpi attivi&#8221;. Il pm ha tuttavia rimarcato la distanza temporale dalle inoculazioni fatte negli ambulatori di Passarini: &#8220;\u00c8 un po\u2019 dopo&#8230;&#8221;.<\/p>\n<p>L\u2019imputato a seguire, ha spiegato di avere saputo da un familiare dell\u2019attivit\u00e0 di Passarini come vaccinatore: &#8220;Mio fratello era assistito da lui, me ne parl\u00f2. Andai l\u00ec per evitare il cmp: meno gente vedevo meglio era. Mi sono presentato, mi veniva comodo: era&#8221; non distante &#8220;da casa mia&#8221;. Data: 7 ottobre 2021, &#8220;poi feci il richiamo a fine mese&#8221;. Il pm ha qui introdotto il tema legato alla concentrazione degli anticorpi: &#8220;Dopo la convocazione in questura, fece il test anticorpale che risult\u00f2 negativo e le tolsero il green pass&#8221;. L\u2019imputato ha allora sottolineato che &#8220;la negativit\u00e0 mi sorprese: contattai l\u2019Ausl per un nuovo prelievo fatto il primo dicembre: stavolta risultai positivo&#8221;.<\/p>\n<p>Andrea Colombari<\/p>\n","protected":false},"excerpt":{"rendered":"Tutti hanno detto che si erano presentati direttamente dal medico Mauro Passarini, senza appuntamento, per farsi vaccinare contro&hellip;\n","protected":false},"author":3,"featured_media":154772,"comment_status":"","ping_status":"","sticky":false,"template":"","format":"standard","meta":{"footnotes":""},"categories":[1512],"tags":[26102,33,3580,4124,12584,239,1537,90,89,95654,240,2189,2188,2187],"class_list":{"0":"post-154771","1":"post","2":"type-post","3":"status-publish","4":"format-standard","5":"has-post-thumbnail","7":"category-vaccini","8":"tag-andavamo","9":"tag-appuntamento","10":"tag-armadio","11":"tag-covid","12":"tag-falsi","13":"tag-health","14":"tag-it","15":"tag-italia","16":"tag-italy","17":"tag-passarini","18":"tag-salute","19":"tag-vaccine","20":"tag-vaccines","21":"tag-vaccini"},"share_on_mastodon":{"url":"","error":""},"_links":{"self":[{"href":"https:\/\/www.europesays.com\/it\/wp-json\/wp\/v2\/posts\/154771","targetHints":{"allow":["GET"]}}],"collection":[{"href":"https:\/\/www.europesays.com\/it\/wp-json\/wp\/v2\/posts"}],"about":[{"href":"https:\/\/www.europesays.com\/it\/wp-json\/wp\/v2\/types\/post"}],"author":[{"embeddable":true,"href":"https:\/\/www.europesays.com\/it\/wp-json\/wp\/v2\/users\/3"}],"replies":[{"embeddable":true,"href":"https:\/\/www.europesays.com\/it\/wp-json\/wp\/v2\/comments?post=154771"}],"version-history":[{"count":0,"href":"https:\/\/www.europesays.com\/it\/wp-json\/wp\/v2\/posts\/154771\/revisions"}],"wp:featuredmedia":[{"embeddable":true,"href":"https:\/\/www.europesays.com\/it\/wp-json\/wp\/v2\/media\/154772"}],"wp:attachment":[{"href":"https:\/\/www.europesays.com\/it\/wp-json\/wp\/v2\/media?parent=154771"}],"wp:term":[{"taxonomy":"category","embeddable":true,"href":"https:\/\/www.europesays.com\/it\/wp-json\/wp\/v2\/categories?post=154771"},{"taxonomy":"post_tag","embeddable":true,"href":"https:\/\/www.europesays.com\/it\/wp-json\/wp\/v2\/tags?post=154771"}],"curies":[{"name":"wp","href":"https:\/\/api.w.org\/{rel}","templated":true}]}}