{"id":154848,"date":"2025-10-09T06:19:20","date_gmt":"2025-10-09T06:19:20","guid":{"rendered":"https:\/\/www.europesays.com\/it\/154848\/"},"modified":"2025-10-09T06:19:20","modified_gmt":"2025-10-09T06:19:20","slug":"lorchestra-della-fenice-sciopera-il-17-ottobre","status":"publish","type":"post","link":"https:\/\/www.europesays.com\/it\/154848\/","title":{"rendered":"l&#8217;orchestra della Fenice sciopera il 17 ottobre"},"content":{"rendered":"<p style=\"text-align:justify;\">Non \u00e8 andato bene l&#8217;<a href=\"https:\/\/www.veneziatoday.it\/cronaca\/beatrice-venezi-muro-contro-muro.html\" rel=\"nofollow noopener\" target=\"_blank\">incontro di oggi<\/a> con il sindaco e presidente della fondazione Teatro La Fenice, Luigi Brugnaro, con i lavoratori della Fenice, che il 25 settembre avevano <a href=\"https:\/\/www.veneziatoday.it\/attualita\/orchestra-fenice-chiede-revoca-beatrice-venezi.html\" rel=\"nofollow noopener\" target=\"_blank\">chiesto la revoca<\/a> della nomina di Beatrice Venezi da direttrice musicale.<\/p>\n<p style=\"text-align:justify;\"><a href=\"https:\/\/whatsapp.com\/channel\/0029VaDSWgR1Hsq4uWb1mS0I\" target=\"_blank\" rel=\"nofollow noopener\"><strong>Clicca qui per iscriverti al canale WhatsApp di VeneziaToday<\/strong><\/a><\/p>\n<p style=\"text-align:justify;\">C&#8217;\u00e8 stato qualche chiarimento, ma le parti sono rimaste ferme sulle proprie posizioni: gli orchestrali chiedono la revoca della nomina per ricominciare le interlocuzioni, sovrintentente e sindaco la escludono. E quindi sar\u00e0 sciopero nel giorno della \u201cprima\u201d, il Wozzeck del 17 ottobre.\u00a0<\/p>\n<p>Il resoconto dell&#8217;assemblea: il sindaco invita a conoscere Venezi<\/p>\n<p style=\"text-align:justify;\">Nel resoconto delle rappresentanze sindacali presenti al tavolo, nessuno dei dubbi posti dai lavoratori \u00e8 stato risolto. \u00a0Alla domanda su quale giudizio di merito abbia guidato la scelta di Venezi rispetto agli altri nomi sul tavolo, il sindaco avrebbe infatti motivato la decisione come una scelta \u201cbasata anche sulla fiducia\u201d. \u00abUna spiegazione che lascia pi\u00f9 di qualche perplessit\u00e0. Davvero oggi le nomine si decidono sulla base della fiducia, come se concorsi e selezioni pubbliche si svolgessero per simpatia anzich\u00e9 su competenza e merito oggettivo?\u00bb dicono i lavoratori.\u00a0<\/p>\n<p style=\"text-align:justify;\">Il sindaco ha invitato i musicisti a \u201cconoscere\u201d la direttrice, ma i musicisti da parte loro hanno tenuto il punto, sottolineando che si tratta di un fatto che avrebbe dovuto avvenire prima, non dopo la nomina. Il Sindaco avrebbe anche accusato la rappresentanza sindacale di essersi scagliata sulla persona, i lavoratori da parte loro avrebbero chiesto di documentare le presunte diffamazioni, senza ricevere risposta.<\/p>\n<p style=\"text-align:justify;\">Il sovrintendente Nicola Colabianchi, presente all&#8217;incontro, avrebbe dichiarato ai lavoratori di aver nominato Beatrice Venezi direttore musicale basandosi sulle stesse caratteristiche di Diego Matheuz (nominato direttore musicale a 27 anni, ndr), una scelta che per\u00f2 allora il Teatro non aveva mai contestato, avendoci lavorato insieme prima della nomina. Secondo Colabianchi, Venezi ha gi\u00e0 ottenuto un grande successo di pubblico a Cagliari, con 14.000 presenze, dimostrando la sua capacit\u00e0 di attrarre spettatori. Inoltre, la sua abilit\u00e0 nella comunicazione, testimoniata anche dalla pubblicazione di libri, rappresenterebbe un valore aggiunto. La rappresentanza dei lavoratori \u00abribadisce con forza che la questione centrale resta il merito e la trasparenza, non le accuse personali, e continuer\u00e0 a difendere gli interessi dei lavoratori e la credibilit\u00e0 dell\u2019istituzione Teatro La Fenice\u00bb, continuando a chiedere la revoca della nomina, su cui c&#8217;\u00e8 stata chiusura totale da parte di sovrintendente e sindaco.\u00a0<\/p>\n<p>Lo sciopero e l&#8217;assemblea pubblica il 17 ottobre<\/p>\n<p style=\"text-align:justify;\">I lavoratori della Fenice si sono detti comunque disponibili a iniziare un percorso \u201cconoscitivo\u201d con Venezi come suggerito dal sindaco, ma solo dopo che sia avvenuta una revoca preventiva della nomina a direttore musicale.<\/p>\n<p style=\"text-align:justify;\">A questo punto il livello dello scontro si alza. I sindacati della Fenice, quindi, proclamano lo sciopero per venerd\u00ec 17 ottobre, in concomitanza con la prima di Wozzeck, l&#8217;appuntamento pi\u00f9 importante dell&#8217;autunno. Alle ore 18:00 di quel giorno si terr\u00e0 un\u2019assemblea pubblica, in un luogo che sar\u00e0 comunicato nei prossimi giorni, aperta alla cittadinanza. I lavoratori si aspettano la partecipazione degli utenti della Fenice, ma anche di musicisti e colleghi delle altre istituzioni culturali e orchestre italiane che hanno espresso solidariet\u00e0 al Teatro La Fenice in queste settimane. La faccenda infatti ha ormai da tempo travalicato i confini di Venezia, diventando una questione di rapporti lavorativi tra orchestre e dirigenti delle fondazioni.<\/p>\n<p>Il sindaco: \u00abSono fiducioso, ho dato solidariet\u00e0 a Venezi\u00bb<\/p>\n<p style=\"text-align:justify;\">Il sindaco Luigi Brugnaro, uscendo dall&#8217;incontro, ha detto ai cronisti (video in basso) che \u00abc&#8217;\u00e8 anche un tema di progettazione intorno a questa nomina, io voglio tenere aperto un canale di dialogo\u00bb. Per Brugnaro, che continua a definire \u201cgiovane\u201d Beatrice Venezi nonostante abbia 35 anni, la nomina potrebbe dare \u00abgrandi speranze al teatro\u00bb.\u00a0<\/p>\n<p style=\"text-align:justify;\">\u00abHo incontrato Venezi e le ho dato massima solidariet\u00e0 della citt\u00e0, anche come persona &#8211; ha detto il sindaco &#8211; Ho detto all&#8217;orchestra che li capisco, ma la ragazza va tutelata. Si tratta anche di scoprirla e di conoscerla. Noi saremo rispettosi delle loro posizioni, ma sono fiducioso\u00bb ha concluso il sindaco, secondo cui \u00abda situazioni difficili possono nascere risultati straordinari\u00bb. In sintesi, la revoca della nomina non \u00e8 sul tavolo.<\/p>\n<p style=\"text-align:justify;\">Da parte sua va all&#8217;attacco la segretaria comunale del Pd Monica Sambo, secondo cui la nomina va ritirata: \u00abIl sovrintendente e il sindaco devono smetterla di prestare la Fenice alle loro scorribande politiche e ripristinare l\u2019autonomia della cultura, rispettando chi ogni giorno fa vivere questo teatro e lo rende un patrimonio di tutta la citt\u00e0. I lavoratori della Fenice hanno dato una lezione importante: la cultura non \u00e8 una propriet\u00e0 privata da usare come passerella politica, ma un bene comune da difendere con competenza e rispetto\u00bb dice Sambo.<\/p>\n<p style=\"text-align:justify;\">\u00a0<\/p>\n","protected":false},"excerpt":{"rendered":"Non \u00e8 andato bene l&#8217;incontro di oggi con il sindaco e presidente della fondazione Teatro La Fenice, Luigi&hellip;\n","protected":false},"author":3,"featured_media":154849,"comment_status":"","ping_status":"","sticky":false,"template":"","format":"standard","meta":{"footnotes":""},"categories":[6],"tags":[88017,14,8,1537,90,89,7,15,82,9,83,10,28156,29861,88019,13,11,80,84,12,81,85],"class_list":{"0":"post-154848","1":"post","2":"type-post","3":"status-publish","4":"format-standard","5":"has-post-thumbnail","7":"category-ultime-notizie","8":"tag-beatrice-venezi","9":"tag-cronaca","10":"tag-headlines","11":"tag-it","12":"tag-italia","13":"tag-italy","14":"tag-news","15":"tag-notizie","16":"tag-notizie-di-cronaca","17":"tag-notizie-principali","18":"tag-notiziedicronaca","19":"tag-notizieprincipali","20":"tag-sciopero","21":"tag-sovrintendente","22":"tag-teatro-la-fenice","23":"tag-titoli","24":"tag-ultime-notizie","25":"tag-ultime-notizie-di-cronaca","26":"tag-ultime-notizie-e-news-di-oggi","27":"tag-ultimenotizie","28":"tag-ultimenotiziedicronaca","29":"tag-ultimenotizieenewsdioggi"},"share_on_mastodon":{"url":"","error":""},"_links":{"self":[{"href":"https:\/\/www.europesays.com\/it\/wp-json\/wp\/v2\/posts\/154848","targetHints":{"allow":["GET"]}}],"collection":[{"href":"https:\/\/www.europesays.com\/it\/wp-json\/wp\/v2\/posts"}],"about":[{"href":"https:\/\/www.europesays.com\/it\/wp-json\/wp\/v2\/types\/post"}],"author":[{"embeddable":true,"href":"https:\/\/www.europesays.com\/it\/wp-json\/wp\/v2\/users\/3"}],"replies":[{"embeddable":true,"href":"https:\/\/www.europesays.com\/it\/wp-json\/wp\/v2\/comments?post=154848"}],"version-history":[{"count":0,"href":"https:\/\/www.europesays.com\/it\/wp-json\/wp\/v2\/posts\/154848\/revisions"}],"wp:featuredmedia":[{"embeddable":true,"href":"https:\/\/www.europesays.com\/it\/wp-json\/wp\/v2\/media\/154849"}],"wp:attachment":[{"href":"https:\/\/www.europesays.com\/it\/wp-json\/wp\/v2\/media?parent=154848"}],"wp:term":[{"taxonomy":"category","embeddable":true,"href":"https:\/\/www.europesays.com\/it\/wp-json\/wp\/v2\/categories?post=154848"},{"taxonomy":"post_tag","embeddable":true,"href":"https:\/\/www.europesays.com\/it\/wp-json\/wp\/v2\/tags?post=154848"}],"curies":[{"name":"wp","href":"https:\/\/api.w.org\/{rel}","templated":true}]}}