{"id":154854,"date":"2025-10-09T06:25:10","date_gmt":"2025-10-09T06:25:10","guid":{"rendered":"https:\/\/www.europesays.com\/it\/154854\/"},"modified":"2025-10-09T06:25:10","modified_gmt":"2025-10-09T06:25:10","slug":"le-ambizioni-della-teodora-sabato-il-derby-a-forli","status":"publish","type":"post","link":"https:\/\/www.europesays.com\/it\/154854\/","title":{"rendered":"Le ambizioni della Teodora. Sabato il derby a Forl\u00ec"},"content":{"rendered":"<p>Comincia sabato l\u2019avventura delle 308 squadre italiane di <strong>pallavolo di serie B<\/strong>, suddivise in otto gironi di B Unificata maschile, in quattro di B1 femminile e in 10 di B2 femminile. Un movimento di oltre cinquemila persone, fra atleti, tecnici, dirigenti, medici e accompagnatori a vario titolo. L\u2019<strong>Olimpia Teodora<\/strong> \u00e8 inserita nel girone B di B1, comprendente altre 3 squadre romagnole (Forl\u00ec, Cesena e Riccione), 5 emiliane, 3 della provincia di Firenze e 2 di quella di Cremona.<\/p>\n<p>La societ\u00e0 ravennate \u00e8 al secondo anno di un progetto che l\u2019ha vista tornare in B1, raccogliendo la sfida, che era sembrata impossibile, di costruire &#8220;la squadra della citt\u00e0&#8221;, recuperando le atlete cresciute nelle varie realt\u00e0 ravennati che si erano disperse altrove e affidando il ruolo di head coach al quasi esordiente <strong>Federico Rizzi<\/strong> (divenuto padre in settimana), che si \u00e8 ben disimpegnato nel primo anno di panchina, assistito da Fabio Falco.<\/p>\n<p>Il gruppo titolare \u00e8 stato confermato per cinque settimi, con le diagonali Poggi-Casini, Fabbri-Marchesano e il libero Franzoso, promosso capitano. Le novit\u00e0 sono nel reparto martelli, dove al posto di Gabrielli e Pirro, sono giunte la mantovana Boninsegna e la ravennate Monaco, di rientro dopo aver fatto parte dell\u2019Olimpia ai tempi della A2. Fra i rincalzi sono uscite Piraccini (si dedicher\u00e0 al beach volley), Benzoni, Missiroli, Nika e Fusaroli. Le prime alternative, tutte &#8220;made in RA&#8221;, saranno le gi\u00e0 collaudate Balducci e Bendoni, seguite dalle esordienti Ratti e Piani.<\/p>\n<p>La formula prevede tre <strong>promozioni dirette nella nuova categoria nazionale A3<\/strong>. E il sodalizio giallorosso non nasconde l\u2019ambizione di battersi per questo risultato. Del resto il quinto posto della passata stagione era stato ottenuto con una forte accelerazione finale che aveva lasciato immaginare potenzialit\u00e0 superiori, che la rosa rinforzata pu\u00f2 ora concretizzare.<\/p>\n<p>Razionalizzato il settore giovanile, in collaborazione con le altre societ\u00e0 cittadine (anche il Porto Robur Costa, che ha aperto gi\u00e0 dalla scorsa stagione una sezione femminile) nel tentativo, sempre pi\u00f9 difficile e oneroso, di tenere accesa la fiammella della pallavolo nella citt\u00e0 che ha dato culla e lustro a questo sport. Franzoso e compagne esordiranno in trasferta, sabato prossimo, ore 20.30, al Villa Romiti di Forl\u00ec (dove l\u2019Olimpia perse la finale di Coppa dei Campioni del 1985) contro la Libertas, che ha avvicendato coach Marone con un altro ex Olimpia: Nello Caliendo.<\/p>\n<p>Marco Ortolani<\/p>\n","protected":false},"excerpt":{"rendered":"Comincia sabato l\u2019avventura delle 308 squadre italiane di pallavolo di serie B, suddivise in otto gironi di B&hellip;\n","protected":false},"author":3,"featured_media":154855,"comment_status":"","ping_status":"","sticky":false,"template":"","format":"standard","meta":{"footnotes":""},"categories":[1474],"tags":[12746,5187,1537,90,89,2841,245,244,26172,1869],"class_list":{"0":"post-154854","1":"post","2":"type-post","3":"status-publish","4":"format-standard","5":"has-post-thumbnail","7":"category-volley","8":"tag-ambizioni","9":"tag-derby","10":"tag-it","11":"tag-italia","12":"tag-italy","13":"tag-sabato","14":"tag-sport","15":"tag-sports","16":"tag-teodora","17":"tag-volley"},"share_on_mastodon":{"url":"","error":""},"_links":{"self":[{"href":"https:\/\/www.europesays.com\/it\/wp-json\/wp\/v2\/posts\/154854","targetHints":{"allow":["GET"]}}],"collection":[{"href":"https:\/\/www.europesays.com\/it\/wp-json\/wp\/v2\/posts"}],"about":[{"href":"https:\/\/www.europesays.com\/it\/wp-json\/wp\/v2\/types\/post"}],"author":[{"embeddable":true,"href":"https:\/\/www.europesays.com\/it\/wp-json\/wp\/v2\/users\/3"}],"replies":[{"embeddable":true,"href":"https:\/\/www.europesays.com\/it\/wp-json\/wp\/v2\/comments?post=154854"}],"version-history":[{"count":0,"href":"https:\/\/www.europesays.com\/it\/wp-json\/wp\/v2\/posts\/154854\/revisions"}],"wp:featuredmedia":[{"embeddable":true,"href":"https:\/\/www.europesays.com\/it\/wp-json\/wp\/v2\/media\/154855"}],"wp:attachment":[{"href":"https:\/\/www.europesays.com\/it\/wp-json\/wp\/v2\/media?parent=154854"}],"wp:term":[{"taxonomy":"category","embeddable":true,"href":"https:\/\/www.europesays.com\/it\/wp-json\/wp\/v2\/categories?post=154854"},{"taxonomy":"post_tag","embeddable":true,"href":"https:\/\/www.europesays.com\/it\/wp-json\/wp\/v2\/tags?post=154854"}],"curies":[{"name":"wp","href":"https:\/\/api.w.org\/{rel}","templated":true}]}}