{"id":154898,"date":"2025-10-09T06:59:10","date_gmt":"2025-10-09T06:59:10","guid":{"rendered":"https:\/\/www.europesays.com\/it\/154898\/"},"modified":"2025-10-09T06:59:10","modified_gmt":"2025-10-09T06:59:10","slug":"elia-caprile-intervista-buffon-mi-ha-fatto-innamorare-il-pianoforte-mi-rilassa","status":"publish","type":"post","link":"https:\/\/www.europesays.com\/it\/154898\/","title":{"rendered":"Elia Caprile, intervista: &#8220;Buffon mi ha fatto innamorare, il pianoforte mi rilassa&#8221;"},"content":{"rendered":"<p>                                Il portiere dei sardi: &#8220;A Napoli andava tutto bene e ho un ricordo bellissimo, ma mi guardavo allo specchio e sentivo che mi mancava una parte di me&#8221;<\/p>\n<p>            <a class=\"image is-50x50\" href=\"https:\/\/www.gazzetta.it\/redazione\/matteo-brega\/\" rel=\"nofollow noopener\" target=\"_blank\"><br \/>\n                <img decoding=\"async\" class=\"is-rounded\" src=\"https:\/\/www.europesays.com\/it\/wp-content\/uploads\/2025\/10\/1759993150_171_omino.png\" alt=\"Matteo Brega\"\/><br \/>\n            <\/a><\/p>\n<p>Giornalista<\/p>\n<p>                    9 ottobre &#8211; 08:11  &#8211; MILANO<\/p>\n<p class=\"paragraph\" spellcheck=\"true\">Elia Caprile ha una visione chiara e allo stesso tempo autocritica della quotidianit\u00e0. Il suo equilibrio deriva da questa visione. La partenza positiva del Cagliari lo soddisfa, ma non lo sazia.<\/p>\n<p class=\"paragraph\" spellcheck=\"true\"><b>Otto punti in 6 partite con 2 soli ko contro Napoli e Inter: quale bilancio si pu\u00f2 fare?<\/b><\/p>\n<p class=\"paragraph\" spellcheck=\"true\">&#8220;Siamo partiti bene e dobbiamo darcene atto perch\u00e9 i punti raccolti finora sono una buonissima prova. Per\u00f2 il campionato \u00e8 lungo e bisogna restare concentrati sull\u2019obiettivo. Centrare la salvezza il prima possibile \u00e8 la priorit\u00e0&#8221;.<\/p>\n<p class=\"paragraph\" spellcheck=\"true\"><b>E come valuta il suo avvio di campionato? La sua media voto per la Gazzetta \u00e8 6,75\u2026<\/b><\/p>\n<p class=\"paragraph\" spellcheck=\"true\">&#8220;Lavoro quotidianamente per diventare la miglior versione di me stesso dentro e fuori dal campo. Sono quindi contento, ma \u00e8 solo la prima parte del torneo&#8221;.<\/p>\n<p class=\"paragraph\" spellcheck=\"true\">&#8220;Molto\u2026 e pensi che sono anche migliorato rispetto a quando ero un ragazzino\u2026&#8221;.<\/p>\n<p class=\"paragraph\" spellcheck=\"true\"><b>Quale impressione si \u00e8 fatto della qualit\u00e0 del campionato?<\/b><\/p>\n<p class=\"paragraph\" spellcheck=\"true\">&#8220;Il livello si \u00e8 alzato. Le propriet\u00e0 straniere che sono entrate in diverse societ\u00e0 hanno iniettato investimenti e hanno portato a un livello superiore la Serie A. \u00c8 un plus per tutti avere un torneo pi\u00f9 competitivo. Per\u00f2 non contano solo i soldi per fortuna\u2026&#8221;.<\/p>\n<p class=\"paragraph\" spellcheck=\"true\">&#8220;Mi riferisco al fatto che alla fine contano le idee, quelle buone. Ci sono tanti allenatori e tante societ\u00e0 che con le buone idee compensano e costruiscono squadre che possono giocarsela contro ogni avversaria&#8221;.<\/p>\n<p class=\"paragraph\" spellcheck=\"true\"><b>Un po\u2019 come a Cagliari\u2026<\/b><\/p>\n<p class=\"paragraph\" spellcheck=\"true\">&#8220;Esattamente. La societ\u00e0 ha affidato a Fabio Pisacane la squadra: un allenatore giovane, all\u2019esordio con una prima squadra che si sta dimostrando preparato e credibile con la sua proposta di calcio. Conosce bene le dinamiche dello spogliatoio, ha portato principi di gioco nuovi e noi ci fidiamo di lui&#8221;.<\/p>\n<p class=\"paragraph\" spellcheck=\"true\"><b>Si \u00e8 vista una squadra interessante e costruttiva: ci sono margini di miglioramento?<\/b><\/p>\n<p class=\"paragraph\" spellcheck=\"true\">&#8220;S\u00ec, possiamo fare ancora di pi\u00f9 e meglio&#8221;.<\/p>\n<p class=\"paragraph\" spellcheck=\"true\"><b>La sua carriera, nonostante abbia solo 24 anni, porta a diverse riflessioni: a 18 anni \u00e8 andato in Inghilterra, a 20 \u00e8 passato da una squadra di Premier alla C italiana, a 23 lascia i futuri campioni d\u2019Italia per una squadra che lotta per salvarsi.<\/b><\/p>\n<p class=\"paragraph\" spellcheck=\"true\">&#8220;Leeds \u00e8 stata un\u2019esperienza anche di vita: ho imparato l\u2019inglese e a vedere il calcio da una prospettiva differente. Poi la Pro Patria: sono arrivato che avevo un contratto lungo con un club di Premier e ho condiviso la stagione con compagni che si giocavano il contratto anno per anno. Ho capito moltissimo. A Napoli andava tutto bene e ho un ricordo bellissimo di club e citt\u00e0, ma mi guardavo allo specchio e sentivo che mi mancava una parte di me. Ringrazio Cagliari per l\u2019opportunit\u00e0 che mi sta dando&#8221;.<\/p>\n<p class=\"paragraph\" spellcheck=\"true\"><b>Com\u2019\u00e8 stato vivere da solo in un paese straniero in pieno lockdown?<\/b><\/p>\n<p class=\"paragraph\" spellcheck=\"true\">&#8220;Mi \u00e8 piaciuto stare con me stesso, mi ha aiutato a capire che il tempo libero deve essere di qualit\u00e0 e va condiviso con la gente giusta&#8221;.<\/p>\n<p class=\"paragraph\" spellcheck=\"true\"><b>Dopo sei mesi positivissimi in Sardegna sono arrivati attestati di stima da parte di top club italiani ed europei. Lei ormai ha una valutazione che si aggira sui 35 milioni: come la vive?<\/b><\/p>\n<p class=\"paragraph\" spellcheck=\"true\">&#8220;Fa piacere sentirsi accostati a top club. Per\u00f2 la mia testa \u00e8 sul Cagliari, sono concentrato ad aiutare tutti nel raggiungimento della salvezza&#8221;.<\/p>\n<p class=\"paragraph\" spellcheck=\"true\"><b>Il suo livello porta a pensare che la Nazionale sia raggiungibile: ci pensa per il futuro prossimo?<\/b><\/p>\n<p class=\"paragraph\" spellcheck=\"true\">&#8220;Innanzitutto bisogna essere onesti e dire che Donnarumma \u00e8 il migliore del mondo nel ruolo. Poi ci sono tanti portieri italiani bravi e io sogno l\u2019azzurro sapendo che pu\u00f2 diventare realt\u00e0 solo lavorando bene con il Cagliari&#8221;.<\/p>\n<p class=\"paragraph\" spellcheck=\"true\"><b>\u00c8 sempre stato portiere?<\/b><\/p>\n<p class=\"paragraph\" spellcheck=\"true\">&#8220;S\u00ec, mi piaceva sporcarmi quando mi buttavo: mamma Elisabetta mi metteva sotto la doccia direttamente vestito. E mi sono innamorato del ruolo grazie alla maglietta dorata di Gigi Buffon del Mondiale 2006&#8221;.<\/p>\n<p class=\"paragraph\" spellcheck=\"true\"><b>Mai pensato \u201cma chi me l\u2019ha fatto fare\u201d?<\/b><\/p>\n<p class=\"paragraph\" spellcheck=\"true\">&#8220;Una vocina dentro di me ha sempre spinto per non farmi desistere. I momenti difficili ci sono stati e ci saranno. Ma ho lavorato molto su di me con un percorso motivazionale. Con i sacrifici si arriva&#8221;.<\/p>\n<p class=\"paragraph\" spellcheck=\"true\"><b>Che ruolo hanno avuto i suoi genitori?<\/b><\/p>\n<p class=\"paragraph\" spellcheck=\"true\">&#8220;Mi hanno supportato, ma non obbligato. Mio padre Luigi ha fatto un po\u2019 il mio allenatore imparando dai tutorial su Internet&#8221;.<\/p>\n<p class=\"paragraph\" spellcheck=\"true\"><b>E suo fratello Jacopo continua a giocare? Siete passati entrambi dal vivaio del Chievo\u2026<\/b><\/p>\n<p class=\"paragraph\" spellcheck=\"true\">&#8220;Continua a giocare ma ho spinto affinch\u00e9 provasse l\u2019esperienza estera. Studia economia e commercio in Florida e gioca come difensore nella squadra del college. Vuole diventare procuratore sportivo&#8221;.<\/p>\n<p class=\"paragraph\" spellcheck=\"true\"><b>A Cagliari si \u00e8 integrato rapidamente?<\/b><\/p>\n<p class=\"paragraph\" spellcheck=\"true\">&#8220;S\u00ec, \u00e8 una citt\u00e0 a misura d\u2019uomo anche se non ho molto tempo. A novembre la mia compagna Emily e io diventeremo genitori di Edoardo e oltre a giocare devo pensare a preparare la casa (sorride, ndr)&#8221;.<\/p>\n<p class=\"paragraph\" spellcheck=\"true\"><b>Quindi la sua passione per il pianoforte \u00e8 stata accantonata?<\/b><\/p>\n<p class=\"paragraph\" spellcheck=\"true\">&#8220;Per adesso s\u00ec, ho dovuto fare spazio! Per\u00f2 la vorrei riprendere. Ho iniziato grazie al ricordo di nonna Fabiola che lo suonava. Ho preso lezione a Bari e mi rilassa. D\u2019altronde la musica \u00e8 nella vita di tutti i giorni&#8221;.\u00a0<\/p>\n<p class=\"is-copyright\">\u00a9 RIPRODUZIONE RISERVATA<\/p>\n","protected":false},"excerpt":{"rendered":"Il portiere dei sardi: &#8220;A Napoli andava tutto bene e ho un ricordo bellissimo, ma mi guardavo allo&hellip;\n","protected":false},"author":3,"featured_media":154899,"comment_status":"","ping_status":"","sticky":false,"template":"","format":"standard","meta":{"footnotes":""},"categories":[1452],"tags":[1960,13245,95675,95676,7920,4990,3439,7448,17512,6300,721,1856,58567,554,10900,13326,934,95677,6693,5115,4876,1740,2753,1889,89313,95678,95679,6108,1537,90,627,89,6110,32987,248,95680,95681,5385,16461,98,1916,2855,115,1292,4963,1922,95682,95683,138,8820,1925,95684,2434,1739,1359,17032,245,244,1857],"class_list":{"0":"post-154898","1":"post","2":"type-post","3":"status-publish","4":"format-standard","5":"has-post-thumbnail","7":"category-calcio","8":"tag-allenatore","9":"tag-andava","10":"tag-andava-ricordo","11":"tag-andava-ricordo-bellissimo","12":"tag-azzurro","13":"tag-bellissimo","14":"tag-bisogna","15":"tag-buffon","16":"tag-buone","17":"tag-cagliari","18":"tag-calcio","19":"tag-campionato","20":"tag-caprile","21":"tag-club","22":"tag-condiviso","23":"tag-contano","24":"tag-continua","25":"tag-continua-giocare","26":"tag-contratto","27":"tag-diverse","28":"tag-esperienza","29":"tag-football","30":"tag-genitori","31":"tag-giocare","32":"tag-guardavo","33":"tag-guardavo-specchio","34":"tag-guardavo-specchio-sentivo","35":"tag-idee","36":"tag-it","37":"tag-italia","38":"tag-italiani","39":"tag-italy","40":"tag-livello","41":"tag-mancava","42":"tag-napoli","43":"tag-napoli-andava","44":"tag-napoli-andava-ricordo","45":"tag-pensare","46":"tag-pianoforte","47":"tag-porta","48":"tag-portato","49":"tag-portiere","50":"tag-premier","51":"tag-punti","52":"tag-qualita","53":"tag-ricordo","54":"tag-ricordo-bellissimo","55":"tag-rilassa","56":"tag-ruolo","57":"tag-salvezza","58":"tag-sentivo","59":"tag-sentivo-mancava","60":"tag-si","61":"tag-soccer","62":"tag-societa","63":"tag-specchio","64":"tag-sport","65":"tag-sports","66":"tag-squadra"},"share_on_mastodon":{"url":"","error":""},"_links":{"self":[{"href":"https:\/\/www.europesays.com\/it\/wp-json\/wp\/v2\/posts\/154898","targetHints":{"allow":["GET"]}}],"collection":[{"href":"https:\/\/www.europesays.com\/it\/wp-json\/wp\/v2\/posts"}],"about":[{"href":"https:\/\/www.europesays.com\/it\/wp-json\/wp\/v2\/types\/post"}],"author":[{"embeddable":true,"href":"https:\/\/www.europesays.com\/it\/wp-json\/wp\/v2\/users\/3"}],"replies":[{"embeddable":true,"href":"https:\/\/www.europesays.com\/it\/wp-json\/wp\/v2\/comments?post=154898"}],"version-history":[{"count":0,"href":"https:\/\/www.europesays.com\/it\/wp-json\/wp\/v2\/posts\/154898\/revisions"}],"wp:featuredmedia":[{"embeddable":true,"href":"https:\/\/www.europesays.com\/it\/wp-json\/wp\/v2\/media\/154899"}],"wp:attachment":[{"href":"https:\/\/www.europesays.com\/it\/wp-json\/wp\/v2\/media?parent=154898"}],"wp:term":[{"taxonomy":"category","embeddable":true,"href":"https:\/\/www.europesays.com\/it\/wp-json\/wp\/v2\/categories?post=154898"},{"taxonomy":"post_tag","embeddable":true,"href":"https:\/\/www.europesays.com\/it\/wp-json\/wp\/v2\/tags?post=154898"}],"curies":[{"name":"wp","href":"https:\/\/api.w.org\/{rel}","templated":true}]}}