{"id":154914,"date":"2025-10-09T07:07:17","date_gmt":"2025-10-09T07:07:17","guid":{"rendered":"https:\/\/www.europesays.com\/it\/154914\/"},"modified":"2025-10-09T07:07:17","modified_gmt":"2025-10-09T07:07:17","slug":"il-direttore-della-asl-egisto-bianconi-in-visita-a-italo-leali-dobbiamo-costruire-una-sanita-che-parta-dalle-persone","status":"publish","type":"post","link":"https:\/\/www.europesays.com\/it\/154914\/","title":{"rendered":"Il direttore della Asl Egisto Bianconi in visita a Italo Leali: \u201cDobbiamo costruire una sanit\u00e0 che parta dalle persone\u201d"},"content":{"rendered":"<p> <strong>Salute &#8211; <\/strong> Il fondatore di Tuscia in Jazz, colpito dalla Sla, lo riceve nella sua casa di Ronciglione \u2013 Dialogo intenso sull\u2019assistenza domiciliare e su iniziative per la ricerca \u2013 Annunciato il concerto natalizio \u201cBlues Christmas\u201d all\u2019ospedale Santa Rosa \u2013  Grande protagonista il cagnolino Mirtillo sempre vigile accanto al suo padrone<\/p>\n<p><strong data-start=\"554\" data-end=\"569\">Ronciglione<\/strong> \u2013 Un pomeriggio di ascolto, emozione e solidariet\u00e0 quello che si \u00e8 svolto nella casa di <strong data-start=\"658\" data-end=\"673\">Italo Leali<\/strong>, a Ronciglione, dove il direttore generale della Asl di Viterbo <strong data-start=\"738\" data-end=\"757\">Egisto Bianconi<\/strong> ha fatto visita al fondatore di Tuscia in Jazz, da anni colpito dalla Sla. Con lui il direttore di Tusciaweb <strong data-start=\"871\" data-end=\"889\">Carlo Galeotti<\/strong>, co-promotore, insieme a Leali, della campagna \u201cTuscia in Jazz for Sla\u201d.<\/p>\n<p><a href=\"https:\/\/www.tusciaweb.eu\/wp-content\/uploads\/2025\/10\/WhatsApp-Image-2025-10-08-at-07.14.16-7.jpg\" rel=\"nofollow noopener\" target=\"_blank\"><img loading=\"lazy\" decoding=\"async\" class=\"size-large wp-image-1106956\" src=\"https:\/\/www.europesays.com\/it\/wp-content\/uploads\/2025\/10\/WhatsApp-Image-2025-10-08-at-07.14.16-7-550x413.jpg\" alt=\"Ronciglione - La visita di Egisto Bianconi in casa di Italo Leali\" width=\"550\" height=\"413\"   \/><\/a><\/p>\n<p style=\"text-align: center;\"><strong>Ronciglione \u2013 La visita di Egisto Bianconi a casa di Italo Leali<\/strong><\/p>\n<p data-start=\"968\" data-end=\"1481\">Ad accoglierli con grande calore la madre di Italo, <strong data-start=\"1020\" data-end=\"1047\">Maria Teresa Verdinelli<\/strong>, 81 anni, che lo assiste con straordinaria dedizione, soprattutto nelle ore notturne, insieme alla sorella <strong data-start=\"1163\" data-end=\"1180\">Alessia Leali<\/strong>. Un\u2019accoglienza familiare e toccante, segnata anche dalla presenza di <strong data-start=\"1251\" data-end=\"1263\">Mirtillo<\/strong>, il piccolo cane meticcio di casa Leali, dal carattere vivace e protettivo, che ha seguito l\u2019intero incontro con sguardo vigile e qualche abbaio di avvertimento, quasi a voler ricordare che il suo padrone non \u00e8 mai solo.<\/p>\n<p data-start=\"1483\" data-end=\"1815\">\u201cItalo vive una condizione complessa, che coinvolge tutta la famiglia \u2013 ha detto Bianconi \u2013. Approfondiremo la possibilit\u00e0 di estendere il servizio di assistenza anche nelle ore notturne. Non si tratta di una condizione di favore, ma di equit\u00e0: dobbiamo garantire servizi che rispondano ai bisogni reali, con dignit\u00e0 e giustizia\u201d.<\/p>\n<p><a href=\"https:\/\/www.tusciaweb.eu\/wp-content\/uploads\/2025\/10\/WhatsApp-Image-2025-10-08-at-07.14.16.jpg\" rel=\"nofollow noopener\" target=\"_blank\"><img loading=\"lazy\" decoding=\"async\" class=\"size-large wp-image-1106957\" src=\"https:\/\/www.europesays.com\/it\/wp-content\/uploads\/2025\/10\/WhatsApp-Image-2025-10-08-at-07.14.16-550x413.jpg\" alt=\"Ronciglione - Italo Leali con la madre Maria Teresa Verdinelli \" width=\"550\" height=\"413\"   \/><\/a><\/p>\n<p style=\"text-align: center;\"><strong>Ronciglione \u2013 Italo Leali con la madre Maria Teresa Verdinelli<\/strong><\/p>\n<p data-start=\"1817\" data-end=\"2427\">Durante il colloquio, Leali ha parlato a lungo dell\u2019<strong data-start=\"1869\" data-end=\"1878\">Adiai<\/strong>, l\u2019<strong data-start=\"1882\" data-end=\"1936\">Assistenza Domiciliare Integrata ad Alta Intensit\u00e0<\/strong>, un servizio sanitario della Asl di Viterbo rivolto ai pazienti affetti da patologie gravi o croniche che possono ricevere cure complesse direttamente a casa, grazie al lavoro coordinato di medici, infermieri, fisioterapisti, operatori socio-sanitari e psicologi. \u201cSi tratta di un servizio efficiente, professionale e umano \u2013 ha spiegato Leali \u2013. \u00c8 un modello che mette al centro la persona e consente ai malati di vivere in un ambiente familiare senza rinunciare a cure di alto livello\u201d.<\/p>\n<p data-start=\"2429\" data-end=\"2959\">Leali ha espresso gratitudine per la sensibilit\u00e0 mostrata dal direttore generale: \u201c\u00c8 stato un piacere e un onore ricevere la visita Bianconi. Ho scoperto una persona profondamente umana, capace di comprendere le esigenze e i diritti dei malati. Sono certo che con lui alla guida la sanit\u00e0 viterbese potr\u00e0 solo migliorare. Inoltre, sono felice per la piena adesione della Asl Viterbo alla nostra campagna per la ricerca contro la Sla, promossa insieme a Tusciaweb: un segnale forte e positivo per tutta la comunit\u00e0\u201d.<\/p>\n<p><a href=\"https:\/\/www.tusciaweb.eu\/wp-content\/uploads\/2025\/10\/WhatsApp-Image-2025-10-08-at-07.14.16-5.jpg\" rel=\"nofollow noopener\" target=\"_blank\"><img loading=\"lazy\" decoding=\"async\" class=\"size-large wp-image-1106955\" src=\"https:\/\/www.europesays.com\/it\/wp-content\/uploads\/2025\/10\/WhatsApp-Image-2025-10-08-at-07.14.16-5-550x413.jpg\" alt=\"Ronciglione - La visita di Egisto Bianconi in casa di Italo Leali con Carlo Galeotti\" width=\"550\" height=\"413\"   \/><\/a><\/p>\n<p style=\"text-align: center;\"><strong>Ronciglione \u2013 La visita di Egisto Bianconi a casa di Italo Leali con Carlo Galeotti<\/strong><\/p>\n<p data-start=\"2961\" data-end=\"3441\">Nel corso dell\u2019incontro \u00e8 stato anche annunciato un nuovo appuntamento di solidariet\u00e0: il concerto natalizio <strong data-start=\"3070\" data-end=\"3124\">\u201cBlues Christmas \u2013 Omaggio alle canzoni di Natale\u201d<\/strong>, promosso da Tuscia in Jazz for Sla con Tusciaweb come media partner e in collaborazione con la <strong data-start=\"3225\" data-end=\"3243\">Asl di Viterbo<\/strong>. L\u2019evento si terr\u00e0 all\u2019interno dell\u2019ospedale <strong data-start=\"3289\" data-end=\"3312\">Santa Rosa<\/strong>\u00a0per portare musica, calore e vicinanza a chi trascorrer\u00e0 le festivit\u00e0 in ospedale.<\/p>\n<p data-start=\"3443\" data-end=\"3775\">Protagonisti del concerto saranno <strong data-start=\"3477\" data-end=\"3496\">Sarah Jane Olog<\/strong>, voce potente e finalista di The Voice of Italy, e <strong data-start=\"3550\" data-end=\"3569\">Luca Casagrande<\/strong>, uno dei chitarristi blues pi\u00f9 importanti in Italia. Un\u2019iniziativa che unisce arte, empatia e solidariet\u00e0, trasformando la musica in un abbraccio collettivo per pazienti, familiari e personale sanitario.<\/p>\n<p><a href=\"https:\/\/www.tusciaweb.eu\/wp-content\/uploads\/2025\/10\/WhatsApp-Image-2025-10-08-at-17.43.42.jpg\" rel=\"nofollow noopener\" target=\"_blank\"><img loading=\"lazy\" decoding=\"async\" class=\"size-large wp-image-1107107\" src=\"https:\/\/www.europesays.com\/it\/wp-content\/uploads\/2025\/10\/WhatsApp-Image-2025-10-08-at-17.43.42-550x782.jpg\" alt=\"La locandina del concerto di Natale all'ospedale Santa Rosa organizzato da Tuscia in Jazz for Sla con Sarah Jane Olog e Luca Casagrande\" width=\"550\" height=\"782\"   \/><\/a><\/p>\n<p style=\"text-align: center;\"><strong>La locandina del concerto di Natale all\u2019ospedale Santa Rosa organizzato da Tuscia in Jazz for Sla con Sarah Jane Olog e Luca Casagrande<\/strong><\/p>\n<p data-start=\"3777\" data-end=\"4154\">\u201cLa brillantezza e la lucidit\u00e0 di Italo \u2013 ha aggiunto Bianconi \u2013 mi hanno aiutato a comprendere meglio la realt\u00e0 del nostro territorio, i punti di forza e quelli su cui intervenire. Dobbiamo costruire un servizio per i cittadini, partendo dai cittadini: capire i loro bisogni, ascoltarli e organizzarci per rispondervi. Siamo una comunit\u00e0, e come comunit\u00e0 dobbiamo muoverci\u201d.<\/p>\n<p><a href=\"https:\/\/www.tusciaweb.eu\/wp-content\/uploads\/2025\/10\/Ronciglione-Italo-Leali-con-Mirtillo-2.jpg\" rel=\"nofollow noopener\" target=\"_blank\"><img loading=\"lazy\" decoding=\"async\" class=\"size-large wp-image-1107033\" src=\"https:\/\/www.europesays.com\/it\/wp-content\/uploads\/2025\/10\/Ronciglione-Italo-Leali-con-Mirtillo-2-550x413.jpg\" alt=\"Ronciglione - Italo Leali con Mirtillo\" width=\"550\" height=\"413\"   \/><\/a><\/p>\n<p style=\"text-align: center;\"><strong>Ronciglione \u2013 Italo Leali con Mirtillo<\/strong><\/p>\n<p style=\"text-align: left;\" data-start=\"4156\" data-end=\"4431\" data-is-last-node=\"\" data-is-only-node=\"\">Il pomeriggio si \u00e8 concluso in un clima di profonda empatia e vicinanza. Mentre gli ospiti lasciavano la casa, <strong data-start=\"4267\" data-end=\"4279\">Mirtillo<\/strong> li ha accompagnati con qualche abbaio: un piccolo cane con un grande cuore, simbolo silenzioso di affetto, protezione e fedelt\u00e0.<\/p>\n<p><a href=\"https:\/\/www.tusciaweb.eu\/wp-content\/uploads\/2025\/10\/Ronciglione-Italo-Leali-con-Mirtillo-.jpg\" rel=\"nofollow noopener\" target=\"_blank\"><img loading=\"lazy\" decoding=\"async\" class=\"size-large wp-image-1107032\" src=\"https:\/\/www.europesays.com\/it\/wp-content\/uploads\/2025\/10\/Ronciglione-Italo-Leali-con-Mirtillo--550x454.jpg\" alt=\"Ronciglione - Italo Leali con Mirtillo\" width=\"550\" height=\"454\"   \/><\/a><\/p>\n<p style=\"text-align: center;\"><strong>Ronciglione \u2013 Italo Leali con Mirtillo<\/strong><\/p>\n<p><a href=\"https:\/\/www.tusciaweb.eu\/wp-content\/uploads\/2025\/10\/WhatsApp-Image-2025-10-08-at-08.14.29.jpg\" rel=\"nofollow noopener\" target=\"_blank\"><img loading=\"lazy\" decoding=\"async\" class=\"size-large wp-image-1107106\" src=\"https:\/\/www.europesays.com\/it\/wp-content\/uploads\/2025\/10\/WhatsApp-Image-2025-10-08-at-08.14.29-550x413.jpg\" alt=\"Ronciglione - Italo Leali con Mirtillo\" width=\"550\" height=\"413\"   \/><\/a><\/p>\n<p> 9 ottobre, 2025Direttore\u00a0&#8230; Gli articoli<\/p>\n<ol class=\"serial-posts\">\n<li class=\"serial-posts-list-item\"><a href=\"https:\/\/www.tusciaweb.eu\/2025\/09\/quei-due-non-mi-piacevano-seguito-listinto-chiamato-la-polizia\/\" title=\"\u201cQuei due mi hanno insospettito subito, ho seguito l\u2019istinto e ho chiamato la polizia...\u201d\" rel=\"nofollow noopener\" target=\"_blank\">\u201cQuei due mi hanno insospettito subito, ho seguito l\u2019istinto e ho chiamato la polizia&#8230;\u201d<\/a><\/li>\n<li class=\"serial-posts-list-item\"><a href=\"https:\/\/www.tusciaweb.eu\/2025\/09\/fontana-piazza-delle-erbe-coi-leoni-pio-fedi-ridotti-gradinata-lordinanza-chiara-frontini-resta-solo-sulla-carta\/\" title=\"Fontana di piazza delle Erbe coi leoni di Pio Fedi ridotti a gradinata, l\u2019ordinanza di Chiara Frontini resta solo sulla carta\" rel=\"nofollow noopener\" target=\"_blank\">Fontana di piazza delle Erbe coi leoni di Pio Fedi ridotti a gradinata, l\u2019ordinanza di Chiara Frontini resta solo sulla carta<\/a><\/li>\n<li class=\"serial-posts-list-item\"><a href=\"https:\/\/www.tusciaweb.eu\/2025\/09\/fontana-piazza-delle-erbe-coi-leoni-pio-fedi-ridotti-gradinata-lordinanza-chiara-frontini-resta-solo-sulla-carta\/\" title=\"Fontana di piazza delle Erbe coi leoni di Pio Fedi ridotti a gradinata, l\u2019ordinanza di Chiara Frontini resta solo sulla carta\" rel=\"nofollow noopener\" target=\"_blank\">Fontana di piazza delle Erbe coi leoni di Pio Fedi ridotti a gradinata, l\u2019ordinanza di Chiara Frontini resta solo sulla carta<\/a><\/li>\n<li class=\"serial-posts-list-item\"><a href=\"https:\/\/www.tusciaweb.eu\/2025\/08\/incredibile-pericoloso-post-matteucci-inizio-girare-armato-anche\/\" title=\"Lucio Matteucci: \u201cL&#039;accusa deve essere tentata strage. Altrimenti inizio a girare armato anche io\u201d\" rel=\"nofollow noopener\" target=\"_blank\">Lucio Matteucci: \u201cL&#8217;accusa deve essere tentata strage. Altrimenti inizio a girare armato anche io\u201d<\/a><\/li>\n<li class=\"serial-posts-list-item\"><a href=\"https:\/\/www.tusciaweb.eu\/2025\/08\/chiara-frontini-risolve-passando-dalle-dalle-ganasce-alle-galosce\/\" title=\"Sosta selvaggia, Chiara Frontini risolve tutto prendendo \u201cgalosce\u201d per \" ganasce=\"\" rel=\"nofollow noopener\" target=\"_blank\">Sosta selvaggia, Chiara Frontini risolve tutto prendendo \u201cgalosce\u201d per &#8220;ganasce&#8221;<\/a><\/li>\n<li class=\"serial-posts-list-item\"><a href=\"https:\/\/www.tusciaweb.eu\/2025\/07\/bambina-sognavo-larcheologa-oggi-scavo-nei-dati-la-stessa-meraviglia\/\" title=\"\u201cDa bambina sognavo di fare l\u2019archeologa, oggi scavo nei dati con la stessa meraviglia...\u201d\" rel=\"nofollow noopener\" target=\"_blank\">\u201cDa bambina sognavo di fare l\u2019archeologa, oggi scavo nei dati con la stessa meraviglia&#8230;\u201d<\/a><\/li>\n<li class=\"serial-posts-list-item\"><a href=\"https:\/\/www.tusciaweb.eu\/2025\/07\/acqua-azzurra-acqua-sporca-pratogiardino-lucio-battisti-ridotto-un-letamaio-puzzolente\/\" title=\"Acqua azzurra acqua sporca, pratogiardino Lucio Battisti ridotto a un letamaio puzzolente\" rel=\"nofollow noopener\" target=\"_blank\">Acqua azzurra acqua sporca, pratogiardino Lucio Battisti ridotto a un letamaio puzzolente<\/a><\/li>\n<li class=\"serial-posts-list-item\"><a href=\"https:\/\/www.tusciaweb.eu\/2025\/06\/frontini-racconta-favole-ai-cittadini\/\" title=\"\u201cFrontini racconta favole ai cittadini...\u201d\" rel=\"nofollow noopener\" target=\"_blank\">\u201cFrontini racconta favole ai cittadini&#8230;\u201d<\/a><\/li>\n<li class=\"serial-posts-list-item\"><a href=\"https:\/\/www.tusciaweb.eu\/2025\/06\/viabilita-al-collasso-strade-messe-male-parcheggi-inesistenti-sollecitazioni-alla-sindaca-frontini-sempre-disattese\/\" title=\"\" viabilit=\"\" al=\"\" collasso=\"\" strade=\"\" messe=\"\" male=\"\" parcheggi=\"\" inesistenti=\"\" e=\"\" sollecitazioni=\"\" alla=\"\" sindaca=\"\" frontini=\"\" sempre=\"\" disattese=\"\" sempr disattes rel=\"nofollow noopener\" target=\"_blank\">&#8220;Viabilit\u00e0 al collasso, strade messe male, parcheggi inesistenti e sollecitazioni alla sindaca Frontini sempre disattese&#8221;<\/a><\/li>\n<li class=\"serial-posts-list-item\"><a href=\"https:\/\/www.tusciaweb.eu\/2025\/06\/assorbenti-nel-filtro-fontana-ko-aronne-difende-comunque-linaugurazione\/\" title=\"\" assorbenti=\"\" nel=\"\" filtro=\"\" fontanasfera=\"\" ko=\"\" ma=\"\" ripartir=\"\" rel=\"nofollow noopener\" target=\"_blank\">&#8220;Assorbenti nel filtro, Fontanasfera ko ma ripartir\u00e0&#8230;&#8221;<\/a><\/li>\n<li class=\"serial-posts-list-item\"><a href=\"https:\/\/www.tusciaweb.eu\/2025\/06\/chiatti-la-luce-del-movimento-la-sua-liberta-faceva-paura\/\" title=\"\u201cChiatti era la luce del movimento, ma la sua libert\u00e0 faceva paura...\u201d\" rel=\"nofollow noopener\" target=\"_blank\">\u201cChiatti era la luce del movimento, ma la sua libert\u00e0 faceva paura&#8230;\u201d<\/a><\/li>\n<li class=\"serial-posts-list-item\"><a href=\"https:\/\/www.tusciaweb.eu\/2025\/06\/fontanasfera-senza-acqua-nel-piu-completo-abbandono-degrado\/\" title=\"Fontanasfera senza acqua e nel pi\u00f9 completo degrado, nuova impresa della giunta Frontini...\" rel=\"nofollow noopener\" target=\"_blank\">Fontanasfera senza acqua e nel pi\u00f9 completo degrado, nuova impresa della giunta Frontini&#8230;<\/a><\/li>\n<li class=\"serial-posts-list-item\"><a href=\"https:\/\/www.tusciaweb.eu\/2025\/06\/ora-la-vicenda-e-su-binari-giusti-e-seri\/\" title=\"\u201cCena dei veleni, ora la vicenda \u00e8 su binari giusti e seri\u201d\" rel=\"nofollow noopener\" target=\"_blank\">\u201cCena dei veleni, ora la vicenda \u00e8 su binari giusti e seri\u201d<\/a><\/li>\n<li class=\"serial-posts-list-item\"><a href=\"https:\/\/www.tusciaweb.eu\/2025\/06\/il-silenzio-e-il-catrame\/\" title=\"Il silenzio e il catrame...\" rel=\"nofollow noopener\" target=\"_blank\">Il silenzio e il catrame&#8230;<\/a><\/li>\n<li class=\"serial-posts-list-item\"><a href=\"https:\/\/www.tusciaweb.eu\/2025\/06\/morte-leonardo-cristiani-tragedia-si-poteva-evitare\/\" title=\"Morte di Leonardo Cristiani, una tragedia che si poteva evitare...\" rel=\"nofollow noopener\" target=\"_blank\">Morte di Leonardo Cristiani, una tragedia che si poteva evitare&#8230;<\/a><\/li>\n<li class=\"serial-posts-list-item\"><a href=\"https:\/\/www.tusciaweb.eu\/2025\/06\/viele-trieste-viale-fiume-dissesto-totale-comune-prova-metterci-delle-toppe-tardi\/\" title=\"Viale Trieste e viale Fiume in dissesto totale, il comune prova a metterci delle pezze ma \u00e8 troppo tardi\" rel=\"nofollow noopener\" target=\"_blank\">Viale Trieste e viale Fiume in dissesto totale, il comune prova a metterci delle pezze ma \u00e8 troppo tardi<\/a><\/li>\n<li class=\"serial-posts-list-item\"><a href=\"https:\/\/www.tusciaweb.eu\/2025\/06\/bomba-day-dispercepito-lanniversario-annunciato-frontini-sparito-nel-nulla\/\" title=\"Il Bomba Day dispercepito, l&#039;evento per l&#039;anniversario annunciato da Frontini \u00e8 sparito nel nulla\" rel=\"nofollow noopener\" target=\"_blank\">Il Bomba Day dispercepito, l&#8217;evento per l&#8217;anniversario annunciato da Frontini \u00e8 sparito nel nulla<\/a><\/li>\n<li class=\"serial-posts-list-item\"><a href=\"https:\/\/www.tusciaweb.eu\/2025\/06\/chiara-frontini-colpita-dalla-sindrome-pippo-baudo\/\" title=\"Chiara Frontini colpita dalla sindrome di Pippo Baudo...\" rel=\"nofollow noopener\" target=\"_blank\">Chiara Frontini colpita dalla sindrome di Pippo Baudo&#8230;<\/a><\/li>\n<li class=\"serial-posts-list-item\"><a href=\"https:\/\/www.tusciaweb.eu\/2025\/05\/la-viterbese-tiziana-laureti-sara-la-rettrice-donna-dellunitus\/\" title=\"La viterbese Tiziana Laureti sar\u00e0 la prima donna rettrice dell\u2019Unitus\" rel=\"nofollow noopener\" target=\"_blank\">La viterbese Tiziana Laureti sar\u00e0 la prima donna rettrice dell\u2019Unitus<\/a><\/li>\n<li class=\"serial-posts-list-item\"><a href=\"https:\/\/www.tusciaweb.eu\/2025\/05\/caro-don-franco-al-funerale-cerano-due-vescovi-un-cardinale-soprattutto-cera-la-tua-gente\/\" title=\"Caro don Franco, al tuo funerale c\u2019erano due vescovi e un cardinale, ma soprattutto c\u2019era la tua gente...\" rel=\"nofollow noopener\" target=\"_blank\">Caro don Franco, al tuo funerale c\u2019erano due vescovi e un cardinale, ma soprattutto c\u2019era la tua gente&#8230;<\/a><\/li>\n<li class=\"serial-posts-list-item\"><a href=\"https:\/\/www.tusciaweb.eu\/2025\/05\/morto-lultimo-prete-morto-nostro-carissimo-prete-contadino-don-franco\/\" title=\"\u00c8 morto l&#039;ultimo prete, \u00e8 morto il nostro carissimo prete contadino don Franco\" rel=\"nofollow noopener\" target=\"_blank\">\u00c8 morto l&#8217;ultimo prete, \u00e8 morto il nostro carissimo prete contadino don Franco<\/a><\/li>\n<li class=\"serial-posts-list-item\"><a href=\"https:\/\/www.tusciaweb.eu\/2025\/05\/viterbo-spasso-tuscia-fantasy-manifestazione-macchia-leopardo\/\" title=\"Tuscia Fantasy, partenza in salita tra chiusura della citt\u00e0 inutile e piazze ieri con poche persone\" rel=\"nofollow noopener\" target=\"_blank\">Tuscia Fantasy, partenza in salita tra chiusura della citt\u00e0 inutile e piazze ieri con poche persone<\/a><\/li>\n<li class=\"serial-posts-list-item\"><a href=\"https:\/\/www.tusciaweb.eu\/2025\/05\/chiusa-mezza-citta-un-drago-plastica-foto-ricordo-della-sindaca-frontini\/\" title=\"Chiusa mezza citt\u00e0 per un drago di \" plastica=\"\" e=\"\" una=\"\" foto=\"\" ricordo=\"\" della=\"\" sindaca=\"\" frontini...=\"\" rel=\"nofollow noopener\" target=\"_blank\">Chiusa mezza citt\u00e0 per un drago di &#8220;plastica&#8221; e una foto ricordo della sindaca Frontini&#8230;<\/a><\/li>\n<li class=\"serial-posts-list-item\"><a href=\"https:\/\/www.tusciaweb.eu\/2025\/05\/sodalizio-dei-facchini-santa-rosa-riparte-facebook-inizia-subito-correre-veloce\/\" title=\"Il Sodalizio dei facchini di Santa Rosa riparte su facebook e inizia subito a correre veloce\" rel=\"nofollow noopener\" target=\"_blank\">Il Sodalizio dei facchini di Santa Rosa riparte su facebook e inizia subito a correre veloce<\/a><\/li>\n<li class=\"serial-posts-list-item\"><a href=\"https:\/\/www.tusciaweb.eu\/2025\/05\/un-mio-partito\/\" title=\"\" un=\"\" mio=\"\" partito=\"\" per=\"\" ora=\"\" il=\"\" c=\"\" ed=\"\" impattante=\"\" se=\"\" poi=\"\" le=\"\" cose=\"\" dovessero=\"\" cambiare=\"\" si=\"\" vedr=\"\" co rel=\"nofollow noopener\" target=\"_blank\">&#8220;Un mio partito? Per ora il partito c\u2019\u00e8 ed \u00e8 impattante, se poi le cose dovessero cambiare si vedr\u00e0&#8230;&#8221;<\/a><\/li>\n<li class=\"serial-posts-list-item\"><a href=\"https:\/\/www.tusciaweb.eu\/2025\/05\/criiiii-criiiii-criiiii-la-sindaca-chiara-frontini-si-arrampica-sugli-specchiespiega-perche-non-risce-tagliare-lerba\/\" title=\"Criiiii Criiiii Criiiii, la sindaca Chiara Frontini si arrampica sugli specchi e \" spiega=\"\" perch=\"\" non=\"\" riesce=\"\" a=\"\" tagliare=\"\" l=\"\" rel=\"nofollow noopener\" target=\"_blank\">Criiiii Criiiii Criiiii, la sindaca Chiara Frontini si arrampica sugli specchi e &#8220;spiega&#8221; perch\u00e9 non riesce a tagliare l&#8217;erba&#8230;<\/a><\/li>\n<li class=\"serial-posts-list-item\"><a href=\"https:\/\/www.tusciaweb.eu\/2025\/05\/vandali-azione-san-pellegrino-fiore-la-scritta-presa-calci-buttata-strada\/\" title=\"Vandali in azione a San Pellegrino in Fiore, la scritta presa a calci e buttata in strada\" rel=\"nofollow noopener\" target=\"_blank\">Vandali in azione a San Pellegrino in Fiore, la scritta presa a calci e buttata in strada<\/a><\/li>\n<li class=\"serial-posts-list-item\"><a href=\"https:\/\/www.tusciaweb.eu\/2025\/05\/san-pellegrino-in-fiore-senza-fiori-tanto-bello-da-meritare-una-proroga-di-una-settimana\/\" title=\"San Pellegrino in Fiore senza fiori, tanto bello da meritare una proroga di una settimana...\" rel=\"nofollow noopener\" target=\"_blank\">San Pellegrino in Fiore senza fiori, tanto bello da meritare una proroga di una settimana&#8230;<\/a><\/li>\n<li class=\"serial-posts-list-item\"><a href=\"https:\/\/www.tusciaweb.eu\/2025\/05\/san-pellegrino-fiore-senza-fiori-ledizione-piu-brutta-sempre\/\" title=\"San Pellegrino in Fiore senza fiori, l\u2019edizione pi\u00f9 brutta di sempre\" rel=\"nofollow noopener\" target=\"_blank\">San Pellegrino in Fiore senza fiori, l\u2019edizione pi\u00f9 brutta di sempre<\/a><\/li>\n<li class=\"serial-posts-list-item\"><a href=\"https:\/\/www.tusciaweb.eu\/2025\/05\/viterbo-inaugurata-rate-lilluminazione-delle-mura\/\" title=\"Viterbo, inaugurata a rate l\u2019illuminazione delle mura\" rel=\"nofollow noopener\" target=\"_blank\">Viterbo, inaugurata a rate l\u2019illuminazione delle mura<\/a><\/li>\n<li class=\"serial-posts-list-item\"><a href=\"https:\/\/www.tusciaweb.eu\/2025\/05\/portici-palazzo-dei-priori-trasformati-dormitorio\/\" title=\"I portici di palazzo dei Priori trasformati in dormitorio\" rel=\"nofollow noopener\" target=\"_blank\">I portici di palazzo dei Priori trasformati in dormitorio<\/a><\/li>\n<li class=\"serial-posts-list-item\"><a href=\"https:\/\/www.tusciaweb.eu\/2025\/04\/viterbo-capitale-europea-delle-inaugurazioni-della-conferenze-stampa-inutili\/\" title=\"Viterbo capitale europea delle inaugurazioni del nulla e delle conferenze stampa inutili\" rel=\"nofollow noopener\" target=\"_blank\">Viterbo capitale europea delle inaugurazioni del nulla e delle conferenze stampa inutili<\/a><\/li>\n<li class=\"serial-posts-list-item\"><a href=\"https:\/\/www.tusciaweb.eu\/2025\/04\/frontini-tre-anni-nulla-nullificante-solo-chiacchiere-distintivo\/\" title=\"Frontini, dopo quasi tre anni di nulla nullificante, rimangono solo chiacchiere e distintivo...\" rel=\"nofollow noopener\" target=\"_blank\">Frontini, dopo quasi tre anni di nulla nullificante, rimangono solo chiacchiere e distintivo&#8230;<\/a><\/li>\n<li class=\"serial-posts-list-item\"><a href=\"https:\/\/www.tusciaweb.eu\/2025\/04\/primavera-sorpresa-viterbo\/\" title=\"Primavera a sorpresa a Viterbo, la citt\u00e0 invasa dall&#039;erba ma Frontini va in \" gita=\"\" di=\"\" lavoro=\"\" a=\"\" miami...=\"\" rel=\"nofollow noopener\" target=\"_blank\">Primavera a sorpresa a Viterbo, la citt\u00e0 invasa dall&#8217;erba ma Frontini va in &#8220;gita di lavoro&#8221; a Miami&#8230;<\/a><\/li>\n<li class=\"serial-posts-list-item\"><a href=\"https:\/\/www.tusciaweb.eu\/2025\/04\/frontini-sta-spegnendo-viterbo-incompetenza-politico-istituzionale-un-buon-stipendio\/\" title=\"Le novit\u00e0 della giunta Frontini: dopo il primo pregiudicato nominato assessore, ora spunta anche un dossier...\" rel=\"nofollow noopener\" target=\"_blank\">Le novit\u00e0 della giunta Frontini: dopo il primo pregiudicato nominato assessore, ora spunta anche un dossier&#8230;<\/a><\/li>\n<li class=\"serial-posts-list-item\"><a href=\"https:\/\/www.tusciaweb.eu\/2025\/04\/pinguini-volanti-tunnel-etruschi-pesci-daprile-tusciaweb-conquistano-web\/\" title=\"Pinguini volanti e tunnel etruschi: i pesci d&#039;aprile di Tusciaweb conquistano il web\" rel=\"nofollow noopener\" target=\"_blank\">Pinguini volanti e tunnel etruschi: i pesci d&#8217;aprile di Tusciaweb conquistano il web<\/a><\/li>\n<li class=\"serial-posts-list-item\"><a href=\"https:\/\/www.tusciaweb.eu\/2025\/04\/scoperto-un-antico-tunnel-etrusco-sotterraneo-che-collega-viterbo-a-roma\/\" title=\"Scoperto un antico tunnel etrusco sotterraneo, collega Viterbo a Roma\" rel=\"nofollow noopener\" target=\"_blank\">Scoperto un antico tunnel etrusco sotterraneo, collega Viterbo a Roma<\/a><\/li>\n<li class=\"serial-posts-list-item\"><a href=\"https:\/\/www.tusciaweb.eu\/2025\/02\/vive-la-sindaca-chiara-frontini-martinica-alla-macchietta-politica\/\" title=\"Ma dove vive la sindaca Chiara Frontini in Martinica? Siamo alla macchietta politica...\" rel=\"nofollow noopener\" target=\"_blank\">Ma dove vive la sindaca Chiara Frontini in Martinica? Siamo alla macchietta politica&#8230;<\/a><\/li>\n<li class=\"serial-posts-list-item\"><a href=\"https:\/\/www.tusciaweb.eu\/2025\/02\/che-presa-per-il-culo\/\" title=\"Una presa per il culo... e la gente abbandona la sala\" rel=\"nofollow noopener\" target=\"_blank\">Una presa per il culo&#8230; e la gente abbandona la sala<\/a><\/li>\n<li class=\"serial-posts-list-item\"><a href=\"https:\/\/www.tusciaweb.eu\/2025\/02\/viterbo-ostaggio-la-giunta-frontini-affonda-la-citta-incapacita-amministrativa-ottimi-stipendi\/\" title=\"Viterbo in ostaggio: la giunta Frontini affonda la citt\u00e0 tra incapacit\u00e0 amministrativa e ottimi stipendi...\" rel=\"nofollow noopener\" target=\"_blank\">Viterbo in ostaggio: la giunta Frontini affonda la citt\u00e0 tra incapacit\u00e0 amministrativa e ottimi stipendi&#8230;<\/a><\/li>\n<li class=\"serial-posts-list-item\"><a href=\"https:\/\/www.tusciaweb.eu\/2025\/02\/arena-avverte-forza-italia-si-allea-pd-frontini-mi-chiamo\/\" title=\"Arena avverte: \u201cSe Forza Italia si allea con Pd e Frontini, io mi chiamo fuori\u201d\" rel=\"nofollow noopener\" target=\"_blank\">Arena avverte: \u201cSe Forza Italia si allea con Pd e Frontini, io mi chiamo fuori\u201d<\/a><\/li>\n<li class=\"serial-posts-list-item\"><a href=\"https:\/\/www.tusciaweb.eu\/2025\/02\/un-anziano-maleducato-tu-un-giovane-stronzo\/\" title=\"\" sei=\"\" un=\"\" anziano=\"\" maleducato=\"\" tu=\"\" giovane=\"\" stronzo=\"\" rel=\"nofollow noopener\" target=\"_blank\">&#8220;Sei un anziano maleducato!&#8221; &#8211; &#8220;E tu sei un giovane stronzo!&#8221;<\/a><\/li>\n<li class=\"serial-posts-list-item\"><a href=\"https:\/\/www.tusciaweb.eu\/2025\/02\/riunione-forza-italia-finisce-pesci-faccia\/\" title=\"Riunione di Forza Italia finisce a pesci in faccia...\" rel=\"nofollow noopener\" target=\"_blank\">Riunione di Forza Italia finisce a pesci in faccia&#8230;<\/a><\/li>\n<li class=\"serial-posts-list-item\"><a href=\"https:\/\/www.tusciaweb.eu\/2025\/01\/puo-lassessore-aronne-qualificare-unazione-abusiva-un-bene-pubblico-protesta-civile\/\" title=\"\" come=\"\" pu=\"\" l=\"\" aronne=\"\" qualificare=\"\" un=\"\" abusiva=\"\" su=\"\" bene=\"\" pubblico=\"\" protesta=\"\" civile=\"\" rel=\"nofollow noopener\" target=\"_blank\">&#8220;Come pu\u00f2 l&#8217;assessore Aronne qualificare un\u2019azione abusiva su un bene pubblico come &#8220;una protesta civile&#8221;?&#8221;<\/a><\/li>\n<li class=\"serial-posts-list-item\"><a href=\"https:\/\/www.tusciaweb.eu\/2025\/01\/muro-dellex-ospedale-tinteggiato-rosa-comune-sta-gia-procedendo-le-verifiche-gli-atti-conseguenti\/\" title=\"\" muro=\"\" dell=\"\" ospedale=\"\" tinteggiato=\"\" di=\"\" rosa=\"\" il=\"\" comune=\"\" sta=\"\" gi=\"\" procedendo=\"\" con=\"\" le=\"\" verifiche=\"\" e=\"\" gli=\"\" atti=\"\" conseguenti=\"\" rel=\"nofollow noopener\" target=\"_blank\">&#8220;Muro dell&#8217;ex ospedale tinteggiato di rosa, il comune sta gi\u00e0 procedendo con le verifiche e gli atti conseguenti&#8221;<\/a><\/li>\n<li class=\"serial-posts-list-item\"><a href=\"https:\/\/www.tusciaweb.eu\/2025\/01\/giulio-della-rocca-lavori-senza-autorizzazioni-tutti-eravamo-consapevoli-quanto-stavamo-tornassi-indietro-lo-rifarei\/\" title=\"Giulio Della Rocca: \" ho=\"\" fatto=\"\" i=\"\" lavori=\"\" senza=\"\" autorizzazioni=\"\" tutti=\"\" eravamo=\"\" consapevoli=\"\" di=\"\" quanto=\"\" stavamo=\"\" facendo...=\"\" tornassi=\"\" indietro=\"\" lo=\"\" rifarei=\"\" lavor autorizzazion tutt consapevol tornass rifare rel=\"nofollow noopener\" target=\"_blank\">Giulio Della Rocca: &#8220;Ho fatto i lavori senza autorizzazioni, tutti eravamo consapevoli di quanto stavamo facendo&#8230; tornassi indietro lo rifarei&#8221;<\/a><\/li>\n<li class=\"serial-posts-list-item\"><a href=\"https:\/\/www.tusciaweb.eu\/2024\/12\/cento-mille-iniziative-la-ricerca-la-sla-al-fianco-italo-leali\/\" title=\"Una, cento, mille iniziative per la ricerca contro la sla al fianco di Italo Leali\" rel=\"nofollow noopener\" target=\"_blank\">Una, cento, mille iniziative per la ricerca contro la sla al fianco di Italo Leali<\/a><\/li>\n<li class=\"serial-posts-list-item\"><a href=\"https:\/\/www.tusciaweb.eu\/2024\/12\/italo-leali-la-sua-battaglia-la-sla\/\" title=\"Italo Leali e la sua battaglia contro la sla: \u201cLa vita \u00e8 e resta meravigliosa\u201d\" rel=\"nofollow noopener\" target=\"_blank\">Italo Leali e la sua battaglia contro la sla: \u201cLa vita \u00e8 e resta meravigliosa\u201d<\/a><\/li>\n<li class=\"serial-posts-list-item\"><a href=\"https:\/\/www.tusciaweb.eu\/2024\/11\/leredita-del-beato-livatino-un-cammino-legalita-fede-la-diocesi-viterbo\/\" title=\"La camicia del martirio del giudice Livatino arriva a Viterbo, per un cammino di legalit\u00e0 e fede...\" rel=\"nofollow noopener\" target=\"_blank\">La camicia del martirio del giudice Livatino arriva a Viterbo, per un cammino di legalit\u00e0 e fede&#8230;<\/a><\/li>\n<li class=\"serial-posts-list-item\"><a href=\"https:\/\/www.tusciaweb.eu\/2024\/10\/francesco-un-attore-nato-gli-viene-naturale\/\" title=\"\" francesco=\"\" un=\"\" attore=\"\" nato=\"\" gli=\"\" viene=\"\" naturale...=\"\" rel=\"nofollow noopener\" target=\"_blank\">&#8220;Francesco? Un attore nato, gli viene naturale&#8230;&#8221;<\/a><\/li>\n<li class=\"serial-posts-list-item\"><a href=\"https:\/\/www.tusciaweb.eu\/2024\/10\/si-va-verso-aspromonte-capofacchino\/\" title=\"Si va verso Aspromonte nuovo capofacchino...\" rel=\"nofollow noopener\" target=\"_blank\">Si va verso Aspromonte nuovo capofacchino&#8230;<\/a><\/li>\n<li class=\"serial-posts-list-item\"><a href=\"https:\/\/www.tusciaweb.eu\/2024\/10\/giudicare-un-festival-solo-dal-numero-partecipanti-fuorviante\/\" title=\"\" giudicare=\"\" un=\"\" festival=\"\" solo=\"\" dal=\"\" numero=\"\" di=\"\" partecipanti=\"\" fuorviante=\"\" rel=\"nofollow noopener\" target=\"_blank\">&#8220;Giudicare un festival solo dal numero di partecipanti \u00e8 fuorviante&#8221;<\/a><\/li>\n<li class=\"serial-posts-list-item\"><a href=\"https:\/\/www.tusciaweb.eu\/2024\/10\/caso-dandini-eravamo-amici-al-bar\/\" title=\"Il caso Dandini, eravamo quattro amici al bar...\" rel=\"nofollow noopener\" target=\"_blank\">Il caso Dandini, eravamo quattro amici al bar&#8230;<\/a><\/li>\n<li class=\"serial-posts-list-item\"><a href=\"https:\/\/www.tusciaweb.eu\/2024\/09\/chiara-frontini-tenta-ancora-di-intortarci-con-una-supercazzola-politica\/\" title=\"Chiara Frontini tenta ancora di intortarci con una supercazzola politica...\" rel=\"nofollow noopener\" target=\"_blank\">Chiara Frontini tenta ancora di intortarci con una supercazzola politica&#8230;<\/a><\/li>\n<li class=\"serial-posts-list-item\"><a href=\"https:\/\/www.tusciaweb.eu\/2024\/09\/panunzi-ci-invita-far-cadere-la-giunta-frontini-non-condividiamo-metodo-ci-stiamo\/\" title=\"\" panunzi=\"\" ci=\"\" invita=\"\" a=\"\" far=\"\" cadere=\"\" la=\"\" giunta=\"\" frontini=\"\" non=\"\" condividiamo=\"\" il=\"\" metodo=\"\" ma...=\"\" noi=\"\" stiamo=\"\" l giunt rel=\"nofollow noopener\" target=\"_blank\">&#8220;Panunzi ci invita a far cadere la giunta Frontini, non condividiamo il metodo ma&#8230; noi ci stiamo&#8221;<\/a><\/li>\n<li class=\"serial-posts-list-item\"><a href=\"https:\/\/www.tusciaweb.eu\/2024\/09\/festival-della-tuscia-2024-decisione-lampo-spese-la-lente\/\" title=\"Festival della Tuscia 2024: decisione lampo, spesi 30mila euro per due concerti\" rel=\"nofollow noopener\" target=\"_blank\">Festival della Tuscia 2024: decisione lampo, spesi 30mila euro per due concerti<\/a><\/li>\n<li class=\"serial-posts-list-item\"><a href=\"https:\/\/www.tusciaweb.eu\/2024\/09\/speciale-del-corriere-della-sera-santa-rosa-macchina-santa-rosa-presidente-dei-facchini-frontini-lo-speciale-del-corriere\/\" title=\"Massimo Mecarini critica duramente la sindaca Chiara Frontini: \u201cMa \u2018na parola bona pe&#039; sti fiji che se si sono sacrificati mai... insomma \u2018na giornalata spocchiosa e basta\u201d\" rel=\"nofollow noopener\" target=\"_blank\">Massimo Mecarini critica duramente la sindaca Chiara Frontini: \u201cMa \u2018na parola bona pe&#8217; sti fiji che se si sono sacrificati mai&#8230; insomma \u2018na giornalata spocchiosa e basta\u201d<\/a><\/li>\n<li class=\"serial-posts-list-item\"><a href=\"https:\/\/www.tusciaweb.eu\/2024\/09\/allarme-bomba-orte-ipotesi-attentato-terroristico-legato-allestremismo-islamico\/\" title=\"Allarme bomba a Orte, spunta l&#039;ipotesi di un attentato terroristico legato all&#039;estremismo islamico\" rel=\"nofollow noopener\" target=\"_blank\">Allarme bomba a Orte, spunta l&#8217;ipotesi di un attentato terroristico legato all&#8217;estremismo islamico<\/a><\/li>\n<li class=\"serial-posts-list-item\"><a href=\"https:\/\/www.tusciaweb.eu\/2024\/09\/normale-la-sindaca-chiara-frontini-faccia-bere-lacqua-allarsenico-ai-cittadini-senza-neppure-avvertirli\/\" title=\"Ma \u00e8 normale che la sindaca Chiara Frontini faccia bere l&#039;acqua all&#039;arsenico ai cittadini senza neppure avvertirli?\" rel=\"nofollow noopener\" target=\"_blank\">Ma \u00e8 normale che la sindaca Chiara Frontini faccia bere l&#8217;acqua all&#8217;arsenico ai cittadini senza neppure avvertirli?<\/a><\/li>\n<li class=\"serial-posts-list-item\"><a href=\"https:\/\/www.tusciaweb.eu\/2024\/09\/la-sindaca-frontini-chieda-scusa-pubblicamente-al-vescovo-piazza-ai-cittadini-cattolici-ai-laici\/\" title=\"Chiara Frontini chieda scusa pubblicamente al vescovo Piazza, ai cittadini cattolici e ai laici\" rel=\"nofollow noopener\" target=\"_blank\">Chiara Frontini chieda scusa pubblicamente al vescovo Piazza, ai cittadini cattolici e ai laici<\/a><\/li>\n<li class=\"serial-posts-list-item\"><a href=\"https:\/\/www.tusciaweb.eu\/2024\/09\/la-sindaca-chiara-frontini-diserta-la-messa-solenne-la-festa-della-madonna-della-quercia\/\" title=\"Chiara Frontini diserta la messa solenne in onore della Madonna della Quercia celebrata dal vescovo Piazza\" rel=\"nofollow noopener\" target=\"_blank\">Chiara Frontini diserta la messa solenne in onore della Madonna della Quercia celebrata dal vescovo Piazza<\/a><\/li>\n<li class=\"serial-posts-list-item\"><a href=\"https:\/\/www.tusciaweb.eu\/2024\/09\/arsenico-vecchi-merletti-messaggio-arena-comizio-chiara-frontini\/\" title=\"Arsenico e vecchi merletti: il messaggio di Arena e il comizio di Chiara Frontini...\" rel=\"nofollow noopener\" target=\"_blank\">Arsenico e vecchi merletti: il messaggio di Arena e il comizio di Chiara Frontini&#8230;<\/a><\/li>\n<li class=\"serial-posts-list-item\"><a href=\"https:\/\/www.tusciaweb.eu\/2024\/09\/la-sindaca-chiara-frontini-fischiata-sonoramente-dai-cittadini\/\" title=\"La sindaca Chiara Frontini fischiata sonoramente dai cittadini...\" rel=\"nofollow noopener\" target=\"_blank\">La sindaca Chiara Frontini fischiata sonoramente dai cittadini&#8230;<\/a><\/li>\n<li class=\"serial-posts-list-item\"><a href=\"https:\/\/www.tusciaweb.eu\/2024\/08\/purtroppo-chiara-frontini-volta-raggiunta-la-stanza-dei-bottoni-lesatto-contrario-quanto-promesso\/\" title=\"\" purtroppo=\"\" chiara=\"\" frontini=\"\" una=\"\" volta=\"\" raggiunta=\"\" la=\"\" stanza=\"\" dei=\"\" bottoni=\"\" ha=\"\" fatto=\"\" l=\"\" contrario=\"\" di=\"\" quanto=\"\" promesso=\"\" rel=\"nofollow noopener\" target=\"_blank\">&#8220;Purtroppo Chiara Frontini, una volta raggiunta la stanza dei bottoni, ha fatto l\u2019esatto contrario di quanto promesso&#8221;<\/a><\/li>\n<li class=\"serial-posts-list-item\"><a href=\"https:\/\/www.tusciaweb.eu\/2024\/08\/la-giunta-guidata-chiara-frontini-lascera-montagna-macerie-uno-sfaldamento-del-tessuto-democratico\/\" title=\"La giunta guidata da Chiara Frontini lascer\u00e0 una montagna di macerie e uno sfaldamento del tessuto democratico...\" rel=\"nofollow noopener\" target=\"_blank\">La giunta guidata da Chiara Frontini lascer\u00e0 una montagna di macerie e uno sfaldamento del tessuto democratico&#8230;<\/a><\/li>\n<li class=\"serial-posts-list-item\"><a href=\"https:\/\/www.tusciaweb.eu\/2024\/08\/aggressione-due-donne-transgender-giornali-raccontato-laccaduto-espressioni-volgari-non-rispettose\/\" title=\"\" aggressione=\"\" a=\"\" due=\"\" donne=\"\" transgender=\"\" alcuni=\"\" giornali=\"\" hanno=\"\" raccontato=\"\" l=\"\" con=\"\" espressioni=\"\" volgari=\"\" e=\"\" non=\"\" rispettose...=\"\" rel=\"nofollow noopener\" target=\"_blank\">&#8220;Aggressione a due donne transgender, alcuni giornali hanno raccontato l&#8217;accaduto con espressioni volgari e non rispettose&#8230;&#8221;<\/a><\/li>\n<li class=\"serial-posts-list-item\"><a href=\"https:\/\/www.tusciaweb.eu\/2024\/08\/fontana-del-vignola-alessandra-croci-chiedo-scusa-dello-scivolone-buona-fede\/\" title=\"Fontana del Vignola, Alessandra Croci: \" chiedo=\"\" scusa=\"\" dello=\"\" scivolone=\"\" fatto=\"\" in=\"\" buona=\"\" fede...=\"\" rel=\"nofollow noopener\" target=\"_blank\">Fontana del Vignola, Alessandra Croci: &#8220;Chiedo scusa dello scivolone fatto in buona fede&#8230;&#8221;<\/a><\/li>\n<li class=\"serial-posts-list-item\"><a href=\"https:\/\/www.tusciaweb.eu\/2024\/08\/missione-impossibile-pulire-la-fontana-del-vignola-gia-pulita-linda-secondo-alessandra-croci\/\" title=\"Missione impossibile, pulire la fontana del Vignola gi\u00e0 pulita e linda secondo Alessandra Croci...\" rel=\"nofollow noopener\" target=\"_blank\">Missione impossibile, pulire la fontana del Vignola gi\u00e0 pulita e linda secondo Alessandra Croci&#8230;<\/a><\/li>\n<li class=\"serial-posts-list-item\"><a href=\"https:\/\/www.tusciaweb.eu\/2024\/08\/lo-dabbandono-della-fontana-del-vignola-quello-gran-parte-della-citta\/\" title=\"\" lo=\"\" stato=\"\" d=\"\" della=\"\" fontana=\"\" del=\"\" vignola=\"\" quello=\"\" di=\"\" gran=\"\" parte=\"\" citt=\"\" quel rel=\"nofollow noopener\" target=\"_blank\">&#8220;Lo stato d&#8217;abbandono della fontana del Vignola \u00e8 quello di gran parte della citt\u00e0&#8221;<\/a><\/li>\n<li class=\"serial-posts-list-item\"><a href=\"https:\/\/www.tusciaweb.eu\/2024\/08\/la-fontana-del-vignola-piazza-della-rocca-piena-melma-la-consigliera-alessandra-croci-pulita\/\" title=\"La fontana del Vignola a piazza della Rocca \u00e8 piena di melma, ma per la consigliera Alessandra Croci \u00e8 pulita...\" rel=\"nofollow noopener\" target=\"_blank\">La fontana del Vignola a piazza della Rocca \u00e8 piena di melma, ma per la consigliera Alessandra Croci \u00e8 pulita&#8230;<\/a><\/li>\n<li class=\"serial-posts-list-item\"><a href=\"https:\/\/www.tusciaweb.eu\/2024\/07\/giulio-marini-lattanzi-censurato-dallordine-dei-giornalisti-assunto-dal-comune-due-giorni\/\" title=\"Giulio Marini: \" lattanzi=\"\" censurato=\"\" dall=\"\" dei=\"\" giornalisti=\"\" e=\"\" assunto=\"\" dal=\"\" comune=\"\" due=\"\" giorni=\"\" dopo...=\"\" comun du rel=\"nofollow noopener\" target=\"_blank\">Giulio Marini: &#8220;Lattanzi censurato dall&#8217;ordine dei giornalisti e assunto dal comune due giorni dopo&#8230;&#8221;<\/a><\/li>\n<li class=\"serial-posts-list-item\"><a href=\"https:\/\/www.tusciaweb.eu\/2024\/07\/sorridere-nostro-assessore-antoniozzi-lavora-nei-grandi-teatri-non-chiami-un-semplice-giardiniere-pulire-lunione\/\" title=\"\" fa=\"\" sorridere=\"\" che=\"\" il=\"\" nostro=\"\" assessore=\"\" antoniozzi=\"\" non=\"\" chiami=\"\" un=\"\" semplice=\"\" giardiniere=\"\" per=\"\" pulire=\"\" l=\"\" rel=\"nofollow noopener\" target=\"_blank\">&#8220;Fa sorridere che il nostro assessore Antoniozzi non chiami un semplice giardiniere per pulire l&#8217;Unione&#8230;&#8221;<\/a><\/li>\n<li class=\"serial-posts-list-item\"><a href=\"https:\/\/www.tusciaweb.eu\/2024\/07\/un-istruttore-amministrativoportavoce-della-sindaca-si-aggira-palazzo-dei-priori\/\" title=\"Un istruttore amministrativo\/portavoce della sindaca si aggira per palazzo dei Priori...\" rel=\"nofollow noopener\" target=\"_blank\">Un istruttore amministrativo\/portavoce della sindaca si aggira per palazzo dei Priori&#8230;<\/a><\/li>\n<li class=\"serial-posts-list-item\"><a href=\"https:\/\/www.tusciaweb.eu\/2024\/07\/spunta-pseudo-intervista-antoniozzi-neppure-stalin-osato-tanto\/\" title=\"Spunta una pseudo intervista di Antoniozzi, neppure Stalin ha osato tanto...\" rel=\"nofollow noopener\" target=\"_blank\">Spunta una pseudo intervista di Antoniozzi, neppure Stalin ha osato tanto&#8230;<\/a><\/li>\n<li class=\"serial-posts-list-item\"><a href=\"https:\/\/www.tusciaweb.eu\/2024\/07\/cosi-beniamino-orgogliosamente-democristiano-antifascista-doc\/\" title=\"Era cos\u00ec Beniamino Mechelli: orgogliosamente democristiano e... antifascista doc\" rel=\"nofollow noopener\" target=\"_blank\">Era cos\u00ec Beniamino Mechelli: orgogliosamente democristiano e&#8230; antifascista doc<\/a><\/li>\n<li class=\"serial-posts-list-item\"><a href=\"https:\/\/www.tusciaweb.eu\/2024\/07\/due-anni-frontini-due-anni-danni-alla-citta-problemi-irrisolti-problemi-creati-dal-nulla\/\" title=\"Due anni di Frontini: due anni di danni alla citt\u00e0, di problemi irrisolti, di problemi creati dal nulla...\" rel=\"nofollow noopener\" target=\"_blank\">Due anni di Frontini: due anni di danni alla citt\u00e0, di problemi irrisolti, di problemi creati dal nulla&#8230;<\/a><\/li>\n<li class=\"serial-posts-list-item\"><a href=\"https:\/\/www.tusciaweb.eu\/2024\/06\/quando-il-grandissimo-jack-lemmon-disse-a-sordi-thats-my-teacher\/\" title=\"Quando il grandissimo Jack Lemmon disse a Sordi: \" that=\"\" my=\"\" teacher=\"\" rel=\"nofollow noopener\" target=\"_blank\">Quando il grandissimo Jack Lemmon disse a Sordi: &#8220;That\u2019s my teacher&#8221;<\/a><\/li>\n<li class=\"serial-posts-list-item\"><a href=\"https:\/\/www.tusciaweb.eu\/2024\/04\/emanuele-aronne-fabio-cavini-detto-delle-cose-brutte-gioca-capo-non-conta-niente-cho-anche-litigato\/\" title=\"Emanuele Aronne: \u201cFabio Cavini ha detto delle cose brutte e gioca a fare il capo, ma non conta niente... con lui ho anche litigato\u201d\" rel=\"nofollow noopener\" target=\"_blank\">Emanuele Aronne: \u201cFabio Cavini ha detto delle cose brutte e gioca a fare il capo, ma non conta niente&#8230; con lui ho anche litigato\u201d<\/a><\/li>\n<li class=\"serial-posts-list-item\"><a href=\"https:\/\/www.tusciaweb.eu\/2024\/04\/la-sindaca-chiara-frontini-ribadisce-dal-portogallo-non-nessuna-intenzione-dimettersi\/\" title=\"La  sindaca Chiara Frontini ribadisce dal Portogallo di non avere nessuna intenzione di dimettersi...\" rel=\"nofollow noopener\" target=\"_blank\">La  sindaca Chiara Frontini ribadisce dal Portogallo di non avere nessuna intenzione di dimettersi&#8230;<\/a><\/li>\n<li class=\"serial-posts-list-item\"><a href=\"https:\/\/www.tusciaweb.eu\/2024\/04\/giunta-frontini-sgarbi-pregiudicato-plurindagato-rinviato-giudizio-sindaca-indagata-un-reato-gravissimo\/\" title=\"Giunta Frontini: Sgarbi pregiudicato, plurindagato e rinviato a giudizio - Sindaca indagata per un reato gravissimo\" rel=\"nofollow noopener\" target=\"_blank\">Giunta Frontini: Sgarbi pregiudicato, plurindagato e rinviato a giudizio &#8211; Sindaca indagata per un reato gravissimo<\/a><\/li>\n<li class=\"serial-posts-list-item\"><a href=\"https:\/\/www.tusciaweb.eu\/2024\/04\/ora-anche-lassesore-alla-supponenza-inefficienza-perche-silvio-franco-non-torna-ad-insegnare\/\" title=\"E ora abbiamo anche l&#039;assessore all&#039;inefficienza e supponenza: ma perch\u00e9 Silvio Franco non torna a insegnare e basta?\" rel=\"nofollow noopener\" target=\"_blank\">E ora abbiamo anche l&#8217;assessore all&#8217;inefficienza e supponenza: ma perch\u00e9 Silvio Franco non torna a insegnare e basta?<\/a><\/li>\n<li class=\"serial-posts-list-item\"><a href=\"https:\/\/www.tusciaweb.eu\/2024\/04\/non-sara-caso-la-sindaca-chiara-frontini-si-dimetta\/\" title=\"Ma non sar\u00e0 il caso che la sindaca Chiara Frontini si dimetta?\" rel=\"nofollow noopener\" target=\"_blank\">Ma non sar\u00e0 il caso che la sindaca Chiara Frontini si dimetta?<\/a><\/li>\n<li class=\"serial-posts-list-item\"><a href=\"https:\/\/www.tusciaweb.eu\/2024\/04\/avrete-capire-un-pesce-daprile\/\" title=\"Ma come avete fatto a capire che era un pesce d&#039;aprile?\" rel=\"nofollow noopener\" target=\"_blank\">Ma come avete fatto a capire che era un pesce d&#8217;aprile?<\/a><\/li>\n<li class=\"serial-posts-list-item\"><a href=\"https:\/\/www.tusciaweb.eu\/2024\/04\/viterbo-rinasce-le-fontane-tornano-zampillare-le-strade-tavoli-biliardo-resto-solo-prati-inglesi\/\" title=\"Viterbo rinasce: le fontane tornano a zampillare, le strade come tavoli da biliardo, il resto sono solo prati inglesi\" rel=\"nofollow noopener\" target=\"_blank\">Viterbo rinasce: le fontane tornano a zampillare, le strade come tavoli da biliardo, il resto sono solo prati inglesi<\/a><\/li>\n<li class=\"serial-posts-list-item\"><a href=\"https:\/\/www.tusciaweb.eu\/2024\/03\/carlo-galeotti-spiega-il-mistero-del-calzino-spaiato\/\" title=\"Carlo Galeotti spiega il mistero del calzino spaiato...\" rel=\"nofollow noopener\" target=\"_blank\">Carlo Galeotti spiega il mistero del calzino spaiato&#8230;<\/a><\/li>\n<li class=\"serial-posts-list-item\"><a href=\"https:\/\/www.tusciaweb.eu\/2024\/03\/carlo-galeotti-siamo-costruttori-di-sogni-siamo-sogni-che-costruiscono-sogni\/\" title=\"Carlo Galeotti: \" siamo=\"\" costruttori=\"\" di=\"\" sogni.=\"\" sogni=\"\" che=\"\" costruiscono=\"\" sogni...=\"\" rel=\"nofollow noopener\" target=\"_blank\">Carlo Galeotti: &#8220;Siamo costruttori di sogni. Siamo sogni che costruiscono sogni&#8230;&#8221;<\/a><\/li>\n<li class=\"serial-posts-list-item\"><a href=\"https:\/\/www.tusciaweb.eu\/2024\/03\/antonello-ricci-carlo-galeotti-si-mette-a-nudo-in-questo-libro-nudo-nellanima-vero-come-non-mai\/\" title=\"Antonello Ricci: \" carlo=\"\" galeotti=\"\" si=\"\" mette=\"\" a=\"\" nudo=\"\" in=\"\" questo=\"\" libro.=\"\" nell=\"\" vero=\"\" come=\"\" non=\"\" mai...=\"\" rel=\"nofollow noopener\" target=\"_blank\">Antonello Ricci: &#8220;Carlo Galeotti si mette a nudo in questo libro. Nudo nell\u2019anima, vero come non mai&#8230;&#8221;<\/a><\/li>\n<li class=\"serial-posts-list-item\"><a href=\"https:\/\/www.tusciaweb.eu\/2024\/03\/carlo-galeotti-chi-legge-questo-libro-lo-fa-a-suo-rischio-e-pericolo\/\" title=\"Carlo Galeotti: \" chi=\"\" legge=\"\" questo=\"\" libro=\"\" lo=\"\" fa=\"\" a=\"\" suo=\"\" rischio=\"\" e=\"\" pericolo...=\"\" rel=\"nofollow noopener\" target=\"_blank\">Carlo Galeotti: &#8220;Chi legge questo libro lo fa a suo rischio e pericolo&#8230;&#8221;<\/a><\/li>\n<li class=\"serial-posts-list-item\"><a href=\"https:\/\/www.tusciaweb.eu\/2024\/03\/heautontimorumenos-batracomiomachia-10-questioni-cui-la-sindaca-frontini-rispondere\/\" title=\"Tra heautontimorumenos e batracomiomachia, 10 questioni a cui la sindaca Frontini dovrebbe rispondere\" rel=\"nofollow noopener\" target=\"_blank\">Tra heautontimorumenos e batracomiomachia, 10 questioni a cui la sindaca Frontini dovrebbe rispondere<\/a><\/li>\n<li class=\"serial-posts-list-item\"><a href=\"https:\/\/www.tusciaweb.eu\/2024\/03\/carlo-galeotti-deciso-confesso-pubblico-un-libro\/\" title=\"Carlo Galeotti: \" ho=\"\" deciso:=\"\" confesso=\"\" tutto...=\"\" in=\"\" pubblico=\"\" e=\"\" un=\"\" libro=\"\" rel=\"nofollow noopener\" target=\"_blank\">Carlo Galeotti: &#8220;Ho deciso: confesso tutto&#8230; in pubblico e in un libro&#8221;<\/a><\/li>\n<li class=\"serial-posts-list-item\"><a href=\"https:\/\/www.tusciaweb.eu\/2024\/02\/frontini-eviti-continuare-picconare-la-sua-giunta-licenzi-buon-sgarbi\/\" title=\"Frontini eviti di continuare a \" picconare=\"\" la=\"\" sua=\"\" giunta=\"\" e=\"\" il=\"\" buon=\"\" sgarbi=\"\" rel=\"nofollow noopener\" target=\"_blank\">Frontini eviti di continuare a &#8220;picconare&#8221; la sua giunta e &#8220;licenzi&#8221; il buon Sgarbi<\/a><\/li>\n<li class=\"serial-posts-list-item\"><a href=\"https:\/\/www.tusciaweb.eu\/2023\/12\/concerto-cristina-davena-la-posizione-del-palco-norma\/\" title=\"\" concerto=\"\" cristina=\"\" d=\"\" la=\"\" posizione=\"\" del=\"\" palco=\"\" a=\"\" norma...=\"\" rel=\"nofollow noopener\" target=\"_blank\">&#8220;Concerto Cristina D&#8217;Avena, la posizione del palco \u00e8 a norma&#8230;&#8221;<\/a><\/li>\n<li class=\"serial-posts-list-item\"><a href=\"https:\/\/www.tusciaweb.eu\/2023\/11\/gli-80-anni-strapazzati-di-marcello-baraghini\/\" title=\"Gli 80 anni strapazzati di Marcello Baraghini...\" rel=\"nofollow noopener\" target=\"_blank\">Gli 80 anni strapazzati di Marcello Baraghini&#8230;<\/a><\/li>\n<li class=\"serial-posts-list-item\"><a href=\"https:\/\/www.tusciaweb.eu\/2023\/11\/pirati-della-bellezza-diventato-un-festival-nazionale\/\" title=\"\" i=\"\" pirati=\"\" della=\"\" bellezza=\"\" diventato=\"\" un=\"\" festival=\"\" nazionale...=\"\" pirat rel=\"nofollow noopener\" target=\"_blank\">&#8220;I pirati della bellezza \u00e8 diventato un festival nazionale&#8230;&#8221;<\/a><\/li>\n<li class=\"serial-posts-list-item\"><a href=\"https:\/\/www.tusciaweb.eu\/2023\/10\/lultimo-politico\/\" title=\"L&#039;ultimo politico...\" rel=\"nofollow noopener\" target=\"_blank\">L&#8217;ultimo politico&#8230;<\/a><\/li>\n<li class=\"serial-posts-list-item\"><a href=\"https:\/\/www.tusciaweb.eu\/2023\/10\/pregiudicato-vittorio-sgarbi-indagato\/\" title=\"Il pregiudicato Vittorio Sgarbi \u00e8 di nuovo indagato, ma tutti tacciono a palazzo dei Priori e non solo\" rel=\"nofollow noopener\" target=\"_blank\">Il pregiudicato Vittorio Sgarbi \u00e8 di nuovo indagato, ma tutti tacciono a palazzo dei Priori e non solo<\/a><\/li>\n<li class=\"serial-posts-list-item\"><a href=\"https:\/\/www.tusciaweb.eu\/2023\/10\/morto-fotografo-walter-selva-maestro-della-luce\/\" title=\"\u00c8 morto il fotografo Walter Selva maestro della luce\" rel=\"nofollow noopener\" target=\"_blank\">\u00c8 morto il fotografo Walter Selva maestro della luce<\/a><\/li>\n<li class=\"serial-posts-list-item\"><a href=\"https:\/\/www.tusciaweb.eu\/2023\/09\/ad-alessio-paternesi-verra-dedicata-una-borsa-di-studio-dellunitus\/\" title=\"\" verr=\"\" dedicata=\"\" ad=\"\" alessio=\"\" paternesi=\"\" una=\"\" borsa=\"\" di=\"\" studio=\"\" permanente=\"\" dell=\"\" rel=\"nofollow noopener\" target=\"_blank\">&#8220;Verr\u00e0 dedicata ad Alessio Paternesi una borsa di studio permanente dell&#8217;Unitus&#8221;<\/a><\/li>\n<li class=\"serial-posts-list-item\"><a href=\"https:\/\/www.tusciaweb.eu\/2023\/09\/gesto-condannabile-le-narrazioni-non-creino-un-immeritato-banco-degli-imputati\/\" title=\"\" gesto=\"\" condannabile=\"\" ma=\"\" le=\"\" narrazioni=\"\" non=\"\" creino=\"\" un=\"\" immeritato=\"\" banco=\"\" degli=\"\" imputati=\"\" rel=\"nofollow noopener\" target=\"_blank\">&#8220;Gesto condannabile ma le narrazioni non creino un immeritato banco degli imputati&#8221;<\/a><\/li>\n<li class=\"serial-posts-list-item\"><a href=\"https:\/\/www.tusciaweb.eu\/2023\/09\/evviva-le-ordinanze-farsa-della-sindaca-frontini\/\" title=\"Evviva le ordinanze farsa della sindaca Frontini!\" rel=\"nofollow noopener\" target=\"_blank\">Evviva le ordinanze farsa della sindaca Frontini!<\/a><\/li>\n<li class=\"serial-posts-list-item\"><a href=\"https:\/\/www.tusciaweb.eu\/2023\/08\/persone-schiacciate-e-travolte-incendi-attentati-ma-quanto-e-pericoloso-veramente-il-trasporto-della-macchina\/\" title=\"Persone schiacciate e travolte, incendi, attentati: ma quanto \u00e8 pericoloso il trasporto della macchina?\" rel=\"nofollow noopener\" target=\"_blank\">Persone schiacciate e travolte, incendi, attentati: ma quanto \u00e8 pericoloso il trasporto della macchina?<\/a><\/li>\n<li class=\"serial-posts-list-item\"><a href=\"https:\/\/www.tusciaweb.eu\/2023\/08\/trasporto-della-macchina-2022-senza-autorizzazione-il-prefetto-indecoroso-comportamento-del-sodalizio-dei-facchini\/\" title=\"Il prefetto: \" trasporto=\"\" della=\"\" macchina=\"\" senza=\"\" autorizzazione=\"\" e=\"\" indecoroso=\"\" comportamento=\"\" del=\"\" sodalizio=\"\" dei=\"\" facchini...=\"\" rel=\"nofollow noopener\" target=\"_blank\">Il prefetto: &#8220;Trasporto della macchina 2022 senza autorizzazione e indecoroso comportamento del Sodalizio dei facchini&#8230;&#8221;<\/a><\/li>\n<li class=\"serial-posts-list-item\"><a href=\"https:\/\/www.tusciaweb.eu\/2023\/08\/un-trasporto-della-macchina-santa-rosa-senza-autorizzazione-piano-sicurezza-definito-varie-modifiche-giorno-del-trasporto-giunta-due-versioni-differenti\/\" title=\"Trasporto della macchina 2022 senza autorizzazione: il piano di sicurezza definito soltanto all&#039;ultimo giorno e in due versioni differenti\" rel=\"nofollow noopener\" target=\"_blank\">Trasporto della macchina 2022 senza autorizzazione: il piano di sicurezza definito soltanto all&#8217;ultimo giorno e in due versioni differenti<\/a><\/li>\n<li class=\"serial-posts-list-item\"><a href=\"https:\/\/www.tusciaweb.eu\/2023\/08\/prefetto-trasporto-della-macchina-santa-rosa-2022-senza-nessuna-autorizzazione-comunale-la-sindaca-la-consideriamo-manifestazione-religiosa\/\" title=\"Il prefetto: \u201cIl trasporto della macchina 2022 senza autorizzazione\u201d - La sindaca: \u201dLo consideriamo un evento religioso\u201d - Il vescovo: \u201cNon \u00e8 assolutamente una manifestazione religiosa\u201d\" rel=\"nofollow noopener\" target=\"_blank\">Il prefetto: \u201cIl trasporto della macchina 2022 senza autorizzazione\u201d &#8211; La sindaca: \u201dLo consideriamo un evento religioso\u201d &#8211; Il vescovo: \u201cNon \u00e8 assolutamente una manifestazione religiosa\u201d<\/a><\/li>\n<li class=\"serial-posts-list-item\"><a href=\"https:\/\/www.tusciaweb.eu\/2023\/08\/ebbene-si-fotografato-la-sindaca-frontini-qualche-millesimo-secondo-non-sorrideva\/\" title=\"Ebbene s\u00ec... Abbiamo fotografato la sindaca Frontini che per qualche millesimo di secondo non sorrideva...\" rel=\"nofollow noopener\" target=\"_blank\">Ebbene s\u00ec&#8230; Abbiamo fotografato la sindaca Frontini che per qualche millesimo di secondo non sorrideva&#8230;<\/a><\/li>\n<li class=\"serial-posts-list-item\"><a href=\"https:\/\/www.tusciaweb.eu\/2023\/08\/alessio-paternesi-la-bellezza-delle-parole-del-silenzio\/\" title=\"Alessio Paternesi, la bellezza delle parole del silenzio\" rel=\"nofollow noopener\" target=\"_blank\">Alessio Paternesi, la bellezza delle parole del silenzio<\/a><\/li>\n<li class=\"serial-posts-list-item\"><a href=\"https:\/\/www.tusciaweb.eu\/2023\/07\/ditecelo-via-questa-citta\/\" title=\"Una vasta e profonda incompetenza politico-amministrativa e\u2026 arborea - E ditecelo! Ma che vi ha fatto questa povera citt\u00e0?\" rel=\"nofollow noopener\" target=\"_blank\">Una vasta e profonda incompetenza politico-amministrativa e\u2026 arborea &#8211; E ditecelo! Ma che vi ha fatto questa povera citt\u00e0?<\/a><\/li>\n<li class=\"serial-posts-list-item\"><a href=\"https:\/\/www.tusciaweb.eu\/2023\/07\/pratogiardino-lucio-battisti-lassessore-floris-mesi-segnalazioni-pon-mano-alla-cloaca\/\" title=\"Pratogiardino Lucio Battisti - L&#039;assessore Floris, dopo mesi di segnalazioni, mette mano alla cloaca\" rel=\"nofollow noopener\" target=\"_blank\">Pratogiardino Lucio Battisti &#8211; L&#8217;assessore Floris, dopo mesi di segnalazioni, mette mano alla cloaca<\/a><\/li>\n<li class=\"serial-posts-list-item\"><a href=\"https:\/\/www.tusciaweb.eu\/2023\/07\/affidamento-dello-stadio-rocchi-un-gruppo-tifosi-appoggiamo-comune-lo-attacchera-questa-decisione-dovra-vedersela\/\" title=\"Affidamento dello stadio Rocchi, un gruppo di \" tifosi=\"\" il=\"\" comune=\"\" chi=\"\" lo=\"\" attaccher=\"\" per=\"\" questa=\"\" decisione=\"\" dovr=\"\" vedersela=\"\" con=\"\" noi=\"\" rel=\"nofollow noopener\" target=\"_blank\">Affidamento dello stadio Rocchi, un gruppo di &#8220;tifosi&#8221;: &#8220;Appoggiamo il comune, chi lo attaccher\u00e0 per questa decisione dovr\u00e0 vedersela con noi!\u201d<\/a><\/li>\n<li class=\"serial-posts-list-item\"><a href=\"https:\/\/www.tusciaweb.eu\/2023\/07\/qualcuno-sta-dormendo-nei-bagni-pubblici-piazza-della-rocca\/\" title=\"Qualcuno sta di nuovo dormendo nei bagni pubblici di piazza della Rocca?\" rel=\"nofollow noopener\" target=\"_blank\">Qualcuno sta di nuovo dormendo nei bagni pubblici di piazza della Rocca?<\/a><\/li>\n<li class=\"serial-posts-list-item\"><a href=\"https:\/\/www.tusciaweb.eu\/2023\/07\/democratura-afasica-sfondo-messianico-un-bilancio-unanalisi-un-anno-regime-frontiniano\/\" title=\"Una democratura afasica a sfondo messianico, un bilancio e un&#039;analisi di un anno di regime frontiniano\" rel=\"nofollow noopener\" target=\"_blank\">Una democratura afasica a sfondo messianico, un bilancio e un&#8217;analisi di un anno di regime frontiniano<\/a><\/li>\n<li class=\"serial-posts-list-item\"><a href=\"https:\/\/www.tusciaweb.eu\/2023\/07\/vera-barbarie-fiori-ben-posizionati-freschi-nelle-fioriere\/\" title=\"Una vera barbarie: fiori ben posizionati e freschi nelle fioriere...\" rel=\"nofollow noopener\" target=\"_blank\">Una vera barbarie: fiori ben posizionati e freschi nelle fioriere&#8230;<\/a><\/li>\n<li class=\"serial-posts-list-item\"><a href=\"https:\/\/www.tusciaweb.eu\/2023\/07\/morto-ieri-sera-lavvocato-politico-severo-bruno\/\" title=\"\u00c8 morto l\u2019avvocato e politico Severo Bruno\" rel=\"nofollow noopener\" target=\"_blank\">\u00c8 morto l\u2019avvocato e politico Severo Bruno<\/a><\/li>\n<li class=\"serial-posts-list-item\"><a href=\"https:\/\/www.tusciaweb.eu\/2023\/06\/i-bagni-a-piazza-della-rocca-trasformati-in-dormitorio-pubblico\/\" title=\"I bagni a piazza della Rocca trasformati in dormitorio pubblico...\" rel=\"nofollow noopener\" target=\"_blank\">I bagni a piazza della Rocca trasformati in dormitorio pubblico&#8230;<\/a><\/li>\n<li class=\"serial-posts-list-item\"><a href=\"https:\/\/www.tusciaweb.eu\/2023\/05\/pratogiardino-lucio-battisti-grande-bagno-lurido-sporco\/\" title=\"Pratogiardino Lucio Battisti - Il grande bagno lurido e sporco\" rel=\"nofollow noopener\" target=\"_blank\">Pratogiardino Lucio Battisti &#8211; Il grande bagno lurido e sporco<\/a><\/li>\n<li class=\"serial-posts-list-item\"><a href=\"https:\/\/www.tusciaweb.eu\/2023\/05\/pratogiardino-lucio-battisti-rete-anticaduta-ripristinata-staccionata-risistemata-legni-vari-spariti\/\" title=\"Pratogiardino Lucio Battisti: rete anticaduta ripristinata, staccionata risistemata, legni vari spariti...\" rel=\"nofollow noopener\" target=\"_blank\">Pratogiardino Lucio Battisti: rete anticaduta ripristinata, staccionata risistemata, legni vari spariti&#8230;<\/a><\/li>\n<li class=\"serial-posts-list-item\"><a href=\"https:\/\/www.tusciaweb.eu\/2023\/05\/erbacce-alte-citta-chiara-frontini-dimissioni-manifesta-incapacita\/\" title=\"Erbacce alte in citt\u00e0, Chiara Frontini: \" dimissioni=\"\" per=\"\" manifesta=\"\" incapacit=\"\" rel=\"nofollow noopener\" target=\"_blank\">Erbacce alte in citt\u00e0, Chiara Frontini: &#8220;Dimissioni per manifesta incapacit\u00e0!&#8221;<\/a><\/li>\n<li class=\"serial-posts-list-item\"><a href=\"https:\/\/www.tusciaweb.eu\/2023\/05\/pratogiardino-lucio-battisti-lordure-abbandono-pericoli-mortali\/\" title=\"Pratogiardino Lucio Battisti: lordure, schifezze e pericoli perfino mortali\" rel=\"nofollow noopener\" target=\"_blank\">Pratogiardino Lucio Battisti: lordure, schifezze e pericoli perfino mortali<\/a><\/li>\n<li class=\"serial-posts-list-item\"><a href=\"https:\/\/www.tusciaweb.eu\/2023\/05\/un-grande-prato-verde\/\" title=\"C&#039;\u00e8 un grande prato verde dove nascono... pericoli, erbacce, fantanelle senz&#039;acqua, immondizie varie\" rel=\"nofollow noopener\" target=\"_blank\">C&#8217;\u00e8 un grande prato verde dove nascono&#8230; pericoli, erbacce, fantanelle senz&#8217;acqua, immondizie varie<\/a><\/li>\n<li class=\"serial-posts-list-item\"><a href=\"https:\/\/www.tusciaweb.eu\/2023\/04\/benito-mussolini-ero-mio-popolo-mio-popolo\/\" title=\"Benito Mussolini: \" s=\"\" ho=\"\" dato=\"\" io=\"\" l=\"\" di=\"\" uccidere=\"\" giacomo=\"\" matteotti=\"\" rel=\"nofollow noopener\" target=\"_blank\">Benito Mussolini: &#8220;S\u00ec, ho dato io l&#8217;ordine di uccidere Giacomo Matteotti&#8221;<\/a><\/li>\n<li class=\"serial-posts-list-item\"><a href=\"https:\/\/www.tusciaweb.eu\/2023\/01\/tusciaweb-nasceva-nel-2003-20-anni-coltivato-la-rosa-bianca\/\" title=\"Tusciaweb nasceva nel 2003, per 20 anni abbiamo... \" coltivato=\"\" la=\"\" rosa=\"\" bianca=\"\" rel=\"nofollow noopener\" target=\"_blank\">Tusciaweb nasceva nel 2003, per 20 anni abbiamo&#8230; &#8220;coltivato la rosa bianca&#8221;<\/a><\/li>\n<li class=\"serial-posts-list-item\"><a href=\"https:\/\/www.tusciaweb.eu\/2022\/12\/sara-un-vescovo-inaspettato\/\" title=\"Sar\u00e0 un vescovo nuovo e... inaspettato!\" rel=\"nofollow noopener\" target=\"_blank\">Sar\u00e0 un vescovo nuovo e&#8230; inaspettato!<\/a><\/li>\n<li class=\"serial-posts-list-item\"><a href=\"https:\/\/www.tusciaweb.eu\/2022\/12\/un-grande-vescovo-lascia-e-un-altro-e-appena-arrivato\/\" title=\"Un grande vescovo lascia e un altro \u00e8 appena arrivato...\" rel=\"nofollow noopener\" target=\"_blank\">Un grande vescovo lascia e un altro \u00e8 appena arrivato&#8230;<\/a><\/li>\n<li class=\"serial-posts-list-item\"><a href=\"https:\/\/www.tusciaweb.eu\/2022\/12\/se-la-giunta-invece-dellindirizzo-da-lindirizzo-di-casa\/\" title=\"Se la giunta invece dell&#039;indirizzo d\u00e0 l&#039;\" indirizzo=\"\" di=\"\" casa=\"\" rel=\"nofollow noopener\" target=\"_blank\">Se la giunta invece dell&#8217;indirizzo d\u00e0 l'&#8221;indirizzo di casa&#8221;&#8230;<\/a><\/li>\n<li class=\"serial-posts-list-item\"><a href=\"https:\/\/www.tusciaweb.eu\/2022\/12\/manifestazioni-natalizie-bando-scelta-discrezionale-della-giunta\/\" title=\"\" manifestazioni=\"\" natalizie=\"\" fuori=\"\" bando=\"\" una=\"\" scelta=\"\" discrezionale=\"\" della=\"\" giunta...=\"\" rel=\"nofollow noopener\" target=\"_blank\">&#8220;Manifestazioni natalizie fuori bando, una scelta discrezionale della giunta&#8230;&#8221;<\/a><\/li>\n<li class=\"serial-posts-list-item\"><a href=\"https:\/\/www.tusciaweb.eu\/2022\/12\/er-fijo-de-loca-bianca\/\" title=\"Ma che sei er fijo de l&#039;oca bianca?\" rel=\"nofollow noopener\" target=\"_blank\">Ma che sei er fijo de l&#8217;oca bianca?<\/a><\/li>\n<li class=\"serial-posts-list-item\"><a href=\"https:\/\/www.tusciaweb.eu\/2022\/11\/dieci-domande-lassessore-emanuele-aronne-anzi-dodici\/\" title=\"Dieci domande per l&#039;assessore Emanuele Aronne... Anzi dodici\" rel=\"nofollow noopener\" target=\"_blank\">Dieci domande per l&#8217;assessore Emanuele Aronne&#8230; Anzi dodici<\/a><\/li>\n<li class=\"serial-posts-list-item\"><a href=\"https:\/\/www.tusciaweb.eu\/2022\/11\/pirati-della-bellezza-un-laboratorio-idee-pensiero-progetti\/\" title=\"\" i=\"\" pirati=\"\" della=\"\" bellezza=\"\" un=\"\" laboratorio=\"\" di=\"\" idee=\"\" pensiero=\"\" e=\"\" progetti...=\"\" pirat d rel=\"nofollow noopener\" target=\"_blank\">&#8220;I pirati della bellezza \u00e8 un laboratorio di idee, pensiero e progetti&#8230;&#8221;<\/a><\/li>\n<li class=\"serial-posts-list-item\"><a href=\"https:\/\/www.tusciaweb.eu\/2022\/10\/pirati-della-bellezza-oggi-ultimo-grande-appuntamento-enrico-mentana-giornalista-cambiato-le-regole-dei-tg-2\/\" title=\"I pirati della bellezza - 8 incontri ad alto livello sempre col tutto esaurito, migliaia di persone, centinaia di libri distribuiti...\" rel=\"nofollow noopener\" target=\"_blank\">I pirati della bellezza &#8211; 8 incontri ad alto livello sempre col tutto esaurito, migliaia di persone, centinaia di libri distribuiti&#8230;<\/a><\/li>\n<li class=\"serial-posts-list-item\"><a href=\"https:\/\/www.tusciaweb.eu\/2022\/10\/i-pirati-della-bellezza-emozioni-di-brivido-con-pietro-grasso-che-ricorda-falcone-nel-segno-della-legalita-e-la-lotta-alla-mafia\/\" title=\"I pirati della bellezza - Emozioni da brivido con Pietro Grasso, nel ricordo di Giovanni Falcone\" rel=\"nofollow noopener\" target=\"_blank\">I pirati della bellezza &#8211; Emozioni da brivido con Pietro Grasso, nel ricordo di Giovanni Falcone<\/a><\/li>\n<li class=\"serial-posts-list-item\"><a href=\"https:\/\/www.tusciaweb.eu\/2022\/08\/lascia-il-comando-dei-carabinieri-antonazzo-un-competente-e-capace-servitore-dello-stato\/\" title=\"Lascia il comando dei carabinieri Antonazzo, un competente e capace servitore dello stato...\" rel=\"nofollow noopener\" target=\"_blank\">Lascia il comando dei carabinieri Antonazzo, un competente e capace servitore dello stato&#8230;<\/a><\/li>\n<li class=\"serial-posts-list-item\"><a href=\"https:\/\/www.tusciaweb.eu\/2022\/08\/viterbo-saluta-francesco-mago-dei-bottoni-dei-merletti\/\" title=\"Viterbo saluta Francesco, il mago dei bottoni e dei merletti\" rel=\"nofollow noopener\" target=\"_blank\">Viterbo saluta Francesco, il mago dei bottoni e dei merletti<\/a><\/li>\n<li class=\"serial-posts-list-item\"><a href=\"https:\/\/www.tusciaweb.eu\/2022\/08\/sgarbi-supera-le-luci-blu-fila-dauto-territorio-elvetico-multa-500-franchi\/\" title=\"Sgarbi supera con le luci blu una fila d&#039;auto in territorio elvetico, multa di 500 franchi\" rel=\"nofollow noopener\" target=\"_blank\">Sgarbi supera con le luci blu una fila d&#8217;auto in territorio elvetico, multa di 500 franchi<\/a><\/li>\n<li class=\"serial-posts-list-item\"><a href=\"https:\/\/www.tusciaweb.eu\/2022\/07\/la-mia-battuta-ironica-mi-riferivo-al-presidente-della-campania-non-al-pride\/\" title=\"\" la=\"\" mia=\"\" battuta=\"\" era=\"\" ironica...=\"\" mi=\"\" riferivo=\"\" al=\"\" presidente=\"\" della=\"\" campania=\"\" non=\"\" pride=\"\" del rel=\"nofollow noopener\" target=\"_blank\">&#8220;La mia battuta era ironica&#8230; Mi riferivo al presidente della Campania, non al Pride&#8221;<\/a><\/li>\n<li class=\"serial-posts-list-item\"><a href=\"https:\/\/www.tusciaweb.eu\/2022\/07\/visto-diritti-roteare-dervisci\/\" title=\"Ho visto i diritti roteare come dervisci...\" rel=\"nofollow noopener\" target=\"_blank\">Ho visto i diritti roteare come dervisci&#8230;<\/a><\/li>\n<li class=\"serial-posts-list-item\"><a href=\"https:\/\/www.tusciaweb.eu\/2022\/06\/la-rivoluzione-dei-millelire-carlo-galeotti-processa-lantieditore-marcello-baraghini\/\" title=\"La rivoluzione dei Millelire - Carlo Galeotti processa l&#039;antieditore Marcello Baraghini\" rel=\"nofollow noopener\" target=\"_blank\">La rivoluzione dei Millelire &#8211; Carlo Galeotti processa l&#8217;antieditore Marcello Baraghini<\/a><\/li>\n<li class=\"serial-posts-list-item\"><a href=\"https:\/\/www.tusciaweb.eu\/2022\/06\/carlo-galeotti-processa-marcello-baraghini-linventore-dei-millelire\/\" title=\"Carlo Galeotti processa Marcello Baraghini l&#039;inventore dei Millelire\" rel=\"nofollow noopener\" target=\"_blank\">Carlo Galeotti processa Marcello Baraghini l&#8217;inventore dei Millelire<\/a><\/li>\n<li class=\"serial-posts-list-item\"><a href=\"https:\/\/www.tusciaweb.eu\/2022\/06\/taxi-gratuiti-si-deciso-non-procedere-alliniziativa\/\" title=\"\" taxi=\"\" gratuiti=\"\" si=\"\" deciso=\"\" di=\"\" non=\"\" procedere=\"\" all=\"\" rel=\"nofollow noopener\" target=\"_blank\">&#8220;Taxi gratuiti, si \u00e8 deciso di non procedere all&#8217;iniziativa&#8230;&#8221;<\/a><\/li>\n<li class=\"serial-posts-list-item\"><a href=\"https:\/\/www.tusciaweb.eu\/2022\/06\/carlo-galeotti-processa-il-malvivente-della-cultura-marcello-baraghini\/\" title=\"Carlo Galeotti processa il \" malvivente=\"\" della=\"\" cultura=\"\" marcello=\"\" baraghini=\"\" rel=\"nofollow noopener\" target=\"_blank\">Carlo Galeotti processa il &#8220;malvivente della cultura&#8221; Marcello Baraghini<\/a><\/li>\n<li class=\"serial-posts-list-item\"><a href=\"https:\/\/www.tusciaweb.eu\/2022\/06\/carlo-galeotti-processa-marcello-baraghini\/\" title=\"Carlo Galeotti processa Marcello Baraghini\" rel=\"nofollow noopener\" target=\"_blank\">Carlo Galeotti processa Marcello Baraghini<\/a><\/li>\n<li class=\"serial-posts-list-item\"><a href=\"https:\/\/www.tusciaweb.eu\/2022\/06\/1grande-bluff-ancien-regime-schiera-frontini\/\" title=\"Il grande bluff, l&#039;ancien r\u00e9gime si schiera con Frontini\" rel=\"nofollow noopener\" target=\"_blank\">Il grande bluff, l&#8217;ancien r\u00e9gime si schiera con Frontini<\/a><\/li>\n<li class=\"serial-posts-list-item\"><a href=\"https:\/\/www.tusciaweb.eu\/2022\/06\/stipendio-della-sindaca-bloccato-almeno-meta-delle-giunta-al-femminile-nessun-pregiudicato-gli-assessori\/\" title=\"Stipendio della sindaca bloccato, almeno met\u00e0 della giunta al femminile, nessun pregiudicato tra gli assessori\" rel=\"nofollow noopener\" target=\"_blank\">Stipendio della sindaca bloccato, almeno met\u00e0 della giunta al femminile, nessun pregiudicato tra gli assessori<\/a><\/li>\n<li class=\"serial-posts-list-item\"><a href=\"https:\/\/www.tusciaweb.eu\/2022\/06\/un-assessorato-un-assessorato-miei-voti\/\" title=\"Un assessorato, un assessorato... per i miei voti!\" rel=\"nofollow noopener\" target=\"_blank\">Un assessorato, un assessorato&#8230; per i miei voti!<\/a><\/li>\n<li class=\"serial-posts-list-item\"><a href=\"https:\/\/www.tusciaweb.eu\/2022\/06\/quando-gam-scriveva-sulla-sua-lettera-22-via-del-giglio\/\" title=\"Quando Gam scriveva sulla sua Lettera 22 in via del Giglio...\" rel=\"nofollow noopener\" target=\"_blank\">Quando Gam scriveva sulla sua Lettera 22 in via del Giglio&#8230;<\/a><\/li>\n<li class=\"serial-posts-list-item\"><a href=\"https:\/\/www.tusciaweb.eu\/2022\/06\/faccia-faccia-frontini-dice-no-al-confronto-si-altera\/\" title=\"Faccia a faccia, Frontini dice no al confronto e si altera...\" rel=\"nofollow noopener\" target=\"_blank\">Faccia a faccia, Frontini dice no al confronto e si altera&#8230;<\/a><\/li>\n<li class=\"serial-posts-list-item\"><a href=\"https:\/\/www.tusciaweb.eu\/2022\/06\/morto-giornalista-gaetano-messina\/\" title=\"\u00c8 morto il giornalista Gaetano Messina\" rel=\"nofollow noopener\" target=\"_blank\">\u00c8 morto il giornalista Gaetano Messina<\/a><\/li>\n<li class=\"serial-posts-list-item\"><a href=\"https:\/\/www.tusciaweb.eu\/2022\/06\/fioroni-un-dirigente-del-pd-vota-la-candidata-sindaca-del-suo-partito-lo-sventurato-non-rispose\/\" title=\"Fioroni lei \u00e8 un dirigente del Pd, vota la candidata sindaca del suo partito? Lo \u201csventurato\u201d non rispose\u2026\" rel=\"nofollow noopener\" target=\"_blank\">Fioroni lei \u00e8 un dirigente del Pd, vota la candidata sindaca del suo partito? Lo \u201csventurato\u201d non rispose\u2026<\/a><\/li>\n<li class=\"serial-posts-list-item\"><a href=\"https:\/\/www.tusciaweb.eu\/2022\/06\/basta-pensiero-magico-basta-ancien-regime\/\" title=\"Basta pensiero magico, basta ancien r\u00e9gime travestito di nuovo...\" rel=\"nofollow noopener\" target=\"_blank\">Basta pensiero magico, basta ancien r\u00e9gime travestito di nuovo&#8230;<\/a><\/li>\n<li class=\"serial-posts-list-item\"><a href=\"https:\/\/www.tusciaweb.eu\/2022\/06\/giorno-giorgia-meloni\/\" title=\"\u00c8 il giorno di Giorgia Meloni\" rel=\"nofollow noopener\" target=\"_blank\">\u00c8 il giorno di Giorgia Meloni<\/a><\/li>\n<li class=\"serial-posts-list-item\"><a href=\"https:\/\/www.tusciaweb.eu\/2022\/06\/la-porcata-leminenza-grigia-voleva-farla-lha-fatta\/\" title=\"La porcata l\u2019eminenza grigia voleva farla e l\u2019ha fatta\u2026\u00a0\" rel=\"nofollow noopener\" target=\"_blank\">La porcata l\u2019eminenza grigia voleva farla e l\u2019ha fatta\u2026\u00a0<\/a><\/li>\n<li class=\"serial-posts-list-item\"><a href=\"https:\/\/www.tusciaweb.eu\/2022\/06\/denuncia-stalking-cosa-grave\/\" title=\"Una denuncia per stalking \u00e8 cosa grave\u2026\" rel=\"nofollow noopener\" target=\"_blank\">Una denuncia per stalking \u00e8 cosa grave\u2026<\/a><\/li>\n<li class=\"serial-posts-list-item\"><a href=\"https:\/\/www.tusciaweb.eu\/2022\/06\/la-loica-satana-la-dottrina-del-saggio-pericle-la-contraddizion-nol-consente\/\" title=\"La loica di Satana, la dottrina del saggio Pericle e la contraddizion che nol consente\" rel=\"nofollow noopener\" target=\"_blank\">La loica di Satana, la dottrina del saggio Pericle e la contraddizion che nol consente<\/a><\/li>\n<li class=\"serial-posts-list-item\"><a href=\"https:\/\/www.tusciaweb.eu\/2022\/06\/sgarbi-froci-lo-diritto-la-costituzione\/\" title=\"Sgarbi, i \u201cfroci\u201d, lo stato di diritto e la costituzione\u2026\" rel=\"nofollow noopener\" target=\"_blank\">Sgarbi, i \u201cfroci\u201d, lo stato di diritto e la costituzione\u2026<\/a><\/li>\n<li class=\"serial-posts-list-item\"><a href=\"https:\/\/www.tusciaweb.eu\/2022\/05\/lo-scontro-ballottaggio-solito-professore-universitario-asino-asino-asino\/\" title=\"Lo scontro per il ballottaggio e il solito professore universitario asino, asino asino...\" rel=\"nofollow noopener\" target=\"_blank\">Lo scontro per il ballottaggio e il solito professore universitario asino, asino asino&#8230;<\/a><\/li>\n<li class=\"serial-posts-list-item\"><a href=\"https:\/\/www.tusciaweb.eu\/2022\/05\/lo-scontro-ballottaggio-ancora-aperto-la-soglia-intorno-al-25\/\" title=\"Lo scontro per il ballottaggio ancora tutto aperto e la soglia \u00e8 intorno al 25%\" rel=\"nofollow noopener\" target=\"_blank\">Lo scontro per il ballottaggio ancora tutto aperto e la soglia \u00e8 intorno al 25%<\/a><\/li>\n<li class=\"serial-posts-list-item\"><a href=\"https:\/\/www.tusciaweb.eu\/2022\/05\/verso-un-ballottaggio-tra-alessandra-troncarelli-e-chiara-frontini\/\" title=\"Nuovo sondaggio, si va verso il ballottaggio tra Alessandra Troncarelli e Chiara Frontini\" rel=\"nofollow noopener\" target=\"_blank\">Nuovo sondaggio, si va verso il ballottaggio tra Alessandra Troncarelli e Chiara Frontini<\/a><\/li>\n<li class=\"serial-posts-list-item\"><a href=\"https:\/\/www.tusciaweb.eu\/2022\/05\/i-ballottaggi-e-le-fesserie-del-prof-universitario-io-mi-butto-dalla-finestra-lo-giuro\/\" title=\"I ballottaggi e le fesserie del prof. universitario, io mi butto dalla finestra! Lo giuro!\" rel=\"nofollow noopener\" target=\"_blank\">I ballottaggi e le fesserie del prof. universitario, io mi butto dalla finestra! Lo giuro!<\/a><\/li>\n<li class=\"serial-posts-list-item\"><a href=\"https:\/\/www.tusciaweb.eu\/2022\/05\/logica-asini-e-il-sondaggio-di-piepoli\/\" title=\"Logica, asini e il sondaggio di Piepoli\" rel=\"nofollow noopener\" target=\"_blank\">Logica, asini e il sondaggio di Piepoli<\/a><\/li>\n<li class=\"serial-posts-list-item\"><a href=\"https:\/\/www.tusciaweb.eu\/2022\/05\/probemi-della-citta\/\" title=\"Strade disastrate e abbandono del centro storico i problemi principali della citt\u00e0\" rel=\"nofollow noopener\" target=\"_blank\">Strade disastrate e abbandono del centro storico i problemi principali della citt\u00e0<\/a><\/li>\n<li class=\"serial-posts-list-item\"><a href=\"https:\/\/www.tusciaweb.eu\/2022\/05\/ballottaggio-alessandra-troncarelli-chiara-frontini\/\" title=\"Ballottaggio tra Alessandra Troncarelli e Chiara Frontini\" rel=\"nofollow noopener\" target=\"_blank\">Ballottaggio tra Alessandra Troncarelli e Chiara Frontini<\/a><\/li>\n<li class=\"serial-posts-list-item\"><a href=\"https:\/\/www.tusciaweb.eu\/2022\/05\/ballottaggi-chiara-frontini-perde-sempre-sia-con-troncarelli-che-con-allegrini\/\" title=\"Ballottaggi: Frontini perde sempre, sia con Troncarelli che con Allegrini\" rel=\"nofollow noopener\" target=\"_blank\">Ballottaggi: Frontini perde sempre, sia con Troncarelli che con Allegrini<\/a><\/li>\n<li class=\"serial-posts-list-item\"><a href=\"https:\/\/www.tusciaweb.eu\/2022\/05\/allegrini-frontinitroncarelli-le-prime-tre-in-fatto-di-fiducia\/\" title=\"Allegrini, Frontini, Troncarelli le prime tre in fatto di fiducia\" rel=\"nofollow noopener\" target=\"_blank\">Allegrini, Frontini, Troncarelli le prime tre in fatto di fiducia<\/a><\/li>\n<li class=\"serial-posts-list-item\"><a href=\"https:\/\/www.tusciaweb.eu\/2022\/05\/vuoi-chiudere-il-centro-storico-beh-veramente-mica-tanto\/\" title=\"Vuoi chiudere il centro storico? Beh veramente mica tanto\u2026\" rel=\"nofollow noopener\" target=\"_blank\">Vuoi chiudere il centro storico? Beh veramente mica tanto\u2026<\/a><\/li>\n<li class=\"serial-posts-list-item\"><a href=\"https:\/\/www.tusciaweb.eu\/2022\/05\/fratelli-ditalia-primo-partito-in-citta-secondo-il-pd-terzo-viterbo-2020\/\" title=\"Fratelli d\u2019Italia primo partito in citt\u00e0. Secondo il Pd. Terzi quelli di Viterbo 2020\" rel=\"nofollow noopener\" target=\"_blank\">Fratelli d\u2019Italia primo partito in citt\u00e0. Secondo il Pd. Terzi quelli di Viterbo 2020<\/a><\/li>\n<li class=\"serial-posts-list-item\"><a href=\"https:\/\/www.tusciaweb.eu\/2022\/05\/sara-la-prima-sindaca-a-palazzo-dei-priori-e-la-corsa-sara-a-tre\/\" title=\"Prima sindaca a palazzo dei Priori e la corsa sar\u00e0 a tre...\" rel=\"nofollow noopener\" target=\"_blank\">Prima sindaca a palazzo dei Priori e la corsa sar\u00e0 a tre&#8230;<\/a><\/li>\n<li class=\"serial-posts-list-item\"><a href=\"https:\/\/www.tusciaweb.eu\/2022\/05\/puo-vincere-le-elezioni-viterbo-arriva-primo-sondaggio-firmato-istituto-piepoli\/\" title=\"Chi pu\u00f2 vincere le elezioni a Viterbo? Arriva il primo sondaggio firmato Istituto Piepoli\" rel=\"nofollow noopener\" target=\"_blank\">Chi pu\u00f2 vincere le elezioni a Viterbo? Arriva il primo sondaggio firmato Istituto Piepoli<\/a><\/li>\n<li class=\"serial-posts-list-item\"><a href=\"https:\/\/www.tusciaweb.eu\/2022\/05\/la-fonte-q-prefetto-qualche-domanda-giovanni-bruno\/\" title=\"La fonte Q, il nuovo prefetto e qualche domanda a Giovanni Bruno\" rel=\"nofollow noopener\" target=\"_blank\">La fonte Q, il nuovo prefetto e qualche domanda a Giovanni Bruno<\/a><\/li>\n<li class=\"serial-posts-list-item\"><a href=\"https:\/\/www.tusciaweb.eu\/2022\/05\/libri-sognati-marcello-baraghini-fuorilegge-spacciatore-felicita\/\" title=\"I libri sognati e Marcello Baraghini, il \" fuorilegge=\"\" spacciatore=\"\" di...=\"\" felicit=\"\" rel=\"nofollow noopener\" target=\"_blank\">I libri sognati e Marcello Baraghini, il &#8220;fuorilegge&#8221; spacciatore di&#8230; felicit\u00e0<\/a><\/li>\n<li class=\"serial-posts-list-item\"><a href=\"https:\/\/www.tusciaweb.eu\/2022\/05\/ebbene-si-so-frocio-anche-allora\/\" title=\"Ebbene s\u00ec: so\u2019 \u201cfrocio\u201d anche io. E allora?\u00a0\" rel=\"nofollow noopener\" target=\"_blank\">Ebbene s\u00ec: so\u2019 \u201cfrocio\u201d anche io. E allora?\u00a0<\/a><\/li>\n<li class=\"serial-posts-list-item\"><a href=\"https:\/\/www.tusciaweb.eu\/2022\/04\/possibile-questa-citta-sia-resa-schiava-interessi-padrini-occulti-ben-conosciuti\/\" title=\"\" possibile=\"\" che=\"\" questa=\"\" citt=\"\" sia=\"\" resa=\"\" schiava=\"\" da=\"\" interessi=\"\" e=\"\" padrini=\"\" occulti=\"\" ma=\"\" ben=\"\" conosciuti=\"\" rel=\"nofollow noopener\" target=\"_blank\">&#8220;Possibile che questa citt\u00e0 sia resa schiava da interessi e padrini occulti ma ben conosciuti?&#8221;<\/a><\/li>\n<li class=\"serial-posts-list-item\"><a href=\"https:\/\/www.tusciaweb.eu\/2022\/04\/nostri-iscritti-decidono-allearsi\/\" title=\"\" i=\"\" nostri=\"\" iscritti=\"\" decidono=\"\" con=\"\" chi=\"\" allearsi...=\"\" nostr iscritt ch rel=\"nofollow noopener\" target=\"_blank\">&#8220;I nostri iscritti decidono con chi allearsi&#8230;&#8221;<\/a><\/li>\n<li class=\"serial-posts-list-item\"><a href=\"https:\/\/www.tusciaweb.eu\/2022\/04\/fondazione-non-un-movimento-gestione-familiare\/\" title=\"\" fondazione=\"\" non=\"\" un=\"\" movimento=\"\" a=\"\" gestione=\"\" familiare=\"\" rel=\"nofollow noopener\" target=\"_blank\">&#8220;Fondazione non \u00e8 un movimento a gestione familiare&#8221;<\/a><\/li>\n<li class=\"serial-posts-list-item\"><a href=\"https:\/\/www.tusciaweb.eu\/2022\/04\/so-rotto-li-coioni-non-esiste-piu-la-politica-la-citta\/\" title=\"\" me=\"\" so=\"\" rotto=\"\" li=\"\" coioni=\"\" non=\"\" esiste=\"\" pi=\"\" la=\"\" politica=\"\" per=\"\" citt=\"\" rel=\"nofollow noopener\" target=\"_blank\">&#8220;Me so&#8217; rotto li coioni! Non esiste pi\u00f9 la politica per la citt\u00e0&#8230;&#8221;<\/a><\/li>\n<li class=\"serial-posts-list-item\"><a href=\"https:\/\/www.tusciaweb.eu\/2022\/04\/teso-unimboscata-mediatica-al-prefetto\/\" title=\"Chi ha teso un&#039;imboscata mediatica al prefetto?\" rel=\"nofollow noopener\" target=\"_blank\">Chi ha teso un&#8217;imboscata mediatica al prefetto?<\/a><\/li>\n<li class=\"serial-posts-list-item\"><a href=\"https:\/\/www.tusciaweb.eu\/2022\/04\/la-famiglia-santucci-cerca-nuova-casa-viterbo-si-mobilita\/\" title=\"La famiglia Santucci cerca una nuova casa\u2026 Viterbo si mobilita\" rel=\"nofollow noopener\" target=\"_blank\">La famiglia Santucci cerca una nuova casa\u2026 Viterbo si mobilita<\/a><\/li>\n<li class=\"serial-posts-list-item\"><a href=\"https:\/\/www.tusciaweb.eu\/2022\/04\/centrodestra-mille-pezzi-italexit-campo-allora-ci-sara-la-sindaca\/\" title=\"Il centrodestra in mille pezzi, Italexit in campo e allora ci sar\u00e0 la prima sindaca...\" rel=\"nofollow noopener\" target=\"_blank\">Il centrodestra in mille pezzi, Italexit in campo e allora ci sar\u00e0 la prima sindaca&#8230;<\/a><\/li>\n<li class=\"serial-posts-list-item\"><a href=\"https:\/\/www.tusciaweb.eu\/2022\/04\/buon-senso-istituzionalecostituzionale-prevalso\/\" title=\"Il buon senso istituzionale e costituzionale \u00e8 prevalso...\" rel=\"nofollow noopener\" target=\"_blank\">Il buon senso istituzionale e costituzionale \u00e8 prevalso&#8230;<\/a><\/li>\n<li class=\"serial-posts-list-item\"><a href=\"https:\/\/www.tusciaweb.eu\/2022\/04\/candita-hitler-dzugasvili-cento-voti-testa-li-portano-sicuro\/\" title=\"Chi candida Hitler e D\u017euga\u0161vili? Cento voti a testa li portano di sicuro...\" rel=\"nofollow noopener\" target=\"_blank\">Chi candida Hitler e D\u017euga\u0161vili? Cento voti a testa li portano di sicuro&#8230;<\/a><\/li>\n<li class=\"serial-posts-list-item\"><a href=\"https:\/\/www.tusciaweb.eu\/2022\/04\/si-va-al-ballottaggio-quattro-voti-piu-speriamo-sia-femmina\/\" title=\"Si va al ballottaggio con quattro voti in pi\u00f9 e\u2026 speriamo che sia femmina\" rel=\"nofollow noopener\" target=\"_blank\">Si va al ballottaggio con quattro voti in pi\u00f9 e\u2026 speriamo che sia femmina<\/a><\/li>\n<li class=\"serial-posts-list-item\"><a href=\"https:\/\/www.tusciaweb.eu\/2022\/04\/troncarelli-candidata-sindaca-coalizione-praticamente-fatta-nessuna-pregiudiziale-arena\/\" title=\"\u201cTroncarelli candidata sindaca, coalizione praticamente fatta, nessuna pregiudiziale per Arena...\u201d\" rel=\"nofollow noopener\" target=\"_blank\">\u201cTroncarelli candidata sindaca, coalizione praticamente fatta, nessuna pregiudiziale per Arena&#8230;\u201d<\/a><\/li>\n<li class=\"serial-posts-list-item\"><a href=\"https:\/\/www.tusciaweb.eu\/2022\/04\/carlo-galeotti-vero-mi-candidero\/\" title=\"Carlo Galeotti: \u201c\u00c8 tutto vero mi candider\u00f2\u2026\u201d\" rel=\"nofollow noopener\" target=\"_blank\">Carlo Galeotti: \u201c\u00c8 tutto vero mi candider\u00f2\u2026\u201d<\/a><\/li>\n<li class=\"serial-posts-list-item\"><a href=\"https:\/\/www.tusciaweb.eu\/2022\/04\/nel-centrodestra-rimanente-spunta-anche-la-candidatura-marini-la-confusione-totale\/\" title=\"Nel \" centrodestra=\"\" rimanente=\"\" spunta=\"\" anche=\"\" la=\"\" candidatura=\"\" marini=\"\" ma=\"\" confusione=\"\" totale=\"\" rel=\"nofollow noopener\" target=\"_blank\">Nel &#8220;centrodestra rimanente&#8221; spunta anche la candidatura Marini, ma la confusione \u00e8 totale<\/a><\/li>\n<li class=\"serial-posts-list-item\"><a href=\"https:\/\/www.tusciaweb.eu\/2022\/04\/carlo-galeotti-saro-sindaco-della-creativita-della-rinascenza\/\" title=\"Carlo Galeotti: \" sar=\"\" il=\"\" sindaco=\"\" della=\"\" creativit=\"\" e=\"\" rinascenza...=\"\" rel=\"nofollow noopener\" target=\"_blank\">Carlo Galeotti: &#8220;Sar\u00f2 il sindaco della creativit\u00e0 e della rinascenza&#8230;&#8221;<\/a><\/li>\n<li class=\"serial-posts-list-item\"><a href=\"https:\/\/www.tusciaweb.eu\/2022\/03\/la-sindrome-bombacci-pesci-rossi-lacquacotta\/\" title=\"La sindrome di Bombacci, i pesci rossi e l&#039;acquacotta...\" rel=\"nofollow noopener\" target=\"_blank\">La sindrome di Bombacci, i pesci rossi e l&#8217;acquacotta&#8230;<\/a><\/li>\n<li class=\"serial-posts-list-item\"><a href=\"https:\/\/www.tusciaweb.eu\/2022\/03\/la-risposta-al-tempo-finora-trascorso-nel-nostro-codice-etico\/\" title=\"\" la=\"\" risposta=\"\" al=\"\" tempo=\"\" finora=\"\" trascorso=\"\" nel=\"\" nostro=\"\" codice=\"\" etico...=\"\" rel=\"nofollow noopener\" target=\"_blank\">&#8220;La risposta al tempo finora trascorso \u00e8 nel nostro codice etico&#8230;&#8221;<\/a><\/li>\n<li class=\"serial-posts-list-item\"><a href=\"https:\/\/www.tusciaweb.eu\/2022\/03\/nessuna-tentazione-egemonica-non-vogliamo-ruota-scorta\/\" title=\"\" nessuna=\"\" tentazione=\"\" egemonica=\"\" ma=\"\" non=\"\" vogliamo=\"\" essere=\"\" ruota=\"\" di=\"\" scorta=\"\" rel=\"nofollow noopener\" target=\"_blank\">&#8220;Nessuna tentazione egemonica ma non vogliamo essere ruota di scorta&#8221;<\/a><\/li>\n<li class=\"serial-posts-list-item\"><a href=\"https:\/\/www.tusciaweb.eu\/2022\/03\/ma-so-matti\/\" title=\"Ma questi so&#039; matti?\" rel=\"nofollow noopener\" target=\"_blank\">Ma questi so&#8217; matti?<\/a><\/li>\n<li class=\"serial-posts-list-item\"><a href=\"https:\/\/www.tusciaweb.eu\/2022\/03\/pazza-idea-di-far-lamore-con-lui\/\" title=\"Pazza idea di far l&#039;amore con lui...\" rel=\"nofollow noopener\" target=\"_blank\">Pazza idea di far l&#8217;amore con lui&#8230;<\/a><\/li>\n<li class=\"serial-posts-list-item\"><a href=\"https:\/\/www.tusciaweb.eu\/2022\/03\/ora-spunta-la-coalizione-draghi-la-lega-guarda-alleanza-col-pd\/\" title=\"E ora spunta la coalizione Draghi, con la Lega che guarda a una alleanza col centrosinistra\" rel=\"nofollow noopener\" target=\"_blank\">E ora spunta la coalizione Draghi, con la Lega che guarda a una alleanza col centrosinistra<\/a><\/li>\n<li class=\"serial-posts-list-item\"><a href=\"https:\/\/www.tusciaweb.eu\/2022\/03\/ancora-fumata-nera-centrodestra\/\" title=\"Ancora una fumata nera per il centrodestra...\" rel=\"nofollow noopener\" target=\"_blank\">Ancora una fumata nera per il centrodestra&#8230;<\/a><\/li>\n<li class=\"serial-posts-list-item\"><a href=\"https:\/\/www.tusciaweb.eu\/2022\/03\/allora-ditelo-volete-perdere\/\" title=\"Candidature improbabili... Candidature di bandiera.... Candidature a loro insaputa... Candidature alla Sgarbi...\" rel=\"nofollow noopener\" target=\"_blank\">Candidature improbabili&#8230; Candidature di bandiera&#8230;. Candidature a loro insaputa&#8230; Candidature alla Sgarbi&#8230;<\/a><\/li>\n<li class=\"serial-posts-list-item\"><a href=\"https:\/\/www.tusciaweb.eu\/2022\/03\/si-partiva-dal-pilastro-cerca-uno-scampolo-labellarte\/\" title=\"Si partiva dal Pilastro per andare a cercare uno scampolo da Labellarte...\" rel=\"nofollow noopener\" target=\"_blank\">Si partiva dal Pilastro per andare a cercare uno scampolo da Labellarte&#8230;<\/a><\/li>\n<li class=\"serial-posts-list-item\"><a href=\"https:\/\/www.tusciaweb.eu\/2022\/02\/cercansi-disperatamente-candidati-sindaco-livello-politico-decente-anche-idee\/\" title=\"Cercansi disperatamente candidati sindaco di livello politico decente, ma anche idee...\" rel=\"nofollow noopener\" target=\"_blank\">Cercansi disperatamente candidati sindaco di livello politico decente, ma anche idee&#8230;<\/a><\/li>\n<li class=\"serial-posts-list-item\"><a href=\"https:\/\/www.tusciaweb.eu\/2022\/02\/carlo-galeotti-ognuno-di-noi-homo-sapiens-e-solo-il-linguaggio-che-sa-e-che-usa\/\" title=\"Carlo Galeotti: \" ognuno=\"\" di=\"\" noi=\"\" homo=\"\" sapiens=\"\" solo=\"\" il=\"\" linguaggio=\"\" che=\"\" sa=\"\" e=\"\" usa...=\"\" rel=\"nofollow noopener\" target=\"_blank\">Carlo Galeotti: &#8220;Ognuno di noi, homo sapiens, \u00e8 solo il linguaggio che sa e che usa&#8230;&#8221;<\/a><\/li>\n<li class=\"serial-posts-list-item\"><a href=\"https:\/\/www.tusciaweb.eu\/2022\/02\/i-pirati-della-bellezza-carlo-galeotti-sara-una-festa-del-libro-del-pensiero-e-soprattutto-della-parola\/\" title=\"I Pirati della bellezza - Carlo Galeotti: \" sar=\"\" una=\"\" festa=\"\" del=\"\" libro=\"\" pensiero=\"\" e=\"\" soprattutto=\"\" della=\"\" parola...=\"\" rel=\"nofollow noopener\" target=\"_blank\">I Pirati della bellezza &#8211; Carlo Galeotti: &#8220;Sar\u00e0 una festa del libro, del pensiero e soprattutto della parola&#8230;&#8221;<\/a><\/li>\n<li class=\"serial-posts-list-item\"><a href=\"https:\/\/www.tusciaweb.eu\/2022\/01\/destra-centrino-svelato-linghippo-uno-scontro-politico-far-saltare-raduno-programmatico\/\" title=\"Destra - centrino, svelato l&#039;inghippo: \u00e8 stato uno scontro politico a far saltare il \" raduno=\"\" programmatico=\"\" rel=\"nofollow noopener\" target=\"_blank\">Destra &#8211; centrino, svelato l&#8217;inghippo: \u00e8 stato uno scontro politico a far saltare il &#8220;raduno programmatico&#8221;<\/a><\/li>\n<li class=\"serial-posts-list-item\"><a href=\"https:\/\/www.tusciaweb.eu\/2022\/01\/intellettuali-veri-tanti-piccoli-sola-impoverito-la-vita-culturale-della-citta\/\" title=\"\" pochi=\"\" intellettuali=\"\" veri=\"\" e=\"\" tanti=\"\" piccoli=\"\" sola=\"\" che=\"\" hanno=\"\" impoverito=\"\" la=\"\" vita=\"\" culturale=\"\" della=\"\" citt=\"\" ch cultural del rel=\"nofollow noopener\" target=\"_blank\">&#8220;Pochi intellettuali veri e tanti piccoli sola che hanno impoverito la vita culturale della citt\u00e0&#8230;&#8221;<\/a><\/li>\n<li class=\"serial-posts-list-item\"><a href=\"https:\/\/www.tusciaweb.eu\/2022\/01\/bisogna-cacciare-usa-viterbo-propri-interessi\/\" title=\"\" bisogna=\"\" cacciare=\"\" chi=\"\" usa=\"\" viterbo=\"\" per=\"\" i=\"\" propri=\"\" interessi...=\"\" propr rel=\"nofollow noopener\" target=\"_blank\">&#8220;Bisogna cacciare chi usa Viterbo per i propri interessi&#8230;&#8221;<\/a><\/li>\n<li class=\"serial-posts-list-item\"><a href=\"https:\/\/www.tusciaweb.eu\/2022\/01\/destra-centrino-allo-sbando\/\" title=\"La destra - centrino che tiene famiglia tenta l&#039;ennesima supercazzola politica\" rel=\"nofollow noopener\" target=\"_blank\">La destra &#8211; centrino che tiene famiglia tenta l&#8217;ennesima supercazzola politica<\/a><\/li>\n<li class=\"serial-posts-list-item\"><a href=\"https:\/\/www.tusciaweb.eu\/2022\/01\/daccordo-quanto-scritto-penso-laura-allegrini-sia-stata-la-piu-competente\/\" title=\"\" sono=\"\" d=\"\" con=\"\" quanto=\"\" da=\"\" lei=\"\" scritto=\"\" ma=\"\" penso=\"\" che=\"\" laura=\"\" allegrini=\"\" sia=\"\" stata=\"\" la=\"\" pi=\"\" competente...=\"\" rel=\"nofollow noopener\" target=\"_blank\">&#8220;Sono d&#8217;accordo con quanto da lei scritto, ma penso che Laura Allegrini sia stata la pi\u00f9 competente&#8230;&#8221;<\/a><\/li>\n<li class=\"serial-posts-list-item\"><a href=\"https:\/\/www.tusciaweb.eu\/2022\/01\/limplosione-della-indecente-giunta-arena-fatta-dei-soliti-inetti-e-la-schifezza-della-schifezza-della-schifezza-della-schifezza-della-politica\/\" title=\"L&#039;implosione della indecente giunta Arena fatta dei soliti inetti... e la schifezza della schifezza della schifezza della schifezza della \" politica=\"\" rel=\"nofollow noopener\" target=\"_blank\">L&#8217;implosione della indecente giunta Arena fatta dei soliti inetti&#8230; e la schifezza della schifezza della schifezza della schifezza della &#8220;politica&#8221;<\/a><\/li>\n<li class=\"serial-posts-list-item\"><a href=\"https:\/\/www.tusciaweb.eu\/2021\/11\/vedo-rudy-guede-tutti-santi-giorni-persona-adorabile-sincera\/\" title=\"\" vedo=\"\" rudy=\"\" guede=\"\" tutti=\"\" i=\"\" santi=\"\" giorni=\"\" una=\"\" persona=\"\" adorabile=\"\" e=\"\" sincera...=\"\" sant giorn rel=\"nofollow noopener\" target=\"_blank\">&#8220;Vedo Rudy Guede tutti i santi giorni, \u00e8 una persona adorabile e sincera&#8230;&#8221;<\/a><\/li>\n<li class=\"serial-posts-list-item\"><a href=\"https:\/\/www.tusciaweb.eu\/2021\/11\/non-si-puo-escludere-la-correlazione-al-vaccino-la-morte-improvvisa-non-rara-sembra\/\" title=\"\" non=\"\" si=\"\" pu=\"\" escludere=\"\" la=\"\" correlazione=\"\" al=\"\" vaccino=\"\" ma=\"\" morte=\"\" improvvisa=\"\" rara=\"\" come=\"\" sembra=\"\" rel=\"nofollow noopener\" target=\"_blank\">&#8220;Non si pu\u00f2 escludere la correlazione al vaccino, ma la morte improvvisa non \u00e8 rara come sembra&#8221;<\/a><\/li>\n<li class=\"serial-posts-list-item\"><a href=\"https:\/\/www.tusciaweb.eu\/2021\/09\/nata-noah-galeotti\/\" title=\"\u00c8 nata Noah Galeotti\" rel=\"nofollow noopener\" target=\"_blank\">\u00c8 nata Noah Galeotti<\/a><\/li>\n<li class=\"serial-posts-list-item\"><a href=\"https:\/\/www.tusciaweb.eu\/2021\/09\/un-restauro-cazzo-cane\/\" title=\"Chiesa di Santa Maria in Poggio, un restauro a \u201ccazzo di cane\u201d\" rel=\"nofollow noopener\" target=\"_blank\">Chiesa di Santa Maria in Poggio, un restauro a \u201ccazzo di cane\u201d<\/a><\/li>\n<li class=\"serial-posts-list-item\"><a href=\"https:\/\/www.tusciaweb.eu\/2021\/09\/camper-del-rave-non-scortati-ma-controllati-costantemente\/\" title=\"I camper del rave non sono stati scortati, ma controllati costantemente...\" rel=\"nofollow noopener\" target=\"_blank\">I camper del rave non sono stati scortati, ma controllati costantemente&#8230;<\/a><\/li>\n<li class=\"serial-posts-list-item\"><a href=\"https:\/\/www.tusciaweb.eu\/2021\/08\/dai-nostri-politici-nessuna-risposta-alle-offese-sgarbi-alla-citta\/\" title=\"\" dai=\"\" nostri=\"\" politici=\"\" nessuna=\"\" risposta=\"\" alle=\"\" offese=\"\" di=\"\" sgarbi=\"\" alla=\"\" citt=\"\" rel=\"nofollow noopener\" target=\"_blank\">&#8220;Dai nostri politici nessuna risposta alle offese di Sgarbi alla citt\u00e0&#8221;<\/a><\/li>\n<li class=\"serial-posts-list-item\"><a href=\"https:\/\/www.tusciaweb.eu\/2021\/08\/il-dottor-torquati-e-contrario-a-ogni-prodotto-dellingegneria-genetica-inclusi-insulina-e-linterferone\/\" title=\"\" il=\"\" dottor=\"\" torquati=\"\" contrario=\"\" a=\"\" ogni=\"\" prodotto=\"\" dell=\"\" genetica=\"\" inclusi=\"\" insulina=\"\" e=\"\" l=\"\" genetic insulin rel=\"nofollow noopener\" target=\"_blank\">&#8220;Il dottor Torquati \u00e8 contrario a ogni prodotto dell&#8217;ingegneria genetica, inclusi insulina e l&#8217;interferone?&#8221;<\/a><\/li>\n<li class=\"serial-posts-list-item\"><a href=\"https:\/\/www.tusciaweb.eu\/2021\/06\/scemo-piu-scemo\/\" title=\"Scemo e pi\u00f9 scemo...\" rel=\"nofollow noopener\" target=\"_blank\">Scemo e pi\u00f9 scemo&#8230;<\/a><\/li>\n<li class=\"serial-posts-list-item\"><a href=\"https:\/\/www.tusciaweb.eu\/2021\/06\/la-macchina-amministrativa-degli-ingranaggi-mettere-punto-fiducioso\/\" title=\"\" la=\"\" macchina=\"\" amministrativa=\"\" ha=\"\" degli=\"\" ingranaggi=\"\" da=\"\" mettere=\"\" a=\"\" punto=\"\" ma=\"\" sono=\"\" fiducioso=\"\" m rel=\"nofollow noopener\" target=\"_blank\">&#8220;La macchina amministrativa ha degli ingranaggi da mettere a punto, ma sono fiducioso&#8221;<\/a><\/li>\n<li class=\"serial-posts-list-item\"><a href=\"https:\/\/www.tusciaweb.eu\/2021\/06\/arena-lo-difendiamo-visto-nessuno-lo\/\" title=\"Nessuno tocchi Arena! Il sindaco lo difendiamo noi, visto che nessuno lo difende...\" rel=\"nofollow noopener\" target=\"_blank\">Nessuno tocchi Arena! Il sindaco lo difendiamo noi, visto che nessuno lo difende&#8230;<\/a><\/li>\n<li class=\"serial-posts-list-item\"><a href=\"https:\/\/www.tusciaweb.eu\/2021\/06\/lassessore-marco-de-carolis-bombardate-quartier-generale\/\" title=\"L&#039;assessore De Carolis bombarda il quartier generale... e spara bordate contro Arena\" rel=\"nofollow noopener\" target=\"_blank\">L&#8217;assessore De Carolis bombarda il quartier generale&#8230; e spara bordate contro Arena<\/a><\/li>\n<li class=\"serial-posts-list-item\"><a href=\"https:\/\/www.tusciaweb.eu\/2021\/06\/la-fontanella-del-pilastro-un-caso-raro-sadismo-idraulico\/\" title=\"La fontanella del Pilastro, un raro caso di sadismo idraulico\" rel=\"nofollow noopener\" target=\"_blank\">La fontanella del Pilastro, un raro caso di sadismo idraulico<\/a><\/li>\n<li class=\"serial-posts-list-item\"><a href=\"https:\/\/www.tusciaweb.eu\/2021\/06\/video-shock-uomo-si-buca-pieno-giorno-davanti-alla-chiesa-delle-fortezze\/\" title=\"Video shock, uomo si buca in pieno giorno davanti alla chiesa delle Fortezze\" rel=\"nofollow noopener\" target=\"_blank\">Video shock, uomo si buca in pieno giorno davanti alla chiesa delle Fortezze<\/a><\/li>\n<li class=\"serial-posts-list-item\"><a href=\"https:\/\/www.tusciaweb.eu\/2021\/06\/quano-dico-democrazia-dico-speranza\/\" title=\"Che i morti seppelliscano i morti...\" rel=\"nofollow noopener\" target=\"_blank\">Che i morti seppelliscano i morti&#8230;<\/a><\/li>\n<li class=\"serial-posts-list-item\"><a href=\"https:\/\/www.tusciaweb.eu\/2021\/06\/3700-cittadini-firmano-andare-al-voto-sindaco-prende-anche-culo\/\" title=\"4200 cittadini firmano per andare al voto e il sindaco prende anche per il culo...\" rel=\"nofollow noopener\" target=\"_blank\">4200 cittadini firmano per andare al voto e il sindaco prende anche per il culo&#8230;<\/a><\/li>\n<li class=\"serial-posts-list-item\"><a href=\"https:\/\/www.tusciaweb.eu\/2021\/06\/la-stampa-non-destinata-servire-coloro-governano-bensi-governati\/\" title=\"\" la=\"\" stampa=\"\" non=\"\" destinata=\"\" a=\"\" servire=\"\" coloro=\"\" che=\"\" governano=\"\" bens=\"\" quelli=\"\" sono=\"\" governati...=\"\" rel=\"nofollow noopener\" target=\"_blank\">&#8220;La stampa non \u00e8 destinata a servire coloro che governano, bens\u00ec quelli che sono governati&#8230;&#8221;<\/a><\/li>\n<li class=\"serial-posts-list-item\"><a href=\"https:\/\/www.tusciaweb.eu\/2021\/06\/la-citta-allo-sbando-subito-alle-urne-eleggere-nuova-amministrazione\/\" title=\"La citt\u00e0 allo sbando, subito alle urne per eleggere una nuova amministrazione\" rel=\"nofollow noopener\" target=\"_blank\">La citt\u00e0 allo sbando, subito alle urne per eleggere una nuova amministrazione<\/a><\/li>\n<li class=\"serial-posts-list-item\"><a href=\"https:\/\/www.tusciaweb.eu\/2021\/05\/solo-dettaglio-contiene\/\" title=\"Proprio durante l&#039;Annus horribilis, siamo diventati Pirati della bellezza...\" rel=\"nofollow noopener\" target=\"_blank\">Proprio durante l&#8217;Annus horribilis, siamo diventati Pirati della bellezza&#8230;<\/a><\/li>\n<li class=\"serial-posts-list-item\"><a href=\"https:\/\/www.tusciaweb.eu\/2021\/04\/annus-horribilis-dodici-mesi-vissuti-col-covid-lettera-collettiva-ai-nostri-pronipoti\/\" title=\"\" annus=\"\" horribilis=\"\" dodici=\"\" mesi=\"\" vissuti=\"\" col=\"\" covid=\"\" una=\"\" lettera=\"\" collettiva=\"\" ai=\"\" nostri=\"\" pronipoti...=\"\" rel=\"nofollow noopener\" target=\"_blank\">&#8220;Annus horribilis &#8211; Dodici mesi vissuti col Covid, una lettera collettiva ai nostri pronipoti&#8230;&#8221;<\/a><\/li>\n<li class=\"serial-posts-list-item\"><a href=\"https:\/\/www.tusciaweb.eu\/2021\/01\/ironia-paradosso-satira-sarcasmo-provocatorio-cinismo-gigionismo\/\" title=\"\" ironia=\"\" paradosso=\"\" satira=\"\" sarcasmo=\"\" provocatorio=\"\" cinismo=\"\" e=\"\" gigionismo...=\"\" rel=\"nofollow noopener\" target=\"_blank\">&#8220;Ironia, paradosso, satira, sarcasmo, provocatorio cinismo e gigionismo&#8230;&#8221;<\/a><\/li>\n<li class=\"serial-posts-list-item\"><a href=\"https:\/\/www.tusciaweb.eu\/2021\/01\/we-shall-overcome\/\" title=\"We Shall Overcome\" rel=\"nofollow noopener\" target=\"_blank\">We Shall Overcome<\/a><\/li>\n<li class=\"serial-posts-list-item\"><a href=\"https:\/\/www.tusciaweb.eu\/2020\/12\/quanto-esternato-scapigliati-grave-indecente-osceno-anche-solo-pensato\/\" title=\"\" quanto=\"\" esternato=\"\" da=\"\" scapigliati=\"\" grave=\"\" indecente=\"\" e=\"\" osceno=\"\" anche=\"\" se=\"\" solo=\"\" pensato...=\"\" anch rel=\"nofollow noopener\" target=\"_blank\">&#8220;Quanto esternato da Scapigliati \u00e8 grave, indecente e osceno anche se solo pensato&#8230;&#8221;<\/a><\/li>\n<li class=\"serial-posts-list-item\"><a href=\"https:\/\/www.tusciaweb.eu\/2020\/12\/francesco-coco-carlo-casalegno-aldo-moro-guido-rossa-antonio-varisco-mariano-romiti\/\" title=\"Francesco Coco, Carlo Casalegno, Aldo Moro, Guido Rossa, Antonio Varisco, Mariano Romiti...\" rel=\"nofollow noopener\" target=\"_blank\">Francesco Coco, Carlo Casalegno, Aldo Moro, Guido Rossa, Antonio Varisco, Mariano Romiti&#8230;<\/a><\/li>\n<li class=\"serial-posts-list-item\"><a href=\"https:\/\/www.tusciaweb.eu\/2020\/12\/non-gli-anticorpi-totalitarismi-fascismi\/\" title=\"\" non=\"\" abbiamo=\"\" gli=\"\" anticorpi=\"\" per=\"\" i=\"\" totalitarismi=\"\" e=\"\" fascismi...=\"\" totalitarism rel=\"nofollow noopener\" target=\"_blank\">&#8220;Non abbiamo gli anticorpi per i totalitarismi e i fascismi&#8230;&#8221;<\/a><\/li>\n<li class=\"serial-posts-list-item\"><a href=\"https:\/\/www.tusciaweb.eu\/2020\/11\/morto-enrique-irazoqui-cristo-pier-paolo-pasolini\/\" title=\"E&#039; morto Enrique Irazoqui, il Cristo di Pier Paolo Pasolini\" rel=\"nofollow noopener\" target=\"_blank\">E&#8217; morto Enrique Irazoqui, il Cristo di Pier Paolo Pasolini<\/a><\/li>\n<li class=\"serial-posts-list-item\"><a href=\"https:\/\/www.tusciaweb.eu\/2020\/11\/un-bagno-bellezza-la-signorina-grandi-firme-co\/\" title=\"Un bagno di bellezza con la Signorina grandi firme &amp; co.\" rel=\"nofollow noopener\" target=\"_blank\">Un bagno di bellezza con la Signorina grandi firme &amp; co.<\/a><\/li>\n<li class=\"serial-posts-list-item\"><a href=\"https:\/\/www.tusciaweb.eu\/2020\/10\/boccasile-maestro-dellerotismo-fascista-sbarca-a-viterbo\/\" title=\"Boccasile maestro dell&#039;erotismo fascista sbarca a Viterbo\" rel=\"nofollow noopener\" target=\"_blank\">Boccasile maestro dell&#8217;erotismo fascista sbarca a Viterbo<\/a><\/li>\n<li class=\"serial-posts-list-item\"><a href=\"https:\/\/www.tusciaweb.eu\/2020\/10\/san-pellegrino-facciamo-un-po-cazzo-ci-pare\/\" title=\"A San Pellegrino? Facciamo un po&#039; come cazzo ci pare...\" rel=\"nofollow noopener\" target=\"_blank\">A San Pellegrino? Facciamo un po&#8217; come cazzo ci pare&#8230;<\/a><\/li>\n<li class=\"serial-posts-list-item\"><a href=\"https:\/\/www.tusciaweb.eu\/2020\/10\/non-riescono-togliere-fili-pericolosi-stappare-un-tombino-fanno-guidare-citta\/\" title=\"Ma se non riescono a togliere fili pericolosi o stappare un tombino, come fanno a guidare una citt\u00e0?\" rel=\"nofollow noopener\" target=\"_blank\">Ma se non riescono a togliere fili pericolosi o stappare un tombino, come fanno a guidare una citt\u00e0?<\/a><\/li>\n<li class=\"serial-posts-list-item\"><a href=\"https:\/\/www.tusciaweb.eu\/2020\/10\/sindaco-arenna-la-sua-giunta-vivono-ad-amsterdam\/\" title=\"Ma il sindaco Arena e la sua giunta vivono ad Amsterdam?\" rel=\"nofollow noopener\" target=\"_blank\">Ma il sindaco Arena e la sua giunta vivono ad Amsterdam?<\/a><\/li>\n<li class=\"serial-posts-list-item\"><a href=\"https:\/\/www.tusciaweb.eu\/2020\/09\/non-si-puo-sputare-un-occhio-alla-democrazia-al-parlamento\/\" title=\"Non si pu\u00f2 sputare in un occhio della democrazia e del parlamento...\" rel=\"nofollow noopener\" target=\"_blank\">Non si pu\u00f2 sputare in un occhio della democrazia e del parlamento&#8230;<\/a><\/li>\n<li class=\"serial-posts-list-item\"><a href=\"https:\/\/www.tusciaweb.eu\/2019\/09\/santa-rosa-unindecente-diretta-social-del-trasporto\/\" title=\"Santa Rosa, un&#039;indecente diretta social del trasporto...\" rel=\"nofollow noopener\" target=\"_blank\">Santa Rosa, un&#8217;indecente diretta social del trasporto&#8230;<\/a><\/li>\n<li class=\"serial-posts-list-item\"><a href=\"https:\/\/www.tusciaweb.eu\/2019\/09\/santa-rosa-mistero-della-doppia-diretta-del-coordinamento-giornalistico\/\" title=\"Santa Rosa, il mistero della doppia diretta e del coordinamento giornalistico...\" rel=\"nofollow noopener\" target=\"_blank\">Santa Rosa, il mistero della doppia diretta e del coordinamento giornalistico&#8230;<\/a><\/li>\n<li class=\"serial-posts-list-item\"><a href=\"https:\/\/www.tusciaweb.eu\/2016\/04\/carlo-galeotti-giornalista-saggista\/\" title=\"Carlo Galeotti, giornalista e saggista\" rel=\"nofollow noopener\" target=\"_blank\">Carlo Galeotti, giornalista e saggista<\/a><\/li>\n<\/ol>\n","protected":false},"excerpt":{"rendered":"Salute &#8211; Il fondatore di Tuscia in Jazz, colpito dalla Sla, lo riceve nella sua casa di Ronciglione&hellip;\n","protected":false},"author":3,"featured_media":154915,"comment_status":"","ping_status":"","sticky":false,"template":"","format":"standard","meta":{"footnotes":""},"categories":[175],"tags":[5898,239,1537,90,89,438,240],"class_list":{"0":"post-154914","1":"post","2":"type-post","3":"status-publish","4":"format-standard","5":"has-post-thumbnail","7":"category-salute","8":"tag-01_primo_piano","9":"tag-health","10":"tag-it","11":"tag-italia","12":"tag-italy","13":"tag-provincia","14":"tag-salute"},"share_on_mastodon":{"url":"","error":""},"_links":{"self":[{"href":"https:\/\/www.europesays.com\/it\/wp-json\/wp\/v2\/posts\/154914","targetHints":{"allow":["GET"]}}],"collection":[{"href":"https:\/\/www.europesays.com\/it\/wp-json\/wp\/v2\/posts"}],"about":[{"href":"https:\/\/www.europesays.com\/it\/wp-json\/wp\/v2\/types\/post"}],"author":[{"embeddable":true,"href":"https:\/\/www.europesays.com\/it\/wp-json\/wp\/v2\/users\/3"}],"replies":[{"embeddable":true,"href":"https:\/\/www.europesays.com\/it\/wp-json\/wp\/v2\/comments?post=154914"}],"version-history":[{"count":0,"href":"https:\/\/www.europesays.com\/it\/wp-json\/wp\/v2\/posts\/154914\/revisions"}],"wp:featuredmedia":[{"embeddable":true,"href":"https:\/\/www.europesays.com\/it\/wp-json\/wp\/v2\/media\/154915"}],"wp:attachment":[{"href":"https:\/\/www.europesays.com\/it\/wp-json\/wp\/v2\/media?parent=154914"}],"wp:term":[{"taxonomy":"category","embeddable":true,"href":"https:\/\/www.europesays.com\/it\/wp-json\/wp\/v2\/categories?post=154914"},{"taxonomy":"post_tag","embeddable":true,"href":"https:\/\/www.europesays.com\/it\/wp-json\/wp\/v2\/tags?post=154914"}],"curies":[{"name":"wp","href":"https:\/\/api.w.org\/{rel}","templated":true}]}}