{"id":154916,"date":"2025-10-09T07:08:09","date_gmt":"2025-10-09T07:08:09","guid":{"rendered":"https:\/\/www.europesays.com\/it\/154916\/"},"modified":"2025-10-09T07:08:09","modified_gmt":"2025-10-09T07:08:09","slug":"morto-paolo-sottocorona-storico-volto-del-meteo-di-la7","status":"publish","type":"post","link":"https:\/\/www.europesays.com\/it\/154916\/","title":{"rendered":"Morto Paolo Sottocorona, storico volto del meteo di La7"},"content":{"rendered":"<p>\u00c8 morto a 77 anni Paolo\u00a0Sottocorona, storico volto delle previsioni meteo di La7. Si \u00e8 spento a Firenze, citt\u00e0 in cui era nato, a poche ore dalla sua ultima apparizione in video. Per anni \u00e8 stato il volto delle previsioni su La7, &#8220;apprezzato soprattutto per le sue analisi equilibrate e il garbo con il quale era capace di entrare nella quotidianit\u00e0 degli spettatori&#8221;, come ricorda la stessa emittente, sottolineando che &#8220;in un&#8217;epoca di allarmismo legato al clima, Sottocorona aveva la capacit\u00e0 di spiegare i fenomeni meteorologici in modo chiaro, rigoroso e con toni mai eccessivi&#8221;.<\/p>\n<p>L&#8217;ingresso nel Servizio meteorologico e la lunga militanza televisiva<\/p>\n<p>Dopo gli studi classici e quattro anni di Ingegneria, nel 1972 Sottocorona era entrato come ufficiale nel Servizio meteorologico dell\u2019Aeronautica militare. Fino al 1986 era stato addetto dell\u2019Ufficio meteorologico dell&#8217;aeroporto di Guidonia, poi al Centro nazionale di meteorologia.\u00a0Realizz\u00f2 in quegli anni la rubrica delle previsioni del tempo per la trasmissione &#8216;Unomattina&#8217; per poi passare a Telemontecarlo, occupandosi sempre delle previsioni nel programma &#8216;Tappeto volante&#8217;. Tra il 1996 e il 1998 fu autore di una rubrica di divulgazione meteorologica per &#8216;Geo &amp; Geo&#8217; su RaiTre. Torn\u00f2 a Telemontecarlo nel 1999 come conduttore de &#8216;La posta del meteo&#8217; e di &#8216;Sotto questo sole&#8217;. &#8216;Collabor\u00f2 poi con La7 sin dal 2002, divenendo uno dei volti noti della rete con le sue rubriche dedicate al meteo nei vari programmi della rete, distinguendosi per il suo stile pacato e l&#8217;interazione con il pubblico, che poteva inviare le proprie foto al conduttore che le selezionava e mandava in onda.\u00a0 &#8220;Un nostro lutto, grave: se ne \u00e8 andato Paolo Sottocorona&#8221;, ha scritto su Facebook il direttore del TgLa7 Enrico Mentana.<\/p>\n","protected":false},"excerpt":{"rendered":"\u00c8 morto a 77 anni Paolo\u00a0Sottocorona, storico volto delle previsioni meteo di La7. Si \u00e8 spento a Firenze,&hellip;\n","protected":false},"author":3,"featured_media":154917,"comment_status":"","ping_status":"","sticky":false,"template":"","format":"standard","meta":{"footnotes":""},"categories":[174],"tags":[364,203,204,1537,90,89,419,6490],"class_list":{"0":"post-154916","1":"post","2":"type-post","3":"status-publish","4":"format-standard","5":"has-post-thumbnail","7":"category-intrattenimento","8":"tag-collaboratori","9":"tag-entertainment","10":"tag-intrattenimento","11":"tag-it","12":"tag-italia","13":"tag-italy","14":"tag-meteo","15":"tag-previsioni-meteo"},"share_on_mastodon":{"url":"","error":""},"_links":{"self":[{"href":"https:\/\/www.europesays.com\/it\/wp-json\/wp\/v2\/posts\/154916","targetHints":{"allow":["GET"]}}],"collection":[{"href":"https:\/\/www.europesays.com\/it\/wp-json\/wp\/v2\/posts"}],"about":[{"href":"https:\/\/www.europesays.com\/it\/wp-json\/wp\/v2\/types\/post"}],"author":[{"embeddable":true,"href":"https:\/\/www.europesays.com\/it\/wp-json\/wp\/v2\/users\/3"}],"replies":[{"embeddable":true,"href":"https:\/\/www.europesays.com\/it\/wp-json\/wp\/v2\/comments?post=154916"}],"version-history":[{"count":0,"href":"https:\/\/www.europesays.com\/it\/wp-json\/wp\/v2\/posts\/154916\/revisions"}],"wp:featuredmedia":[{"embeddable":true,"href":"https:\/\/www.europesays.com\/it\/wp-json\/wp\/v2\/media\/154917"}],"wp:attachment":[{"href":"https:\/\/www.europesays.com\/it\/wp-json\/wp\/v2\/media?parent=154916"}],"wp:term":[{"taxonomy":"category","embeddable":true,"href":"https:\/\/www.europesays.com\/it\/wp-json\/wp\/v2\/categories?post=154916"},{"taxonomy":"post_tag","embeddable":true,"href":"https:\/\/www.europesays.com\/it\/wp-json\/wp\/v2\/tags?post=154916"}],"curies":[{"name":"wp","href":"https:\/\/api.w.org\/{rel}","templated":true}]}}