{"id":154927,"date":"2025-10-09T07:16:15","date_gmt":"2025-10-09T07:16:15","guid":{"rendered":"https:\/\/www.europesays.com\/it\/154927\/"},"modified":"2025-10-09T07:16:15","modified_gmt":"2025-10-09T07:16:15","slug":"convenzioni-con-i-privati-la-denuncia-degli-sportelli-salute-di-merate-e-lecco","status":"publish","type":"post","link":"https:\/\/www.europesays.com\/it\/154927\/","title":{"rendered":"Convenzioni con i privati, la denuncia degli Sportelli Salute di Merate e Lecco"},"content":{"rendered":"<p>          Nota &#8211; Questo comunicato \u00e8 stato pubblicato integralmente come contributo esterno. Questo contenuto non \u00e8 pertanto un articolo prodotto dalla redazione di LeccoToday <\/p>\n<p>Con la delibera del 15 settembre 2025, la Giunta regionale della Lombardia dispone\/ordina alle Asst e agli ospedali pubblici di mettere a disposizione le proprie strutture per erogare prestazioni in convenzione con assicurazioni, mutue e sistemi di welfare aziendale.<\/p>\n<p>L\u2019intento dichiarato \u00e8 duplice: alleggerire i bilanci delle Asst e ridurre i tempi di attesa. Ma la realt\u00e0 \u00e8 ben diversa. La delibera, infatti, non prevede alcun aumento del personale sanitario, nonostante le gravi carenze gi\u00e0 in atto. Ricordiamo che il turnover del personale \u00e8 ancora vincolato dalle disposizioni del 2005, introdotte dal governo Berlusconi, che limitano fortemente le nuove assunzioni nel settore pubblico.<\/p>\n<p>Con queste nuove &#8220;linee guida&#8221;, chi pu\u00f2 permetterselo potr\u00e0 saltare le liste d\u2019attesa pagando una sanit\u00e0 integrativa, con la possibilit\u00e0 &#8211; per la prima volta &#8211; di accedere anche a strutture pubbliche di eccellenza. Gi\u00e0 ora le lunghe attese nel sistema pubblico spingono le cittadine e i cittadini a rivolgersi a strutture private.\u00a0<\/p>\n<p>Ipsos, tramite i suoi sondaggi, ha evidenziato che tra chi rinuncia al Ssn per via dei tempi d\u2019attesa, l\u201984% si \u00e8 rivolto a un servizio sanitario privato almeno una volta, dato in crescita dal 2024 mentre il 13% ha rinunciato completamente alle cure.<\/p>\n<p>L\u2019impossibilit\u00e0 di accedere a cure necessarie a causa delle interminabili liste di attesa determina un impatto economico sempre maggiore, specie per le fasce socio-economiche pi\u00f9 fragili che spesso non riescono a sostenerlo, limitando le spese o rinunciando alle prestazioni.\u00a0<\/p>\n<p>In aumento la spesa sanitaria per le famiglie<\/p>\n<p>Cresce la spesa sanitaria a carico delle famiglie. Per la regione Lombardia la spesa pro-capite \u00e8 quella pi\u00f9 alta: oltre mille euro l\u2019anno, per una spesa complessiva nazionale di 40 miliardi.<\/p>\n<p>Regione Lombardia si conferma apripista anche nella richiesta di revisione dei Lea (Livelli Essenziali di Assistenza), segnando un ulteriore passo verso lo smantellamento del Servizio Sanitario Nazionale universalistico, in favore di un modello sanitario basato sulle possibilit\u00e0 economiche dei cittadini e delle cittadine. Un ritorno al passato, che rischia di riportarci indietro di 50 anni, al sistema delle mutue, diseguale e frammentato, in cui la salute diventava un privilegio, non un diritto.<\/p>\n<p>Sportello Salute Meratese e Sportello Salute Lecco<\/p>\n","protected":false},"excerpt":{"rendered":"Nota &#8211; Questo comunicato \u00e8 stato pubblicato integralmente come contributo esterno. Questo contenuto non \u00e8 pertanto un articolo&hellip;\n","protected":false},"author":3,"featured_media":154928,"comment_status":"","ping_status":"","sticky":false,"template":"","format":"standard","meta":{"footnotes":""},"categories":[1481],"tags":[2065,2066,239,2063,2064,1537,90,89,240],"class_list":{"0":"post-154927","1":"post","2":"type-post","3":"status-publish","4":"format-standard","5":"has-post-thumbnail","7":"category-assistenza-sanitaria","8":"tag-assistenza-sanitaria","9":"tag-assistenzasanitaria","10":"tag-health","11":"tag-health-care","12":"tag-healthcare","13":"tag-it","14":"tag-italia","15":"tag-italy","16":"tag-salute"},"share_on_mastodon":{"url":"","error":""},"_links":{"self":[{"href":"https:\/\/www.europesays.com\/it\/wp-json\/wp\/v2\/posts\/154927","targetHints":{"allow":["GET"]}}],"collection":[{"href":"https:\/\/www.europesays.com\/it\/wp-json\/wp\/v2\/posts"}],"about":[{"href":"https:\/\/www.europesays.com\/it\/wp-json\/wp\/v2\/types\/post"}],"author":[{"embeddable":true,"href":"https:\/\/www.europesays.com\/it\/wp-json\/wp\/v2\/users\/3"}],"replies":[{"embeddable":true,"href":"https:\/\/www.europesays.com\/it\/wp-json\/wp\/v2\/comments?post=154927"}],"version-history":[{"count":0,"href":"https:\/\/www.europesays.com\/it\/wp-json\/wp\/v2\/posts\/154927\/revisions"}],"wp:featuredmedia":[{"embeddable":true,"href":"https:\/\/www.europesays.com\/it\/wp-json\/wp\/v2\/media\/154928"}],"wp:attachment":[{"href":"https:\/\/www.europesays.com\/it\/wp-json\/wp\/v2\/media?parent=154927"}],"wp:term":[{"taxonomy":"category","embeddable":true,"href":"https:\/\/www.europesays.com\/it\/wp-json\/wp\/v2\/categories?post=154927"},{"taxonomy":"post_tag","embeddable":true,"href":"https:\/\/www.europesays.com\/it\/wp-json\/wp\/v2\/tags?post=154927"}],"curies":[{"name":"wp","href":"https:\/\/api.w.org\/{rel}","templated":true}]}}