{"id":154937,"date":"2025-10-09T07:22:11","date_gmt":"2025-10-09T07:22:11","guid":{"rendered":"https:\/\/www.europesays.com\/it\/154937\/"},"modified":"2025-10-09T07:22:11","modified_gmt":"2025-10-09T07:22:11","slug":"tadej-pogacar-pronto-per-il-quinto-lombardia-ma-inizio-a-sentirmi-un-po-vecchio","status":"publish","type":"post","link":"https:\/\/www.europesays.com\/it\/154937\/","title":{"rendered":"Tadej Pogacar: &#8220;Pronto per il quinto Lombardia, ma inizio a sentirmi un po&#8217;&#8230;vecchio&#8221;"},"content":{"rendered":"<p>                                Sabato l\u2019iridato cerca un\u2019altra impresa: &#8220;Evenepoel  \u00e8 fortissimo,  ma  non sar\u00e0  un testa a testa: sarebbe riduttivo e poco rispettoso verso gli altri corridori. A 27 anni sento l&#8217;arrivo delle nuove generazioni: il nostro sport si sta evolvendo, sar\u00e0 uno spettacolo&#8221;<\/p>\n<p>            <a class=\"image is-50x50\" href=\"https:\/\/www.gazzetta.it\/redazione\/ciro-scognamiglio\/\" rel=\"nofollow noopener\" target=\"_blank\"><br \/>\n                <img decoding=\"async\" class=\"is-rounded\" src=\"https:\/\/www.europesays.com\/it\/wp-content\/uploads\/2025\/10\/ciro_scognamiglio.png\" alt=\"Ciro Scognamiglio\"\/><br \/>\n            <\/a><\/p>\n<p>Giornalista<\/p>\n<p>                    9 ottobre &#8211; 08:57  &#8211; MILANO<\/p>\n<p class=\"paragraph\" spellcheck=\"true\">Un\u2019altra fatica, l\u2019ultima per questa stagione, e poi sar\u00e0 tempo di vacanze. Perch\u00e9 sempre di fatica si tratta, anche se Tadej Pogacar ha il super-potere di far sembrare facili cose tremendamente difficili. &#8220;Sono ancora motivato \u2013 rassicura -. Mi sento bene, e non vedo l\u2019ora di correre sabato il Lombardia&#8221;, la sintesi del pensiero del campione del Mondo e d\u2019Europa: proprio sul traguardo di Bergamo vinse per la prima volta il Monumento che chiude idealmente la stagione del grande ciclismo. Succedeva quattro anni fa: Tadej era gi\u00e0 Pogacar \u2013 a quel punto aveva gi\u00e0 conquistato due Tour de France vinti e la Liegi, solo per citare le gemme pi\u00f9 preziose \u2013 ma allora non si poteva immaginare che avrebbe dominato il ciclismo nel modo in cui ha poi fatto, soprattutto nelle ultime due annate. E che promette di fare ancora per un po\u2019\u2026\u00a0<\/p>\n<p class=\"paragraph\" spellcheck=\"true\"><b>Pogacar, torniamo per\u00f2 per un attimo alla Tre Valli Varesine: l\u2019aveva pensata proprio cos\u00ec, per andare ottenere il suo successo numero 107?<\/b>\u00a0<\/p>\n<p class=\"paragraph\" spellcheck=\"true\">&#8220;In realt\u00e0, no. Il nostro piano era di aspettare il giro finale e fare un buon ritmo prima, ma la Tudor di Julian Alaphilippe ha deciso di rendere dura la corsa molto presto. Del Toro e io, a quel punto, siamo partiti in salita ed \u00e8 andata bene. Per noi era una ottima situazione, anche se sapevamo che nessuno avrebbe collaborato troppo con noi&#8221;.\u00a0<\/p>\n<p class=\"paragraph\" spellcheck=\"true\"><b>Com\u2019\u00e8 nata poi quell\u2019azione in discesa? Per lei era un po\u2019 una novit\u00e0\u2026<\/b>\u00a0<\/p>\n<p class=\"paragraph\" spellcheck=\"true\">&#8220;Appena ho visto che ero riuscito a prendere qualche metro di vantaggio, ho spinto a tutta. Sapevo che, anche se mi fossi spremuto e mi avessero ripreso, ci sarebbe poi stato Isaac (Del Toro, ndr) dietro per vincere, in una volata ristretta oppure da solo. Abbiamo colto l\u2019attimo ed \u00e8 andata bene&#8221;.\u00a0<\/p>\n<p class=\"paragraph\" spellcheck=\"true\"><b>Una promessa mantenuta quella di tornare a Varese, dopo l\u2019annullamento della scorsa edizione?<\/b>\u00a0<\/p>\n<p class=\"paragraph\" spellcheck=\"true\">&#8220;Quanto \u00e8 successo nel 2024 a causa del maltempo, per fortuna, capita molto raramente. Questa \u00e8 una bella corsa, mi piace in tutti i suoi aspetti, e ci stava di inserirla tra il campionato europeo e il Lombardia come ultimo test agonistico prima di sabato. Ricordo che la prima volta che la disputai, quattro anni fa, mi ero divertito molto: provai ad andare in fuga a oltre 100 chilometri dall\u2019arrivo (120; ndr) e arrivai sul podio, terzo (vinse De Marchi in volata su Formolo; ndr)&#8221;.\u00a0<\/p>\n<p class=\"paragraph\" spellcheck=\"true\"><b>Per due volte di fila si \u00e8 trovato durante le premiazioni con due ragazzi di 19 anni, nati nel 2006: il francese Paul Seixas terzo all\u2019Europeo, il danese Albert Withen Philipsen secondo alla Tre Valli Varesine. Lei di anni ne ha 27: nel guardarli comincia a sentirsi vecchio?<\/b>\u00a0<\/p>\n<p class=\"paragraph\" spellcheck=\"true\">Sorride. &#8220;Ehm, un po\u2019 s\u00ec. \u00c8 proprio quello che ho detto ad Alaphilippe nella zona dietro al podio. E chiss\u00e0 come si doveva sentire lui, che di anni ne ha 33, rispetto a noi\u2026&#8221;.\u00a0<\/p>\n<p class=\"paragraph\" spellcheck=\"true\"><b>Le nuove generazioni stanno arrivando?\u00a0<\/b><\/p>\n<p class=\"paragraph\" spellcheck=\"true\">&#8220;S\u00ec, decisamente. Ed \u00e8 naturale che accada. Seixas \u00e8 andato forte tutto l\u2019anno, \u00e8 arrivato ottavo nella classifica finale del Delfinato dove c\u2019era un altissimo livello di partecipanti. Whiten Philipsen aveva concluso decimo al Giro dell\u2019Emilia. E ce ne sono diversi altri: il nostro sport si sta evolvendo. Credo che negli ultimi anni si stia vedendo parecchio spettacolo e sar\u00e0 cos\u00ec anche in futuro&#8221;.\u00a0<\/p>\n<p class=\"paragraph\" spellcheck=\"true\"><b>Una motivazione in pi\u00f9?<\/b>\u00a0<\/p>\n<p class=\"paragraph\" spellcheck=\"true\">&#8220;S\u00ec. Trovare e cercare di battere avversari nuovi \u00e8 stimolante. Sono sicuro che in futuro mi daranno filo da torcere e dovr\u00f2 cercare di essere sempre all\u2019altezza della situazione. \u00c8 un bene che sia cos\u00ec&#8221;.\u00a0<\/p>\n<p class=\"paragraph\" spellcheck=\"true\"><b>Torniamo all\u2019attualit\u00e0: si sente pronto per il Lombardia?<\/b>\u00a0<\/p>\n<p class=\"paragraph\" spellcheck=\"true\">&#8220;Sono pronto, s\u00ec. \u00c8 vero che questa stagione \u00e8 stata lunga e impegnativa, ma penso di essermi gestito al meglio e ormai \u00e8 rimasto solamente un ultimo appuntamento. Il Lombardia \u00e8 un grande obiettivo e sono molto motivato per fare bene. \u00c8 una classica Monumento, una delle corse pi\u00f9 importanti del calendario internazionale, sono fiducioso che le gambe saranno ancora buone&#8221;.<\/p>\n<p class=\"paragraph\" spellcheck=\"true\"><b>Chi pensa che possa impensierirla?<\/b>\u00a0<\/p>\n<p class=\"paragraph\" spellcheck=\"true\">&#8220;Ritrover\u00f2 innanzitutto Remco Evenepoel, che tra Mondiali ed Europei ha mostrato un livello altissimo. Ma non parto mai in una gara pensando che si tratter\u00e0 di una sfida a due, \u00e8 riduttivo e non sarebbe rispettoso nei confronti di tanti altri corridori&#8221;.<\/p>\n<p class=\"paragraph\" spellcheck=\"true\"><b>A proposito di stimoli-extra: vincere il quinto Lombardia di fila, come nessuno mai, lo \u00e8?<\/b>\u00a0<\/p>\n<p class=\"paragraph\" spellcheck=\"true\">&#8220;Come sapete bene, io non sono troppo appassionato di numeri e di primati. Penso che gi\u00e0 averne conquistati quattro consecutivamente sia qualcosa di grande, per\u00f2 sar\u00f2 al via con la speranza e la voglia di ripetermi ancora una volta. Con la certezza di poter contare su una grande squadra attorno a me, e questo \u00e8 gi\u00e0  un ottimo punto di partenza&#8221;.<\/p>\n<p class=\"is-copyright\">\u00a9 RIPRODUZIONE RISERVATA<\/p>\n","protected":false},"excerpt":{"rendered":"Sabato l\u2019iridato cerca un\u2019altra impresa: &#8220;Evenepoel \u00e8 fortissimo, ma non sar\u00e0 un testa a testa: sarebbe riduttivo e&hellip;\n","protected":false},"author":3,"featured_media":154938,"comment_status":"","ping_status":"","sticky":false,"template":"","format":"standard","meta":{"footnotes":""},"categories":[1456],"tags":[73797,11328,2537,32,1961,1262,4013,2138,1824,15956,1276,1825,277,3889,17133,95713,2882,1820,1426,10814,3369,1537,90,89,6110,5762,95714,34209,64,4052,2508,95715,4966,48251,3351,1931,1917,494,25336,95716,95717,16428,95718,95719,2841,95720,27675,2434,786,214,245,95721,244,577,1886],"class_list":{"0":"post-154937","1":"post","2":"type-post","3":"status-publish","4":"format-standard","5":"has-post-thumbnail","7":"category-ciclismo","8":"tag-alaphilippe","9":"tag-altissimo","10":"tag-altra","11":"tag-andare","12":"tag-andata","13":"tag-arrivo","14":"tag-attimo","15":"tag-cercare","16":"tag-ciclismo","17":"tag-corridori","18":"tag-corsa","19":"tag-cycling","20":"tag-de","21":"tag-europeo","22":"tag-evenepoel","23":"tag-evolvendo","24":"tag-fatica","25":"tag-fila","26":"tag-finale","27":"tag-generazioni","28":"tag-giro","29":"tag-it","30":"tag-italia","31":"tag-italy","32":"tag-livello","33":"tag-lombardia","34":"tag-lombardia-fila","35":"tag-monumento","36":"tag-motivato","37":"tag-ndr","38":"tag-nuove","39":"tag-nuove-generazioni","40":"tag-penso","41":"tag-philipsen","42":"tag-podio","43":"tag-pogacar","44":"tag-pronto","45":"tag-punto","46":"tag-quinto","47":"tag-quinto-lombardia","48":"tag-quinto-lombardia-fila","49":"tag-riduttivo","50":"tag-riduttivo-rispettoso","51":"tag-rispettoso","52":"tag-sabato","53":"tag-seixas","54":"tag-sento","55":"tag-si","56":"tag-situazione","57":"tag-spettacolo","58":"tag-sport","59":"tag-sport-evolvendo","60":"tag-sports","61":"tag-stagione","62":"tag-successo"},"share_on_mastodon":{"url":"","error":""},"_links":{"self":[{"href":"https:\/\/www.europesays.com\/it\/wp-json\/wp\/v2\/posts\/154937","targetHints":{"allow":["GET"]}}],"collection":[{"href":"https:\/\/www.europesays.com\/it\/wp-json\/wp\/v2\/posts"}],"about":[{"href":"https:\/\/www.europesays.com\/it\/wp-json\/wp\/v2\/types\/post"}],"author":[{"embeddable":true,"href":"https:\/\/www.europesays.com\/it\/wp-json\/wp\/v2\/users\/3"}],"replies":[{"embeddable":true,"href":"https:\/\/www.europesays.com\/it\/wp-json\/wp\/v2\/comments?post=154937"}],"version-history":[{"count":0,"href":"https:\/\/www.europesays.com\/it\/wp-json\/wp\/v2\/posts\/154937\/revisions"}],"wp:featuredmedia":[{"embeddable":true,"href":"https:\/\/www.europesays.com\/it\/wp-json\/wp\/v2\/media\/154938"}],"wp:attachment":[{"href":"https:\/\/www.europesays.com\/it\/wp-json\/wp\/v2\/media?parent=154937"}],"wp:term":[{"taxonomy":"category","embeddable":true,"href":"https:\/\/www.europesays.com\/it\/wp-json\/wp\/v2\/categories?post=154937"},{"taxonomy":"post_tag","embeddable":true,"href":"https:\/\/www.europesays.com\/it\/wp-json\/wp\/v2\/tags?post=154937"}],"curies":[{"name":"wp","href":"https:\/\/api.w.org\/{rel}","templated":true}]}}