{"id":154949,"date":"2025-10-09T07:29:11","date_gmt":"2025-10-09T07:29:11","guid":{"rendered":"https:\/\/www.europesays.com\/it\/154949\/"},"modified":"2025-10-09T07:29:11","modified_gmt":"2025-10-09T07:29:11","slug":"lanno-del-nevone-di-alberto-sciamplicotti","status":"publish","type":"post","link":"https:\/\/www.europesays.com\/it\/154949\/","title":{"rendered":"L&#8217;anno del nevone di Alberto Sciamplicotti"},"content":{"rendered":"<p>Pietracamela, inverno 1929. Una nevicata che non si ricorda a memoria d\u2019uomo. Una valanga che travolge due fortissimi alpinisti, Mario Cambi e Paolo Emilio Cichetti. Una bambina che viene trovata barbaramente uccisa. Tre alpinisti austriaci legati al gruppo dei \u201cragazzi di via Panisperna\u201d che intendono ripercorrere le tracce dei due sfortunati abruzzesi. Un medico e un maresciallo che indagano per ricomporre un puzzle i cui pezzi sembrano troppo difficili da incastrare tra loro.<\/p>\n<p>Di l\u00e0 dalla sintesi della quarta di copertina, quel che intriga dell\u2019ultimo libro di <a href=\"https:\/\/www.planetmountain.com\/it\/notizie?parola=alberto%20sciamplicotti\" rel=\"nofollow noopener\" target=\"_blank\">Alberto Sciamplicotti<\/a> \u2013 alpinista, scialpinista e viaggiatore, narratore per lo pi\u00f9 di avventure esplorative vissute in prima persona \u2013 sono i mondi che convergono in questa storia, scritta seguendo i canoni del romanzo giallo. Proviamo dunque a cercare l\u2019anima del libro.<\/p>\n<p>Siamo in pieno fascismo, nell\u2019inverno passato alla storia come \u201cl\u2019anno del nevone\u201d \u2013 citato da Fellini in Amarcord e degno persino di una voce su Wikipedia. Quella che colp\u00ec l\u2019Europa fu un\u2019ondata di freddo eccezionale, che non risparmi\u00f2 neppure l\u2019Italia, dove si registrarono nevicate copiose anche in citt\u00e0 di mare, mentre sulle montagne si accumularono fino a 14 metri di neve. Come si conviene per un thriller, ci guardiamo dal rivelare alcunch\u00e9, quel che ci interessa mettere in luce \u00e8 la straordinariet\u00e0 dei fatti, delle coincidenze e dei personaggi che si incontrarono sul Gran Sasso in quel febbraio del \u201929.<\/p>\n<p>&#8220;L\u2019idea \u00e8 nata leggendo il libro di Pasquale Iannetti, &#8216;L\u2019ultima ascensione di Mario Cambi e Paolo Emilio Cicchetti'&#8221;\u00a0spiega l\u2019autore &#8220;dove si rivela che nello zaino di uno dei due alpinisti venne trovata una pistola. L\u00ec nella mia mente \u00e8 scoccata la scintilla e da l\u00ec sono partito per un lungo e laborioso, e man mano sempre pi\u00f9 appassionante, lavoro di ricerca. \u00c8 stato divertente ricostruire la Pietracamela del 1929 e alla fine sono riuscito persino a rintracciare il numero della tabaccheria del paese con la sua insegna dell\u2019epoca: mi hanno aiutato molto le fotografie, e l\u00e0 dove non sono arrivati i documenti \u00e8 intervenuta l\u2019immaginazione. Alcuni tasselli si sono incastrati cos\u00ec bene, che la storia \u00e8 andata avanti in un certo senso da sola&#8221;.<\/p>\n<p>A rendere speciale la vicenda \u00e8 il coinvolgimento, nella ricerca dei due alpinisti rimasti intrappolati nella neve a poca distanza dalla salvezza, di alcuni protagonisti del mondo scientifico italiano, nella fattispecie romano, quello noto come \u201ci ragazzi di via Panisperna\u201d. Cos\u00ec nel racconto convivono, oltre a quello di paese, due mondi peculiari: l\u2019alpinismo e la scienza.<\/p>\n<p>Un intreccio evidente sin dalla copertina del libro, dov\u2019\u00e8 ritratta la squadra di soccorso che proveniva da Roma: i due uomini, soci della Sucai, sono due personaggi fondamentali della storia della scienza e della cultura italiana: Edoardo Amaldi (che guarda nell\u2019obiettivo) e Giovanni Enriques (con gli sci). Detto per inciso, Enriques fu anima della casa editrice Zanichelli, il che spiega come mai l\u2019editore pubblic\u00f2 per anni, accanto al comparto scientifico e scolastico, importanti libri di montagna. Un altro tassello degli intrecci orchestrati da Sciamplicotti \u00e8 la figura del medico, quell\u2019Ernesto Sivitilli che nel 1923 fond\u00f2 gli Aquilotti di Pietracamela, il gruppo alpinistico di eccellenza del Gran Sasso.<\/p>\n<p>L\u2019anno del nevone si rivela un cocktail intelligente e assai gustoso di eventi documentati e fiction, personaggi esistiti e altri di fantasia. Un giallo cos\u00ec ben riuscito che figura nella terzina dei finalisti al premio Giallo Garda 2025, la cui premiazione \u00e8 attesa in questi giorni di ottobre.<\/p>\n<p>&#8211; <a href=\"https:\/\/www.planetmountain.com\/it\/notizie?parola=linda%20cottino\" rel=\"nofollow noopener\" target=\"_blank\">Linda Cottino<\/a>, Torino<\/p>\n","protected":false},"excerpt":{"rendered":"Pietracamela, inverno 1929. Una nevicata che non si ricorda a memoria d\u2019uomo. Una valanga che travolge due fortissimi&hellip;\n","protected":false},"author":3,"featured_media":154950,"comment_status":"","ping_status":"","sticky":false,"template":"","format":"standard","meta":{"footnotes":""},"categories":[1445],"tags":[95723,1608,203,204,1537,90,89,95722,1609,1211,95725,95724],"class_list":{"0":"post-154949","1":"post","2":"type-post","3":"status-publish","4":"format-standard","5":"has-post-thumbnail","7":"category-libri","8":"tag-alberto-sciamplicotti","9":"tag-books","10":"tag-entertainment","11":"tag-intrattenimento","12":"tag-it","13":"tag-italia","14":"tag-italy","15":"tag-lanno-del-nevone","16":"tag-libri","17":"tag-libro","18":"tag-linda-cottino","19":"tag-monterosa-edizioni"},"share_on_mastodon":{"url":"","error":""},"_links":{"self":[{"href":"https:\/\/www.europesays.com\/it\/wp-json\/wp\/v2\/posts\/154949","targetHints":{"allow":["GET"]}}],"collection":[{"href":"https:\/\/www.europesays.com\/it\/wp-json\/wp\/v2\/posts"}],"about":[{"href":"https:\/\/www.europesays.com\/it\/wp-json\/wp\/v2\/types\/post"}],"author":[{"embeddable":true,"href":"https:\/\/www.europesays.com\/it\/wp-json\/wp\/v2\/users\/3"}],"replies":[{"embeddable":true,"href":"https:\/\/www.europesays.com\/it\/wp-json\/wp\/v2\/comments?post=154949"}],"version-history":[{"count":0,"href":"https:\/\/www.europesays.com\/it\/wp-json\/wp\/v2\/posts\/154949\/revisions"}],"wp:featuredmedia":[{"embeddable":true,"href":"https:\/\/www.europesays.com\/it\/wp-json\/wp\/v2\/media\/154950"}],"wp:attachment":[{"href":"https:\/\/www.europesays.com\/it\/wp-json\/wp\/v2\/media?parent=154949"}],"wp:term":[{"taxonomy":"category","embeddable":true,"href":"https:\/\/www.europesays.com\/it\/wp-json\/wp\/v2\/categories?post=154949"},{"taxonomy":"post_tag","embeddable":true,"href":"https:\/\/www.europesays.com\/it\/wp-json\/wp\/v2\/tags?post=154949"}],"curies":[{"name":"wp","href":"https:\/\/api.w.org\/{rel}","templated":true}]}}