{"id":154957,"date":"2025-10-09T07:33:10","date_gmt":"2025-10-09T07:33:10","guid":{"rendered":"https:\/\/www.europesays.com\/it\/154957\/"},"modified":"2025-10-09T07:33:10","modified_gmt":"2025-10-09T07:33:10","slug":"de-zerbi-per-me-il-calcio-e-riscatto-sociale-mai-vista-una-rissa-come-tra-rabiot-e-rowe-la-corsa-alle-5-del-mattino-con-il-rischio-cinghiali","status":"publish","type":"post","link":"https:\/\/www.europesays.com\/it\/154957\/","title":{"rendered":"De Zerbi: \u00abPer me il calcio \u00e8 riscatto sociale. Mai vista una rissa come tra Rabiot e Rowe. La corsa alle 5 del mattino con il rischio cinghiali&#8230;\u00bb"},"content":{"rendered":"<p>    di<br \/>\n    Paolo Tomaselli<\/p>\n<p class=\"summary-art is-line-h-12\">L&#8217;allenatore del Marsiglia in esclusiva: \u00abMi sento un figlio di Milanello e del Milan, quello vero: il giorno dopo il primo contratto, ero in filiale a firmare il mutuo per comprare la casa ai miei genitori. Klopp ha ragione: \u00e8 un lavoro pesante\u00bb.<\/p>\n<p class=\"chapter-paragraph\">Roberto De Zerbi ospite in Sala Albertini, il cuore del Corriere della Sera. Come lo spogliatoio \u00e8 il cuore del suo  Marsiglia. La connessione non \u00e8 banale: nelle stanze dove entra, RDZ lascia il segno.<\/p>\n<p class=\"chapter-paragraph\"><b>Nel recente documentario sul Marsiglia lei urla ai giocatori una cosa insolita: \u00abPer me il calcio \u00e8 riscatto sociale\u00bb. Che storia c\u2019\u00e8 dietro?<\/b><br \/>\u00ab\u00c8 la prima volta che ne parlo: c\u2019\u00e8 un momento preciso della mia vita dove inizio a fare calcio per sistemare la mia famiglia. Passo dall\u2019oratorio al Lumezzane e poi al Milan, fra il 1992 e il 1994, in coincidenza con la crisi economica in casa: siamo costretti a vendere la fabbrica di tappetini e passiamo anni molto difficili. A quel punto non scherzavo pi\u00f9. Uscito dalla Primavera, il giorno dopo la firma del  primo quinquennale col Milan, ero in filiale a firmare il mutuo per comprare la casa ai miei genitori. Il calcio per me non \u00e8 mai stato solo divertimento\u00bb.    &#13;<br \/>\n&#13;<br \/>\n&#13;<br \/>\n&#13;<br \/>\n&#13;<br \/>\n&#13;<br \/>\n&#13;<br \/>\n&#13;<br \/>\n&#13;<br \/>\n&#13;<br \/>\n&#13;<br \/>\n&#13;<br \/>\n&#13;<br \/>\n&#13;<br \/>\n&#13;<br \/>\n&#13;<br \/>\n&#13;<br \/>\n&#13;<br \/>\n&#13;<br \/>\n&#13;<br \/>\n&#13;<br \/>\n&#13;<br \/>\n&#13;<br \/>\n&#13;<br \/>\n&#13;<br \/>\n&#13;<br \/>\n&#13;<br \/>\n&#13;<br \/>\n&#13;<br \/>\n&#13;<br \/>\n&#13;<br \/>\n&#13;<br \/>\n&#13;<br \/>\n&#13;<br \/>\n&#13;<br \/>\n&#13;<br \/>\n&#13;<br \/>\n&#13;<br \/>\n&#13;<br \/>\n&#13;<br \/>\n&#13;<br \/>\n&#13;<br \/>\n&#13;<br \/>\n&#13;<br \/>\n&#13;<br \/>\n&#13;<br \/>\n&#13;<br \/>\n&#13;<br \/>\n&#13;<br \/>\n&#13;<br \/>\n&#13;<br \/>\n&#13;<br \/>\n&#13;\n<\/p>\n<p class=\"chapter-paragraph\"><b>Questa tensione emotiva da calciatore le ha pesato? <\/b><br \/>\u00abMi ha tolto e dato. Mi nutrivo di quella motivazione: \u00e8 stata un motore ma anche un freno perch\u00e9 quando sono riuscito a sistemare la mia  famiglia ho avuto un down motivazionale. Ma quel modo di vedere il  lavoro mi \u00e8 rimasto dentro, come una spinta\u00bb.<\/p>\n<p class=\"chapter-paragraph\"><b>Dopo la rissa Rabiot-Rowe  ha detto che nell\u2019ultimo anno ha abbracciato pi\u00f9 volte Adrien che suo figlio Alfredo. E ha  aggiunto: \u00abho perso la famiglia per il calcio\u00bb. Frasi forti pure queste.<\/b><br \/>\u00abHo fatto gli ultimi anni di carriera in Romania, lontano dalla famiglia. Poi ho iniziato ad allenare e mi sono perso l\u2019infanzia e l\u2019adolescenza dei miei figli. <a href=\"https:\/\/www.corriere.it\/sport\/calcio\/25_settembre_25\/lele-adani-intervista-01f7e595-f1c3-4a08-8221-a7414a7eexlk.shtml\" rel=\"nofollow noopener\" target=\"_blank\">Con i giocatori e lo staff cerco un rapporto<\/a>: se oltre a rispetto e stima c\u2019\u00e8 anche l\u2019affetto \u00e8 un mix esplosivo. Cerco una connessione, anche con l\u2019ambiente\u00bb.<\/p>\n<p class=\"chapter-paragraph\"><b>Marsiglia  \u00e8 speciale?<\/b><br \/>\u00abS\u00ec, come Foggia 10  anni fa: il modo di vivere il calcio \u00e8 uguale ed \u00e8 quello che si addice a me. Non so se io sono l\u2019allenatore ideale per loro, ma Marsiglia \u00e8 il posto ideale per me, per il valore che d\u00e0 al calcio: tutte le contraddizioni sociali vengono dimenticate per 90 minuti. Lo percepisci\u00bb.<\/p>\n<p class=\"chapter-paragraph\"><b>Quando lei porta i calciatori in ritiro  per lavorare sulla \u00abpaura\u00bb del Velodrome e li fa uscire a correre alle 5 di mattina con il rischio di incrociare i cinghiali, lo fa per farli uscire dalla  loro bolla?<\/b><br \/>\u00abProbabilmente \u00e8 stata la cosa pi\u00f9 bella che ho fatto, quella pi\u00f9 vicina a me come persona: ho ascoltato e compreso il malessere dei ragazzi, che in casa non riuscivano a rendere. Ho fatto qualcosa di forte, per farli conoscere tra di loro. E poi ho fatto tre riunioni: in una tiravamo fuori i sentimenti negativi che avevamo al Velodrome; il giorno dopo ogni giocatore ha raccontato i valori in cui si identifica, li abbiamo scritti e appesi; poi abbiamo mostrato un video sui tifosi al Velodrome, per far loro capire  chi hanno davanti\u00bb.<\/p>\n<p class=\"chapter-paragraph\"><b>Riuscirebbe a trasferire certi metodi anche in Italia?<br \/><\/b>\u00abNon faccio l\u2019insegnante di morale, ma voglio trasmettere quello che sono: come uomo, prima che come allenatore. Ed \u00e8 normale cercare una comprensione reciproca, anche fuori dal campo. Il mio prof di italiano, Eugenio Bonomi, ogni tanto fermava il programma e ci parlava di quello che succedeva fuori di scuola. Se ti vedi tutti i giorni, non puoi parlare solo di 4-4-2\u00bb.<\/p>\n<p class=\"chapter-paragraph\"><b>Da calciatore ha trovato un ambiente che la formasse?<br \/><\/b>\u00abIl settore giovanile del Milan era una scuola. Maldini, Baresi, Tassotti e tutti quei grandi giocatori mi hanno insegnato l\u2019etica nel calcio, il valore dell\u2019allenamento, il fatto di allenarti pi\u00f9 forte dopo una vittoria, il rispetto dentro a un gruppo, a partire dagli orari. Io mi sento un figlio di Milanello, del Milan, quello vero\u00bb.<\/p>\n<p class=\"chapter-paragraph\"><b>Un\u2019etichetta velenosa: De Zerbi allena per s\u00e9 stesso. <br \/><\/b>\u00abL\u2019ho gi\u00e0 dimostrato tante volte che non alleno per me stesso, anzi. Amo i giocatori forti e li voglio. E credo che il calciatore conti pi\u00f9 dell\u2019allenatore per i risultati. Ero un numero 10: non potrei mai togliere valore al calciatore\u00bb.<\/p>\n<p class=\"chapter-paragraph\"><b>Seconda etichetta: De Zerbi \u00e8 troppo matto per  un top club. A Marsiglia ha chiamato Giovanni Rossi \u00abper limare il mio difetto nei rapporti col club\u00bb. Lo ha limato?<br \/><\/b>\u00abNon lo so. Credo di non investire tanto tempo nel rapporto con i dirigenti. Ma a Marsiglia con il presidente Longoria e il direttore Benatia ho costruito forse il rapporto pi\u00f9 bello di sempre\u00bb.<\/p>\n<p class=\"chapter-paragraph\"><b>Cita spesso la frase di Roby Baggio: \u00abPreferisco affogare nell\u2019Oceano che in una pozzanghera\u00bb. <br \/><\/b>\u00abNon lo dico per moda, ma perch\u00e9 riporto una parte di me dentro al campo: mi piace chi determina, chi si prende le responsabilit\u00e0, chi rispetta le qualit\u00e0 che ha. Meglio essere fischiato per un errore, che nascondersi nella massa\u00bb.<\/p>\n<p class=\"chapter-paragraph\"><b>Battere il Psg e perdere in quel modo (con due rigori contro) al Bernabeu ha fatto fare un clic al  Marsiglia?<br \/><\/b>\u00abSoprattutto la sconfitta con il Real, perch\u00e9 abbiamo giocato con coraggio. La vittoria col Psg mancava da  anni ed \u00e8 stata un evento, ma per la classifica ora conta poco. Abbiamo fatto un grande mercato e siamo saliti di livello\u00bb.<\/p>\n<p class=\"chapter-paragraph\"><b>Il \u00abDezerbismo\u00bb cresce.<br \/><\/b>\u00abHo buona autostima, ma mi sento a disagio perch\u00e9 10 anni fa ero in  D e non mi vedo come vedono gli altri. Di sicuro ho sempre avuto le idee chiare su come volevo che la mia squadra stesse in campo. C\u2019\u00e8 chi mi ama, chi mi odia e  non sono predisposto a farmi capire e conoscere da tutti. Ma  il calcio ha preso una direzione del gioco di un certo tipo\u00bb.<\/p>\n<p class=\"chapter-paragraph\"><b>Un esempio?<br \/><\/b>\u00abTrent\u2019anni fa non si difendeva uomo a uomo a tutto campo e per chi impostava era pi\u00f9 facile passare la palla. Oggi spesso l\u2019unico  libero \u00e8 il portiere, che deve giocarla per forza. \u00c8 una banalit\u00e0, ma a volte andare indietro \u00e8 la soluzione giusta per andare avanti\u00bb.<\/p>\n<p class=\"chapter-paragraph\"><b>\u00c8 stato molto vicino al Bayern prima del Marsiglia?<br \/><\/b>\u00abMi pare una mancanza di rispetto parlarne, ma qualcosina c\u2019\u00e8 stato. Col Milan? Mai\u00bb.<\/p>\n<p class=\"chapter-paragraph\"><b>Le manca l\u2019Italia?<br \/><\/b>\u00abS\u00ec, sono italiano e seguo tantissimo il campionato. Ma sto bene anche all\u2019estero\u00bb.<\/p>\n<p class=\"chapter-paragraph\"><b>La crisi c\u2019\u00e8: che ne pensa?<br \/><\/b>\u00abSolo in Italia nei settori giovanili la sconfitta \u00e8 vissuta come una tragedia. E i talenti spesso hanno una maturazione tardiva: vanno aspettati\u00bb.<\/p>\n<p class=\"chapter-paragraph\"><b>Coi talenti difficili  che fa?<br \/><\/b>\u00abDi solito hanno una sensibilit\u00e0 spiccata. L\u2019allenatore deve aiutarli e capirli, ma il primo passo deve farlo il giocatore. Il mio rimpianto pi\u00f9 grosso \u00e8 l\u2019uruguaiano Schiappacasse, al Sassuolo. Non sono riuscito a tirargli fuori niente, poi ho saputo dell\u2019arresto  per detenzione di arma da fuoco\u00bb.<\/p>\n<p class=\"chapter-paragraph\"><b>Pensa solo al calcio?<br \/><\/b>\u00abNo, sono molto attento a tutto ci\u00f2  che succede  e non solo perch\u00e9 ero in Ucraina quando scoppi\u00f2 la guerra. Ma la verit\u00e0 \u00e8 che il tempo per il resto \u2014 come ha raccontato Klopp, che stimo forse pi\u00f9 come uomo che come allenatore e ho detto tutto \u2014 \u00e8 molto poco\u00bb.<\/p>\n<p class=\"chapter-paragraph\"><b>Sente di poter crescere?<br \/><\/b>\u00abFaccio fatica a godermi qualsiasi cosa, non sono mai contento.  Allenare mi piace  tanto \u2014 l\u2019ultimo mese \u00e8 stato uno dei periodi in cui mi sono divertito di pi\u00f9 \u2014 ma bisogna capire quanto potr\u00f2 allenare ancora. Come lavoro \u00e8 pesante, Klopp ha ragione\u00bb.<\/p>\n<p class=\"chapter-paragraph\"><b>\u00c8 una provocazione?<br \/><\/b>\u00abNo. Io nel calcio non devo starci per forza. Ma ci voglio stare a modo mio, ad esempio riuscendo a tirare sempre fuori le qualit\u00e0 dei  giocatori\u00bb.<\/p>\n<p class=\"chapter-paragraph\"><b>A volte si d\u00e0 troppo peso agli allenatori?<br \/><\/b>\u00abS\u00ec.  Per\u00f2 allora quando va male non deve essere solo colpa nostra. In area, il d.s e il presidente contano pi\u00f9 dell\u2019allenatore. Poi \u00e8 chiaro che il tecnico deve racchiudere tante caratteristiche, di 7-8 lavoratori. E un grande allenatore deve essere altruista, generoso\u00bb.<\/p>\n<p class=\"chapter-paragraph\"><b>Fino ad aprile, i suoi non erano mai stati allo stadio.<br \/><\/b>\u00abPerch\u00e9 gli allenatori sono spesso insultati e mio pap\u00e0 \u00e8 pi\u00f9 caldo di me&#8230; Anche i miei figli non scherzano: a Roma-Brighton non sono venuti\u00bb.<\/p>\n<p class=\"chapter-paragraph\"><b>Una rissa come quella Rowe-Rabiot l\u2019ha mai vista?<br \/><\/b>\u00abMai. E io  vengo dalla strada. Ma ci ha fatto bene, perch\u00e9 <a href=\"https:\/\/www.corriere.it\/sport\/calcio\/25_agosto_22\/de-zerbi-rabiot-pentimento-marsiglia-299e3cb9-4ad0-4972-8183-bfe27d047xlk.shtml\" rel=\"nofollow noopener\" target=\"_blank\">la societ\u00e0 ha scelto di fare a meno di Rabiot<\/a>, che non ha voluto fare un passo indietro\u00bb.<\/p>\n<p class=\"chapter-paragraph\"><b>Luis Henrique riuscir\u00e0 a sfondare all\u2019Inter?<br \/><\/b>\u00abLa competizione \u00e8 alta, ma  lui ha caratteristiche diverse. Ogni tanto gli dicevo che  giocava in ciabatte: deve sfruttare di pi\u00f9 il  suo potenziale\u00bb.<\/p>\n<p class=\"chapter-paragraph\"><b>Come vede l\u2019ammucchiata in testa alla serie A?<br \/><\/b>\u00abSono contento per Gasperini, che all\u2019Inter pag\u00f2 colpe non sue: un po\u2019 tifo per lui, perch\u00e9 gli avevano dato l\u2019etichetta che non poteva sedersi su una grande panchina. E invece pu\u00f2 stare ovunque. Il Napoli \u00e8 pi\u00f9 che vivo, l\u2019Inter \u00e8 forse ancora la pi\u00f9 forte, il Milan sta giocando bene. \u00c8 bello vedere tanta competitivit\u00e0\u00bb.<\/p>\n<p class=\"chapter-paragraph\"><b>A chi deve dire grazie per la sua carriera?<br \/><\/b>\u00abA tante persone. Da mio padre che mi ha portato allo stadio, a mia mamma laureata in Lettere che mi ha obbligato a studiare. Poi il Milan. E da allenatore, tutti i miei giocatori, perch\u00e9 attraverso di loro viene fuori il mio pensiero. Il succo del nostro lavoro \u00e8 questo\u00bb.<\/p>\n<p class=\"is-last-update\" datetime=\"2025-10-08T20:55:39+02:00\">9 ottobre 2025<\/p>\n<p class=\"is-copyright\">\n            \u00a9 RIPRODUZIONE RISERVATA\n        <\/p>\n","protected":false},"excerpt":{"rendered":"di Paolo Tomaselli L&#8217;allenatore del Marsiglia in esclusiva: \u00abMi sento un figlio di Milanello e del Milan, quello&hellip;\n","protected":false},"author":3,"featured_media":154958,"comment_status":"","ping_status":"","sticky":false,"template":"","format":"standard","meta":{"footnotes":""},"categories":[176],"tags":[8162,1960,6095,4924,32,2873,2281,721,95729,95730,921,6880,23885,1902,4018,36401,554,7779,95731,2142,12060,4972,1367,7714,6036,2878,1277,277,3068,12105,5377,1909,6262,2731,2716,95732,95733,95734,95735,95736,14486,95737,95738,3440,435,2753,564,3412,31016,52,350,1537,90,1599,89,95727,95739,14944,553,95740,23161,95741,95742,6002,95743,95744,68,8176,3386,2892,4958,135,14393,4963,46511,95745,2301,12020,899,7175,95746,2441,1270,9764,95747,95748,3353,17888,27675,2434,245,244,659,3806,95728,8188,3070],"class_list":{"0":"post-154957","1":"post","2":"type-post","3":"status-publish","4":"format-standard","5":"has-post-thumbnail","7":"category-sport","8":"tag-allenare","9":"tag-allenatore","10":"tag-allenatori","11":"tag-ambiente","12":"tag-andare","13":"tag-bello","14":"tag-calciatore","15":"tag-calcio","16":"tag-calcio-riscatto","17":"tag-calcio-riscatto-sociale","18":"tag-campo","19":"tag-capire","20":"tag-caratteristiche","21":"tag-carriera","22":"tag-cerco","23":"tag-cinghiali","24":"tag-club","25":"tag-comprare","26":"tag-comprare-genitori","27":"tag-connessione","28":"tag-conoscere","29":"tag-contento","30":"tag-credo","31":"tag-crisi","32":"tag-cuore","33":"tag-da","34":"tag-dato","35":"tag-de","36":"tag-de-zerbi","37":"tag-difficili","38":"tag-etichetta","39":"tag-famiglia","40":"tag-farli","41":"tag-figli","42":"tag-figlio","43":"tag-figlio-milanello","44":"tag-figlio-milanello-milan","45":"tag-filiale","46":"tag-filiale-firmare","47":"tag-filiale-firmare-mutuo","48":"tag-firmare","49":"tag-firmare-mutuo","50":"tag-firmare-mutuo-comprare","51":"tag-forte","52":"tag-forti","53":"tag-genitori","54":"tag-giocatore","55":"tag-giocatori","56":"tag-ideale","57":"tag-indietro","58":"tag-inter","59":"tag-it","60":"tag-italia","61":"tag-italiano","62":"tag-italy","63":"tag-klopp","64":"tag-klopp-ragione","65":"tag-marsiglia","66":"tag-milan","67":"tag-milan-vero","68":"tag-milanello","69":"tag-milanello-milan","70":"tag-milanello-milan-vero","71":"tag-mutuo","72":"tag-mutuo-comprare","73":"tag-mutuo-comprare-genitori","74":"tag-passo","75":"tag-pensa","76":"tag-perso","77":"tag-pesante","78":"tag-piace","79":"tag-presidente","80":"tag-psg","81":"tag-qualita","82":"tag-rabiot","83":"tag-rabiot-rowe","84":"tag-raccontato","85":"tag-ragione","86":"tag-rapporto","87":"tag-riscatto","88":"tag-riscatto-sociale","89":"tag-rischio","90":"tag-rispetto","91":"tag-rissa","92":"tag-rissa-rabiot","93":"tag-rissa-rabiot-rowe","94":"tag-riuscito","95":"tag-rowe","96":"tag-sento","97":"tag-si","98":"tag-sport","99":"tag-sports","100":"tag-tante","101":"tag-valore","102":"tag-velodrome","103":"tag-voglio","104":"tag-zerbi"},"share_on_mastodon":{"url":"","error":""},"_links":{"self":[{"href":"https:\/\/www.europesays.com\/it\/wp-json\/wp\/v2\/posts\/154957","targetHints":{"allow":["GET"]}}],"collection":[{"href":"https:\/\/www.europesays.com\/it\/wp-json\/wp\/v2\/posts"}],"about":[{"href":"https:\/\/www.europesays.com\/it\/wp-json\/wp\/v2\/types\/post"}],"author":[{"embeddable":true,"href":"https:\/\/www.europesays.com\/it\/wp-json\/wp\/v2\/users\/3"}],"replies":[{"embeddable":true,"href":"https:\/\/www.europesays.com\/it\/wp-json\/wp\/v2\/comments?post=154957"}],"version-history":[{"count":0,"href":"https:\/\/www.europesays.com\/it\/wp-json\/wp\/v2\/posts\/154957\/revisions"}],"wp:featuredmedia":[{"embeddable":true,"href":"https:\/\/www.europesays.com\/it\/wp-json\/wp\/v2\/media\/154958"}],"wp:attachment":[{"href":"https:\/\/www.europesays.com\/it\/wp-json\/wp\/v2\/media?parent=154957"}],"wp:term":[{"taxonomy":"category","embeddable":true,"href":"https:\/\/www.europesays.com\/it\/wp-json\/wp\/v2\/categories?post=154957"},{"taxonomy":"post_tag","embeddable":true,"href":"https:\/\/www.europesays.com\/it\/wp-json\/wp\/v2\/tags?post=154957"}],"curies":[{"name":"wp","href":"https:\/\/api.w.org\/{rel}","templated":true}]}}