{"id":154970,"date":"2025-10-09T07:40:09","date_gmt":"2025-10-09T07:40:09","guid":{"rendered":"https:\/\/www.europesays.com\/it\/154970\/"},"modified":"2025-10-09T07:40:09","modified_gmt":"2025-10-09T07:40:09","slug":"il-caffe-di-massimo-gramellini-il-tunnel-e-i-suoi-porsche-comodi","status":"publish","type":"post","link":"https:\/\/www.europesays.com\/it\/154970\/","title":{"rendered":"Il Caff\u00e8 di Massimo Gramellini | Il tunnel e i suoi Porsche comodi"},"content":{"rendered":"<p class=\"chapter-paragraph\">Una mattina il signor <b>Porsche <\/b>si \u00e8 svegliato nella villa in cima alla collina con un\u2019idea meravigliosa: <a href=\"https:\/\/www.corriere.it\/cronache\/25_ottobre_08\/salisburgo-herr-porsche-tunnel-zweig-polemica-09d07777-7457-45ee-9384-e417360d1xlk.shtml\" rel=\"nofollow noopener\" target=\"_blank\">costruire un tunnel<\/a> che collegasse il suo garage al centro di Salisburgo. <b>La strada attuale \u00e8 piena di tornanti<\/b> che non gli consentono di sguinzagliare tutti i cavalli delle fuoriserie omonime. Quando ha appreso che la collina di Salisburgo non apparteneva a lui, ma a Salisburgo, sulle prime <b>ci dev\u2019essere rimasto male<\/b>. Per\u00f2, essendo un uomo comprensivo, ha accettato di venire a patti con questa entit\u00e0 sconosciuta: migliaia di esseri umani che aveva sempre visto dall\u2019alto e forse scambiato per insetti. Cos\u00ec si \u00e8 recato dai loro rappresentanti, i politici seduti in consiglio comunale, ha aperto il portafogli e ha chiesto: \u00abQuanto fa?\u00bb.\u00a0<\/p>\n<p class=\"chapter-paragraph\">Gi\u00e0, quanto costa <b>sforacchiare il patrimonio<\/b> di una comunit\u00e0 per i comodi di un singolo individuo? Quarantottomila euro, gli hanno risposto i politici: tutti, da destra a sinistra. <b>Quarantottomila euro<\/b>, meno di un monolocale. Il nuovo sindaco socialdemocratico, qualunque cosa voglia ancora dire questa parola, ha avallato l\u2019affarone con un allargar di braccia: avendo lavorato tutta la vita alla Porsche da sindacalista, <b>non se l\u2019\u00e8 sentita di dire di no<\/b>.    &#13;<br \/>\n&#13;<br \/>\n&#13;<br \/>\n&#13;<br \/>\n&#13;<br \/>\n&#13;<br \/>\n&#13;<br \/>\n&#13;<br \/>\n&#13;<br \/>\n&#13;<br \/>\n&#13;<br \/>\n&#13;<br \/>\n&#13;<br \/>\n&#13;<br \/>\n&#13;<br \/>\n&#13;<br \/>\n&#13;<br \/>\n&#13;<br \/>\n&#13;<br \/>\n&#13;<br \/>\n&#13;<br \/>\n&#13;<br \/>\n&#13;<br \/>\n&#13;<br \/>\n&#13;<br \/>\n&#13;<br \/>\n&#13;<br \/>\n&#13;<br \/>\n&#13;<br \/>\n&#13;<br \/>\n&#13;<br \/>\n&#13;<br \/>\n&#13;<br \/>\n&#13;<br \/>\n&#13;<br \/>\n&#13;<br \/>\n&#13;<br \/>\n&#13;<br \/>\n&#13;<br \/>\n&#13;<br \/>\n&#13;<br \/>\n&#13;<br \/>\n&#13;<br \/>\n&#13;<br \/>\n&#13;<br \/>\n&#13;<br \/>\n&#13;<br \/>\n&#13;<br \/>\n&#13;<br \/>\n&#13;<br \/>\n&#13;<br \/>\n&#13;<br \/>\n&#13;\n<\/p>\n<p class=\"chapter-paragraph\">Rimasti soli \u2014 senza politici, senza sindacalisti e fra un po\u2019 anche senza collina \u2014 gli abitanti di Salisburgo si sono uniti in un\u2019arrabbiatura solenne, raccogliendo <b>ventimila firme<\/b> per bloccare gli scavi. Immagino il signor Porsche, lass\u00f9 in villa, che si domanda: \u00ab<b>Perch\u00e9 ce l\u2019hanno con me?<\/b>\u00bb.<\/p>\n<p style=\"\">Il Caff\u00e8 di Gramellini vi aspetta qui, da marted\u00ec a sabato. Chi \u00e8 abbonato al Corriere ha a disposizione anche \u00abPrimaOra\u00bb, la newsletter che permette di iniziare al meglio la giornata. Chi non \u00e8 ancora abbonato <a style=\"color:#29abef;text-decoration:underline;\" href=\"https:\/\/www.corriere.it\/abbonati\/\" rel=\"nofollow noopener\" target=\"_blank\">pu\u00f2 trovare qui<\/a> le modalit\u00e0 per farlo e avere accesso a tutti i contenuti del sito, tutte le newsletter e i podcast, e all\u2019archivio storico del giornale.<\/p>\n<p class=\"is-last-update\" datetime=\"2025-10-09T08:18:43+02:00\" content=\"2025-10-09\">9 ottobre 2025, 07:02  &#8211; modifica il 9 ottobre 2025 | 08:18<\/p>\n<p class=\"is-copyright\">\u00a9 RIPRODUZIONE RISERVATA<\/p>\n","protected":false},"excerpt":{"rendered":"Una mattina il signor Porsche si \u00e8 svegliato nella villa in cima alla collina con un\u2019idea meravigliosa: costruire&hellip;\n","protected":false},"author":3,"featured_media":15362,"comment_status":"","ping_status":"","sticky":false,"template":"","format":"standard","meta":{"footnotes":""},"categories":[6],"tags":[4111,95770,95771,8398,2821,95766,14,724,8,1537,90,89,7,15,82,9,83,10,233,6243,95767,95768,28043,11984,95769,13,11,80,84,12,81,85,2937],"class_list":{"0":"post-154970","1":"post","2":"type-post","3":"status-publish","4":"format-standard","5":"has-post-thumbnail","7":"category-ultime-notizie","8":"tag-abitanti","9":"tag-abitanti-salisburgo","10":"tag-abitanti-salisburgo-uniti","11":"tag-accettato","12":"tag-collina","13":"tag-comodi","14":"tag-cronaca","15":"tag-euro","16":"tag-headlines","17":"tag-it","18":"tag-italia","19":"tag-italy","20":"tag-news","21":"tag-notizie","22":"tag-notizie-di-cronaca","23":"tag-notizie-principali","24":"tag-notiziedicronaca","25":"tag-notizieprincipali","26":"tag-politici","27":"tag-porsche","28":"tag-quarantottomila","29":"tag-quarantottomila-euro","30":"tag-salisburgo","31":"tag-signor","32":"tag-signor-porsche","33":"tag-titoli","34":"tag-ultime-notizie","35":"tag-ultime-notizie-di-cronaca","36":"tag-ultime-notizie-e-news-di-oggi","37":"tag-ultimenotizie","38":"tag-ultimenotiziedicronaca","39":"tag-ultimenotizieenewsdioggi","40":"tag-villa"},"share_on_mastodon":{"url":"","error":""},"_links":{"self":[{"href":"https:\/\/www.europesays.com\/it\/wp-json\/wp\/v2\/posts\/154970","targetHints":{"allow":["GET"]}}],"collection":[{"href":"https:\/\/www.europesays.com\/it\/wp-json\/wp\/v2\/posts"}],"about":[{"href":"https:\/\/www.europesays.com\/it\/wp-json\/wp\/v2\/types\/post"}],"author":[{"embeddable":true,"href":"https:\/\/www.europesays.com\/it\/wp-json\/wp\/v2\/users\/3"}],"replies":[{"embeddable":true,"href":"https:\/\/www.europesays.com\/it\/wp-json\/wp\/v2\/comments?post=154970"}],"version-history":[{"count":0,"href":"https:\/\/www.europesays.com\/it\/wp-json\/wp\/v2\/posts\/154970\/revisions"}],"wp:featuredmedia":[{"embeddable":true,"href":"https:\/\/www.europesays.com\/it\/wp-json\/wp\/v2\/media\/15362"}],"wp:attachment":[{"href":"https:\/\/www.europesays.com\/it\/wp-json\/wp\/v2\/media?parent=154970"}],"wp:term":[{"taxonomy":"category","embeddable":true,"href":"https:\/\/www.europesays.com\/it\/wp-json\/wp\/v2\/categories?post=154970"},{"taxonomy":"post_tag","embeddable":true,"href":"https:\/\/www.europesays.com\/it\/wp-json\/wp\/v2\/tags?post=154970"}],"curies":[{"name":"wp","href":"https:\/\/api.w.org\/{rel}","templated":true}]}}