{"id":154975,"date":"2025-10-09T07:44:15","date_gmt":"2025-10-09T07:44:15","guid":{"rendered":"https:\/\/www.europesays.com\/it\/154975\/"},"modified":"2025-10-09T07:44:15","modified_gmt":"2025-10-09T07:44:15","slug":"sono-un-uomo-e-ho-avuto-un-tumore-al-seno-la-mia-vita-con-la-mutazione-jolie-primocanale-it","status":"publish","type":"post","link":"https:\/\/www.europesays.com\/it\/154975\/","title":{"rendered":"&#8220;Sono un uomo e ho avuto un tumore al seno: la mia vita con la mutazione Jolie&#8221; &#8211; Primocanale.it"},"content":{"rendered":"<p>&#8220;Mi hanno detto che avevo un tumore al seno e io uomo all\u2019inizio non volevo crederci, pensavo fosse una cosa da donne. Invece eccolo l\u00ec, un nodulo sotto la doccia che ha cambiato per sempre la mia vita&#8221;. Cos\u00ec <strong>Almerino Petrolati<\/strong>, referente per la Liguria dell\u2019associazione Abrcadabra, racconta a Primocanale la scoperta di un tumore alla mammella, una malattia rara negli uomini ma che esiste e non va ignorata. Ottobre \u00e8 il mese della prevenzione e della lotta contro il tumore al seno, una battaglia che da sempre richiama l\u2019attenzione soprattutto sulle donne. Ma proprio in questo mese rosa, la storia di Almerino, referente dell&#8217;associazione Abracadabra per la Liguria, rompe un silenzio quasi un tab\u00f9: &#8220;Vorrei dire che un pochino ottobre \u00e8 anche azzurro e per questo a tutte le donne dico aiutate i vostri compagni a non sottovalutare i segnali&#8221;.<\/p>\n<p>Tumore al seno: 600 casi all&#8217;anno in Italia per gli uomini, 53mila per le donne<\/p>\n<p>&#8220;Il tumore al seno esiste anche negli uomini \u2014 racconta Almerino \u2014 ma soltanto 600 casi all\u2019anno in Italia vengono diagnosticati, rispetto ai 53 mila nelle donne. Siamo quasi invisibili, e spesso arriva troppo tardi la diagnosi. Io me ne sono accorto sotto la doccia, con un indurimento che pensavo fosse uno strappo, solo grazie alla mia dottoressa \u00e8 cominciato il percorso di cura che ha previsto chirurgia, otto mesi di chemioterapia e dieci anni di terapia ormonale&#8221;.<\/p>\n<p><img loading=\"lazy\" decoding=\"async\" title=\"Soltanto 600 casi all\u2019anno in Italia vengono diagnosticati, rispetto ai 53 mila nelle donne\" src=\"https:\/\/www.europesays.com\/it\/wp-content\/uploads\/2025\/10\/mancheckinghischestforlumps20250109183757utcp38053p56631.jpg\" alt=\"Uomo con tumore al seno\" itemprop=\"image\" class=\"img-fluid jch-lazyload\" width=\"5472\" height=\"3648\"\/>Soltanto 600 casi all\u2019anno in Italia vengono diagnosticati, rispetto ai 53 mila nelle donne<br \/>\nAlmerino e la stessa mutazione genetica di Angelina Jolie<\/p>\n<p>La sua storia tocca anche il delicato aspetto della mutazione genetica BRCA o mutazione Jolie: &#8220;Nei casi uomo \u2013 spiega \u2013 \u00e8 ormai consolidato l\u2019approccio all\u2019approfondimento genetico con una semplice analisi del sangue. Nel 15-20% dei casi maschili si riscontra una mutazione ereditaria. Per me \u00e8 stato molto difficile comunicare questa realt\u00e0 ai miei cari, ma \u00e8 fondamentale affrontarla insieme&#8221;.<\/p>\n<p>&#8220;Questa mutazione genetica, nota come BRCA1 e BRCA2, aumenta il rischio di sviluppare tumori non solo alla mammella, ma anche a prostata e pancreas, e nella popolazione femminile il rischio di tumore mammario pu\u00f2 salire fino al 70-80%. La consapevolezza di questa eredit\u00e0 cambia la prospettiva: &#8220;Non si \u00e8 solo malati, ma si diventa custodi di una storia familiare che coinvolge genitori, figli e fratelli, con un rischio che va monitorato e contenuto&#8221;.<\/p>\n<p><img loading=\"lazy\" decoding=\"async\" class=\"jch-lazyload\" src=\"https:\/\/www.europesays.com\/it\/wp-content\/uploads\/2025\/10\/4cea0346-07e2-4178-953d-4122cc1efb36.jpg\" width=\"403\" height=\"305\"\/><\/p>\n<p>Abrcadabra, l\u2019associazione di cui Almerino \u00e8 referente in Liguria, nasce nel 2015 da un nucleo di donne che volevano sensibilizzare sulla prevenzione e sul diritto alla salute per chi convive con queste mutazioni. L\u2019attivit\u00e0 dell\u2019associazione si sviluppa su tre fronti: il sostegno emotivo alle persone colpite, il supporto alla ricerca scientifica e la promozione di percorsi multidisciplinari di sorveglianza e riduzione del rischio.<\/p>\n<p>&#8220;Il lavoro di Abracadabra \u2013 dice Almerino \u2013 \u00e8 anche quello di fare in modo che uomini e donne vengano inseriti in percorsi organizzati e multidisciplinari, cos\u00ec come ormai avviene per le donne. Sappiamo che personaggi pubblici come Angelina Jolie o Bianca Balti hanno evidenziato l\u2019importanza della prevenzione attraverso interventi di riduzione del rischio, una scelta difficile ma che migliora la qualit\u00e0 della vita rispetto alle cure per la malattia in fase avanzata&#8221;.<\/p>\n<p>&#8220;Aiutate i vostri compagni a non sottovalutare i rischi&#8221;<\/p>\n<p>Almerino lancia un appello che arriva al cuore: &#8220;La diagnosi cambia la vita in pochi secondi, l\u2019importante \u00e8 non essere soli, avere accanto persone che sostengano, aiutate i vostri compagni e mariti a non sottovalutare questi segnali che spesso sono associati solo alle donne. Anche noi uomini abbiamo bisogno di aiuto, e dobbiamo imparare a prenderci cura di noi stessi&#8221;.<\/p>\n<p><strong>Iscriviti ai canali di Primocanale su\u00a0<\/strong><a href=\"https:\/\/primoc.it\/2p9r7a47\" rel=\"nofollow noopener\" target=\"_blank\"><strong>WhatsApp<\/strong><\/a><strong>,\u00a0<\/strong><a href=\"https:\/\/m.me\/j\/AbYU871w3MJfQH9x\/\" rel=\"nofollow\"><strong>Facebook<\/strong><\/a><strong>\u00a0e\u00a0<\/strong><a href=\"https:\/\/t.me\/primocanalepaginaufficiale\" rel=\"nofollow\"><strong>T<\/strong><\/a><a href=\"https:\/\/t.me\/primocanalepaginaufficiale\" rel=\"nofollow\"><strong>elegram<\/strong><\/a><strong>. Resta aggiornato sulle notizie da Genova e dalla Liguria anche sul profilo\u00a0<\/strong><a href=\"https:\/\/www.instagram.com\/primocanale.it\/\" rel=\"nofollow noopener\" target=\"_blank\"><strong>Instagram<\/strong><\/a><strong>\u00a0e sulla pagina\u00a0<\/strong><a href=\"https:\/\/www.facebook.com\/primocanale\" rel=\"nofollow noopener\" target=\"_blank\"><strong>Facebook<\/strong><\/a><\/p>\n<p>\t\t\t\t\t<script async src=\"\/\/www.instagram.com\/embed.js\"><\/script><\/p>\n","protected":false},"excerpt":{"rendered":"&#8220;Mi hanno detto che avevo un tumore al seno e io uomo all\u2019inizio non volevo crederci, pensavo fosse&hellip;\n","protected":false},"author":3,"featured_media":154976,"comment_status":"","ping_status":"","sticky":false,"template":"","format":"standard","meta":{"footnotes":""},"categories":[1480],"tags":[95773,1944,239,1537,90,89,54684,95774,240,1942,1943,1947,1730,1940,1941],"class_list":{"0":"post-154975","1":"post","2":"type-post","3":"status-publish","4":"format-standard","5":"has-post-thumbnail","7":"category-salute-femminile","8":"tag-associazione-abracadabra","9":"tag-femminile","10":"tag-health","11":"tag-it","12":"tag-italia","13":"tag-italy","14":"tag-mammella","15":"tag-mutazione-jolie","16":"tag-salute","17":"tag-salute-femminile","18":"tag-salutefemminile","19":"tag-tumore-al-seno","20":"tag-uomo","21":"tag-womens-health","22":"tag-womenshealth"},"share_on_mastodon":{"url":"","error":""},"_links":{"self":[{"href":"https:\/\/www.europesays.com\/it\/wp-json\/wp\/v2\/posts\/154975","targetHints":{"allow":["GET"]}}],"collection":[{"href":"https:\/\/www.europesays.com\/it\/wp-json\/wp\/v2\/posts"}],"about":[{"href":"https:\/\/www.europesays.com\/it\/wp-json\/wp\/v2\/types\/post"}],"author":[{"embeddable":true,"href":"https:\/\/www.europesays.com\/it\/wp-json\/wp\/v2\/users\/3"}],"replies":[{"embeddable":true,"href":"https:\/\/www.europesays.com\/it\/wp-json\/wp\/v2\/comments?post=154975"}],"version-history":[{"count":0,"href":"https:\/\/www.europesays.com\/it\/wp-json\/wp\/v2\/posts\/154975\/revisions"}],"wp:featuredmedia":[{"embeddable":true,"href":"https:\/\/www.europesays.com\/it\/wp-json\/wp\/v2\/media\/154976"}],"wp:attachment":[{"href":"https:\/\/www.europesays.com\/it\/wp-json\/wp\/v2\/media?parent=154975"}],"wp:term":[{"taxonomy":"category","embeddable":true,"href":"https:\/\/www.europesays.com\/it\/wp-json\/wp\/v2\/categories?post=154975"},{"taxonomy":"post_tag","embeddable":true,"href":"https:\/\/www.europesays.com\/it\/wp-json\/wp\/v2\/tags?post=154975"}],"curies":[{"name":"wp","href":"https:\/\/api.w.org\/{rel}","templated":true}]}}