{"id":154984,"date":"2025-10-09T07:53:10","date_gmt":"2025-10-09T07:53:10","guid":{"rendered":"https:\/\/www.europesays.com\/it\/154984\/"},"modified":"2025-10-09T07:53:10","modified_gmt":"2025-10-09T07:53:10","slug":"inter-contro-atletico-madrid-il-club-vola-in-libia-per-la-coppa-della-ricostruzione-amichevole-allo-stadio-di-bengasi-ma-anche-affari-di-stato","status":"publish","type":"post","link":"https:\/\/www.europesays.com\/it\/154984\/","title":{"rendered":"Inter contro Atl\u00e9tico Madrid, il club vola in Libia per la \u00abCoppa della ricostruzione\u00bb: amichevole allo stadio di Bengasi ma anche affari di Stato"},"content":{"rendered":"<p>    di<br \/>\n    Andrea Galli<\/p>\n<p class=\"summary-art is-line-h-12\">Venerd\u00ec  sfida amichevole contro l\u2019Atl\u00e9tico Madrid al nuovo stadio di Bengasi. \u00abAnticipo\u00bb del match di Champions League a Madrid il  26 novembre<\/p>\n<p class=\"chapter-paragraph\">Senza 13 nazionali impegnati anche assai lontano (l\u2019argentino Lautaro Mart\u00ednez negli Usa, il brasiliano Carlos Augusto a Seul e Tokyo),<b> l\u2019Inter<\/b> che resta, dopo aver beneficiato di due giorni di riposo al termine della straripante vittoria casalinga contro la Cremonese,  <b>si prepara all\u2019inedito viaggio in Libia per l\u2019amichevole di venerd\u00ec 10 ottobre<\/b>:  alle 18, in un tardo pomeriggio da 23 gradi ma attenti all\u2019umidit\u00e0 in aumento, nel rinnovato, specie con aziende e maestranze turche, <b>stadio di Bengasi<\/b>,  il \u00abBenghazi international stadium\u00bb, capienza di 41 mila spettatori, l\u2019Inter <b>sfider\u00e0 quell\u2019Atl\u00e9tico Madrid<\/b> reduce da un inizio non esaltante in Liga (tre vinte, quattro pareggiate, una persa). Un ruolino che vale il quinto posto nel campionato spagnolo. Di poco meglio l\u2019Inter stessa, in quarta posizione in serie A per via  di due sconfitte, ancorch\u00e9 in netta ripresa.  Ma il tutto, di l\u00e0, interessa meno di zero. I colleghi dei pochi quotidiani \u2014 le testate per lo pi\u00f9 sono online \u2014 ci riportano cronache d\u2019una febbre locale tra l\u2019ansia e l\u2019adrenalina, appassionati come sono i libici di calcio.<\/p>\n<p class=\"chapter-paragraph\">Voglia estrema di pallone. Considerando in aggiunta che la Libia, a causa di acclarati limiti tecnici,  sar\u00e0 l\u2019unico Paese  assente, dei cinque  del Nordafrica, alla prossima coppa continentale di calcio in Marocco per nazioni dal 21 dicembre al 18 gennaio (proprio il Marocco di Hakimi \u00e8 il favorito, insieme all\u2019Egitto di Salah). Ma pesano anche sullo sport i cronici problemi di instabilit\u00e0 interna e la fragilit\u00e0 istituzionale. La faida delle trib\u00f9  \u00e8 permanente dopo la caduta del regime di Gheddafi nel 2011 nella stagione delle cosiddette Primavere arabe, e il contrasto tra le due regioni dominanti, a oriente la Cirenaica (di cui \u00e8 capoluogo la medesima Bengasi), <b>feudo dei militari del generalissimo gravemente malato Khalifa Belqasim Haftar<\/b>, e a occidente la Tripolitania sede del Governo provvisorio (nella capitale  Tripoli),   genera reciproci attentati. Di continuo.    &#13;<br \/>\n&#13;<br \/>\n&#13;<br \/>\n&#13;<br \/>\n&#13;<br \/>\n&#13;<br \/>\n&#13;<br \/>\n&#13;<br \/>\n&#13;<br \/>\n&#13;<br \/>\n&#13;<br \/>\n&#13;<br \/>\n&#13;<br \/>\n&#13;<br \/>\n&#13;<br \/>\n&#13;<br \/>\n&#13;<br \/>\n&#13;<br \/>\n&#13;<br \/>\n&#13;<br \/>\n&#13;<br \/>\n&#13;<br \/>\n&#13;<br \/>\n&#13;<br \/>\n&#13;<br \/>\n&#13;<br \/>\n&#13;<br \/>\n&#13;<br \/>\n&#13;<br \/>\n&#13;<br \/>\n&#13;<br \/>\n&#13;<br \/>\n&#13;<br \/>\n&#13;<br \/>\n&#13;<br \/>\n&#13;<br \/>\n&#13;<br \/>\n&#13;<br \/>\n&#13;<br \/>\n&#13;<br \/>\n&#13;<br \/>\n&#13;<br \/>\n&#13;<br \/>\n&#13;<br \/>\n&#13;<br \/>\n&#13;<br \/>\n&#13;<br \/>\n&#13;<br \/>\n&#13;<br \/>\n&#13;<br \/>\n&#13;<br \/>\n&#13;<br \/>\n&#13;\n<\/p>\n<p class=\"chapter-paragraph\">Ma ancor pi\u00f9 adesso, in conseguenza dei miliardi dell\u2019Unione europea incassati dalla Tunisia per bloccare le partenze dei migranti e rimpatriare donne, uomini e bambini arrivati dal Centrafrica attraverso il Sahara, la Libia, ovvero la sua capacit\u00e0 di contrastare il  racket degli scafisti e ridurre le partenze sui barconi, risulta  centrale nel complicato scenario del Mediterraneo. <b>Anche l\u2019Italia spinge verso la pacificazione libica o quantomeno una duratura tregua<\/b> che avrebbe  scontati effetti sul tema medesimo dei profughi e richiedenti asilo \u2014 esiguo qui lo spazio per discorrere dell\u2019argomento dei diritti violati e dei centri d\u2019accoglienza-lager. <br \/>E il calcio, si sa, rappresenta un veicolo raro.<\/p>\n<p class=\"chapter-paragraph\">Insomma ragioni di Stato, per potenziare il dialogo tra  Nordafrica, Italia  e in generale l\u2019Europa meridionale motivo per cui ecco la presenza anche dell\u2019<b>Atl\u00e9tico  (che a fine novembre affronter\u00e0 l\u2019Inter in Champions)<\/b>; e interessi economici delle aziende. Non a caso in estate, all\u2019Arena  di Milano e negli stadi di Sesto San Giovanni e Meda, s\u2019\u00e8 disputata la fase finale del campionato libico in virt\u00f9 d\u2019un patto siglato \u2014 di nuovo  \u2014 tra i due Governi. Pi\u00f9 che per lo spettacolo, la manifestazione  ha meritato racconti sui giornali internazionali per le risse: in campo fra calciatori e allenatori; e sugli spalti tra gli sparuti tifosi che hanno proseguito a picchiarsi in strada e  metr\u00f2. Cose da pazzi.<\/p>\n<p class=\"chapter-paragraph\"><b>L\u2019amichevole di venerd\u00ec mette in palio la \u00abCoppa della ricostruzione\u00bb ed \u00e8 una delle idee del potente  Belgassem Haftar<\/b> (uno dei figli del generalissimo), direttore del Fondo per lo sviluppo e la ricostruzione della Libia; una figura ricevuta (e ascoltata) nel circuito diplomatico, forte di una rete con manager italiani, dal trasporto aereo per riattivare i collegamenti diretti, alle infrastrutture per costruire strade e quartieri a Bengasi, all\u2019agricoltura per risollevare il settore con investimenti e tecnologie. Forse Belgassem Haftar studia per governare un giorno la Libia. Una nuova Libia.<\/p>\n<p class=\"is-mr-t-20 is-mr-b-20\"><b><br \/>\n                    <a href=\"https:\/\/milano.corriere.it\/?intcmp=Notizielocali_nd_010623_corriere_ss_milano\" target=\"_blank\" rel=\"nofollow noopener\">Vai a tutte le notizie di Milano<\/a><br \/>\n            <\/b><\/p>\n<p class=\"chapter-paragraph\"><b><a href=\"https:\/\/www.corriere.it\/newsletter\/?theme=41&amp;intcmp=IIIcolonna_NL_CorMilano\" target=\"_blank\" rel=\"nofollow noopener\">Iscriviti alla newsletter di Corriere Milano<\/a><\/b><\/p>\n<p class=\"is-last-update\" datetime=\"2025-10-09T09:13:08+02:00\">8 ottobre 2025 ( modifica il 9 ottobre 2025 | 09:13)<\/p>\n<p class=\"is-copyright\">\n            \u00a9 RIPRODUZIONE RISERVATA\n        <\/p>\n","protected":false},"excerpt":{"rendered":"di Andrea Galli Venerd\u00ec sfida amichevole contro l\u2019Atl\u00e9tico Madrid al nuovo stadio di Bengasi. \u00abAnticipo\u00bb del match di&hellip;\n","protected":false},"author":3,"featured_media":154985,"comment_status":"","ping_status":"","sticky":false,"template":"","format":"standard","meta":{"footnotes":""},"categories":[1452],"tags":[95785,95786,95787,18954,95788,95789,13319,95790,95791,1005,95792,95793,178,95794,95795,7918,19428,95796,11321,95797,4712,95779,5358,5022,5609,95780,95781,95776,721,1856,1969,4297,95782,1740,95783,95777,350,1537,90,89,8021,5382,7157,95784,7030,14202,21393,1739,245,244,2957,95778,8434],"class_list":{"0":"post-154984","1":"post","2":"type-post","3":"status-publish","4":"format-standard","5":"has-post-thumbnail","7":"category-calcio","8":"tag-acclarati","9":"tag-acclarati-limiti","10":"tag-acclarati-limiti-tecnici","11":"tag-accoglienza","12":"tag-accoglienza-lager","13":"tag-accoglienza-lager-calcio","14":"tag-adrenalina","15":"tag-adrenalina-appassionati","16":"tag-adrenalina-appassionati-libici","17":"tag-aereo","18":"tag-aereo-riattivare","19":"tag-aereo-riattivare-collegamenti","20":"tag-affari","21":"tag-affari-venerdi","22":"tag-affari-venerdi-sfida","23":"tag-affrontera","24":"tag-affrontera-inter","25":"tag-affrontera-inter-champions","26":"tag-aggiunta","27":"tag-aggiunta-libia","28":"tag-amichevole","29":"tag-amichevole-venerdi","30":"tag-atletico","31":"tag-atletico-madrid","32":"tag-aziende","33":"tag-belgassem","34":"tag-belgassem-haftar","35":"tag-bengasi","36":"tag-calcio","37":"tag-campionato","38":"tag-champions","39":"tag-coppa","40":"tag-coppa-ricostruzione","41":"tag-football","42":"tag-generalissimo","43":"tag-haftar","44":"tag-inter","45":"tag-it","46":"tag-italia","47":"tag-italy","48":"tag-libia","49":"tag-madrid","50":"tag-marocco","51":"tag-nordafrica","52":"tag-novembre","53":"tag-partenze","54":"tag-ricostruzione","55":"tag-soccer","56":"tag-sport","57":"tag-sports","58":"tag-stadio","59":"tag-stadio-bengasi","60":"tag-venerdi"},"share_on_mastodon":{"url":"","error":""},"_links":{"self":[{"href":"https:\/\/www.europesays.com\/it\/wp-json\/wp\/v2\/posts\/154984","targetHints":{"allow":["GET"]}}],"collection":[{"href":"https:\/\/www.europesays.com\/it\/wp-json\/wp\/v2\/posts"}],"about":[{"href":"https:\/\/www.europesays.com\/it\/wp-json\/wp\/v2\/types\/post"}],"author":[{"embeddable":true,"href":"https:\/\/www.europesays.com\/it\/wp-json\/wp\/v2\/users\/3"}],"replies":[{"embeddable":true,"href":"https:\/\/www.europesays.com\/it\/wp-json\/wp\/v2\/comments?post=154984"}],"version-history":[{"count":0,"href":"https:\/\/www.europesays.com\/it\/wp-json\/wp\/v2\/posts\/154984\/revisions"}],"wp:featuredmedia":[{"embeddable":true,"href":"https:\/\/www.europesays.com\/it\/wp-json\/wp\/v2\/media\/154985"}],"wp:attachment":[{"href":"https:\/\/www.europesays.com\/it\/wp-json\/wp\/v2\/media?parent=154984"}],"wp:term":[{"taxonomy":"category","embeddable":true,"href":"https:\/\/www.europesays.com\/it\/wp-json\/wp\/v2\/categories?post=154984"},{"taxonomy":"post_tag","embeddable":true,"href":"https:\/\/www.europesays.com\/it\/wp-json\/wp\/v2\/tags?post=154984"}],"curies":[{"name":"wp","href":"https:\/\/api.w.org\/{rel}","templated":true}]}}