{"id":154986,"date":"2025-10-09T07:54:20","date_gmt":"2025-10-09T07:54:20","guid":{"rendered":"https:\/\/www.europesays.com\/it\/154986\/"},"modified":"2025-10-09T07:54:20","modified_gmt":"2025-10-09T07:54:20","slug":"nepo-baby-i-figli-di-nicole-kidman-bianca-balti-e-jude-law-conquistano-le-passerelle-scoppia-il-caso","status":"publish","type":"post","link":"https:\/\/www.europesays.com\/it\/154986\/","title":{"rendered":"Nepo Baby, i figli di Nicole Kidman, Bianca Balti e Jude Law conquistano le passerelle: scoppia il caso"},"content":{"rendered":"<p>C\u2019\u00e8 chi li chiama \u201cfigli vip\u201d e chi utilizza un termine molto di moda ultimamente: <strong>Nepo Baby<\/strong>. Ma di che si tratta? La <strong>Paris Fashion Week <\/strong>appena terminata sembra rispondere perfettamente a questa domanda visto che, sulle passerelle delle griffe pi\u00f9 famose, cos\u00ec come nei front row pi\u00f9 glamour, si sono visti parecchi <strong>cognomi noti<\/strong>. Si tratta di figli di modelle, attori e icone del jet set internazionale che hanno preso il posto delle loro madri e dei loro padri sotto i riflettori, trasformando ogni sfilata in un gioco di somiglianze e di eredit\u00e0. Tra abiti couture e flash dei fotografi, la moda ha celebrato una nuova generazione che nasce gi\u00e0 nel mito, ovvero i nepo baby, giovani, bellissimi e gi\u00e0 protagonisti di un fenomeno che mescola glamour, privilegio e tanto, tantissimo gossip.\n<\/p>\n<p>Da Matilde Lucidi, figlia di Bianca Balti, alle figlie di Nicole Kidman: la nuova generazione di modelle<\/p>\n<p>Di volti nuovi sulle passerelle dell\u2019ultima Paris Fashion Week se ne sono visti parecchi, ma a renderli subito pi\u00f9 riconoscibili e familiari ci hanno pensato i loro cognomi: <strong>Depp, Moss, Kravitz, Klum, Ciccone<\/strong> e accanto a loro nomi meno noti, perch\u00e9 magari portano il cognome dell\u2019altro genitore. Ecco allora che sulle passerelle dei brand pi\u00f9 famosi del mondo abbiamo potuto ammirare <strong>le modelle della nuova generazione<\/strong>, da <a href=\"https:\/\/dilei.it\/vip\/matilde-lucidi-figlia-bianca-balti-debutta-passerella-parigi\/1870832\/\" rel=\"nofollow noopener\" target=\"_blank\">Matilde Lucidi, figlia di Bianca Balti<\/a>, che ha fatto il suo debutto nella sfilata di <strong>Jonathan Anderson<\/strong>, da poco direttore creativo<strong> Dior<\/strong>, a<a href=\"https:\/\/dilei.it\/vip\/fotonotizia\/iris-figlia-jude-law-diventa-testimonial-dior\/990219\/\" rel=\"nofollow noopener\" target=\"_blank\"> Iris Law<\/a>, figlia di <strong>Sadie Frost<\/strong> e <strong>Jude Law<\/strong>, protagonista della sfilata <strong>Off-White.<\/strong><\/p>\n<p>Ma non sono le uniche ad aver calcato le passerelle portandosi dietro un\u2019eredit\u00e0 per certi versi anche scomoda, soprattutto quando il genitore \u00e8 talmente celebre e amato che il <strong>confronto risulta immediato<\/strong>, con buona pace di chi invece cerca di seguire in totale autonomia la propria strada. Lo sa bene <a href=\"https:\/\/dilei.it\/vip\/deva-cassel-frangia-dior-paris-fashion-week-2025\/1870822\/\" rel=\"nofollow noopener\" target=\"_blank\">Deva Cassel<\/a>, la cui somiglianza (o non somiglianza) con mamma <a href=\"https:\/\/dilei.it\/star-e-vip\/monica-bellucci\/\" rel=\"nofollow noopener\" target=\"_blank\">Monica Bellucci<\/a> \u00e8 ancora oggi frutto di dibattito e gossip sfrenato.<\/p>\n<p>Sulle passerelle spopolano cos\u00ec i nomi delle <strong>top model emergenti<\/strong> come <a href=\"https:\/\/dilei.it\/vip\/nicole-kidman-figlie-paris-fashion-week\/1878136\/\" rel=\"nofollow noopener\" target=\"_blank\">Sunday Rose, figlia di Nicole Kidman<\/a> e <strong>Keith Urban<\/strong>, gi\u00e0 al centro del gossip in questo periodo per il loro <a href=\"https:\/\/dilei.it\/vip\/nicole-kidman-separazione-keith-urban-altra-donna\/1871288\/\" rel=\"nofollow noopener\" target=\"_blank\">inatteso divorzio<\/a>. Dopo il debutto da Miu Miu che aveva gi\u00e0 fatto discutere, in questa stagione ha sfilato per <strong>Khaite, Calvin Klein Collection e Dior<\/strong>. Il confronto con la celebre madre \u00e8 stato inevitabile.<\/p>\n<p>Il fenomeno Nepo Baby invade passerelle e front row alla sfilate<\/p>\n<p>Durante il fashion month anche i front row delle sfilate hanno visto parecchi nomi celebri, come ad esempio quello di <a href=\"https:\/\/dilei.it\/dileicipiace\/lourdes-ciccone-figlia-ribelle-madonna\/1103668\/\" rel=\"nofollow noopener\" target=\"_blank\">Lourdes Maria, figlia di Madonna<\/a>, arrivata nella citt\u00e0 francese insieme alla celebre madre, o <a href=\"https:\/\/dilei.it\/vip\/kai-schreiber-figlia-naomi-watts-paris-fashion-week\/1626162\/\" rel=\"nofollow noopener\" target=\"_blank\">Kai Schreiber,<\/a> figlia di <strong>Naomi Watts<\/strong> e <strong>Liev Schreiber<\/strong>, presente allo show di Mugler.<\/p>\n<p>E che dire di <a href=\"https:\/\/dilei.it\/vip\/heidi-leni-klum-kings-trust-new-york\/1651483\/\" rel=\"nofollow noopener\" target=\"_blank\">Leni Klum, modella<\/a> e figlia della famosa super top <strong>Heidi Klum,<\/strong> che compare ormai praticamente ovunque proprio insieme alla celebre madre?<\/p>\n<p>Accanto a lei tanti altri nomi illustri come <a href=\"https:\/\/dilei.it\/vip\/lila-moss-identica-mamma-kate\/1617472\/\" rel=\"nofollow noopener\" target=\"_blank\">Lila Moss, figlia di Kate Moss<\/a>, <strong>Kaia Gerber<\/strong>, figlia di Cindy Crawford, e <a href=\"https:\/\/dilei.it\/vip\/fotonotizia\/lily-rose-depp-10-look\/1658576\/\" rel=\"nofollow noopener\" target=\"_blank\">Lily Rose Depp<\/a>, figlia di <strong>Johnny Depp<\/strong>. Ma la lista potrebbe continuare. Tutti diversi, ma con un comune denominatore: un cognome che apre porte, ma porta con s\u00e9 anche un\u2019eredit\u00e0 ingombrante da onorare. Perch\u00e9 essere un nepo baby \u00e8 <strong>un\u2019arma a doppio taglio<\/strong>, si nasce privilegiati ma anche sotto esame. Ogni passo, ogni posa, ogni sguardo viene analizzato, paragonato, giudicato. E se sbagli, il pubblico non perdona.<\/p>\n<p>Il mondo della moda, per\u00f2, sembra aver trovato in questa nuova generazione di modelle la sua nuova ossessione. Gli stilisti le adorano, le maison le corteggiano, i social le celebrano. In un\u2019epoca in cui tutto deve essere riconoscibile e condivisibile, avere un volto che racconta una storia gi\u00e0 conosciuta \u00e8 un vantaggio irresistibile perch\u00e9 rappresenta il <strong>fascino della continuit\u00e0<\/strong>.<\/p>\n<p>Eppure, dietro il glamour, resta la domanda: <strong>si tratta di talento o DNA<\/strong>? I pi\u00f9 cinici parlano di nepotismo patinato, i romantici di destino scritto nelle vene. La verit\u00e0, come spesso accade, sta nel mezzo. Sicuramente il cognome aiuta, ma senza carisma, impegno e presenza scenica non si sopravvive in passerella. E in fondo, anche se la porta \u00e8 stata aperta da qualcun altro, per restare sotto i riflettori serve saperci stare.<\/p>\n","protected":false},"excerpt":{"rendered":"C\u2019\u00e8 chi li chiama \u201cfigli vip\u201d e chi utilizza un termine molto di moda ultimamente: Nepo Baby. Ma&hellip;\n","protected":false},"author":3,"featured_media":154987,"comment_status":"","ping_status":"","sticky":false,"template":"","format":"standard","meta":{"footnotes":""},"categories":[1451],"tags":[53152,1621,1620,203,2799,204,1537,90,89,10273,11722,84174,49367,86],"class_list":{"0":"post-154986","1":"post","2":"type-post","3":"status-publish","4":"format-standard","5":"has-post-thumbnail","7":"category-celebrita","8":"tag-bianca-balti","9":"tag-celebrita","10":"tag-celebrities","11":"tag-entertainment","12":"tag-gossip","13":"tag-intrattenimento","14":"tag-it","15":"tag-italia","16":"tag-italy","17":"tag-jude-law","18":"tag-nicole-kidman","19":"tag-settimana-della-moda","20":"tag-sfilate","21":"tag-vip"},"share_on_mastodon":{"url":"","error":""},"_links":{"self":[{"href":"https:\/\/www.europesays.com\/it\/wp-json\/wp\/v2\/posts\/154986","targetHints":{"allow":["GET"]}}],"collection":[{"href":"https:\/\/www.europesays.com\/it\/wp-json\/wp\/v2\/posts"}],"about":[{"href":"https:\/\/www.europesays.com\/it\/wp-json\/wp\/v2\/types\/post"}],"author":[{"embeddable":true,"href":"https:\/\/www.europesays.com\/it\/wp-json\/wp\/v2\/users\/3"}],"replies":[{"embeddable":true,"href":"https:\/\/www.europesays.com\/it\/wp-json\/wp\/v2\/comments?post=154986"}],"version-history":[{"count":0,"href":"https:\/\/www.europesays.com\/it\/wp-json\/wp\/v2\/posts\/154986\/revisions"}],"wp:featuredmedia":[{"embeddable":true,"href":"https:\/\/www.europesays.com\/it\/wp-json\/wp\/v2\/media\/154987"}],"wp:attachment":[{"href":"https:\/\/www.europesays.com\/it\/wp-json\/wp\/v2\/media?parent=154986"}],"wp:term":[{"taxonomy":"category","embeddable":true,"href":"https:\/\/www.europesays.com\/it\/wp-json\/wp\/v2\/categories?post=154986"},{"taxonomy":"post_tag","embeddable":true,"href":"https:\/\/www.europesays.com\/it\/wp-json\/wp\/v2\/tags?post=154986"}],"curies":[{"name":"wp","href":"https:\/\/api.w.org\/{rel}","templated":true}]}}