{"id":154988,"date":"2025-10-09T07:55:10","date_gmt":"2025-10-09T07:55:10","guid":{"rendered":"https:\/\/www.europesays.com\/it\/154988\/"},"modified":"2025-10-09T07:55:10","modified_gmt":"2025-10-09T07:55:10","slug":"le-transizioni-di-marisa-guerini-in-mostra-a-villa-glisenti","status":"publish","type":"post","link":"https:\/\/www.europesays.com\/it\/154988\/","title":{"rendered":"Le \u00abTransizioni\u00bb di Marisa Guerini in mostra a Villa Glisenti"},"content":{"rendered":"<p>\u00c8 un universo tutto al femminile quello che prende forma nelle sale di <strong>Villa Glisenti<\/strong>, a Villa Carcina, dove l\u2019associazione Valtrompiacuore, con il patrocinio del Comune, presenta <strong>la mostra \u00abTransizioni\u00bb di <a href=\"https:\/\/www.giornaledibrescia.it\/storie\/gibertoni-guerini-quando-larte-e-questione-di-famiglia-jebtb4k9\" target=\"_blank\" rel=\"nofollow noopener\">Marisa Guerini<\/a><\/strong> di Gardone Valtrompia. L\u2019inaugurazione \u00e8 in programma venerd\u00ec 10 ottobre alle 17.30 e segna un nuovo capitolo nel percorso dell\u2019artista bresciana <strong>dopo la personale \u00abHer-Story\u00bb<\/strong> allestita lo scorso dicembre a Palazzo Bertazzoni di Bagnolo Mella.<\/p>\n<p>Se in quell\u2019occasione Guerini aveva esposto le sue prime quattro sculture \u2013 Transizioni, Sorellanza, Conforto e Intrecci \u2013 oggi il racconto si amplia con due nuove opere, <strong>Amazzone e Break<\/strong>: figure intense e dinamiche che incarnano la libert\u00e0, la forza e la fragilit\u00e0 delle donne di ogni tempo. L\u2019Amazzone che cavalca scoccando una freccia immaginaria e la figura danzante di Break, simbolo di una generazione che si libera dai vincoli, rappresentano<strong> l\u2019energia di un femminile che resiste<\/strong>, si trasforma e si rigenera.<\/p>\n<p>Le sculture <img alt=\"L'arte di Guerini a Villa Glisenti\" loading=\"lazy\" width=\"800\" height=\"450\" decoding=\"async\" data-nimg=\"1\" style=\"color:transparent\" src=\"https:\/\/www.europesays.com\/it\/wp-content\/uploads\/2025\/10\/l-arte-di-guerini-a-villa-glisenti.webp\"\/><\/p>\n<p>L&#8217;arte di Guerini a Villa Glisenti<\/p>\n<p>Le sculture, realizzate in <strong>resina, polistirolo e alluminio<\/strong>, alternano imponenza e leggerezza. \u00abSono figure che possono essere smontate e ricomposte \u2013 spiega l\u2019artista \u2013 perch\u00e9 <strong>raccontano la trasformazione continua della vita<\/strong>. Le loro superfici grigie e color ruggine, quasi cementate, parlano di storie vissute, di cicatrici che non vengono nascoste ma esibite come segni di forza\u00bb. Nelle sue opere Guerini plasma donne che portano con s\u00e9 <strong>la memoria delle generazioni precedenti<\/strong>, visioni di sorellanza e conforto, di intimit\u00e0 e di resistenza quotidiana. Sono volti nei quali ognuna pu\u00f2 riconoscersi, anime che raccontano la complessit\u00e0 dell\u2019essere donna oggi, tra radici e desiderio di libert\u00e0.<\/p>\n<p><a href=\"https:\/\/www.giornaledibrescia.it\/tag\/mostre%20autunno%202025\" target=\"_blank\" rel=\"nofollow noopener\"><strong>La mostra<\/strong><\/a>, che rester\u00e0 aperta fino al 26 ottobre (venerd\u00ec e sabato dalle 15 alle 19, domenica dalle 10 alle 12 e dalle 15 alle 19), offre un percorso immersivo tra opere monumentali, bozzetti e creazioni pi\u00f9 piccole, tutte attraversate da un filo conduttore: la ricerca di un equilibrio possibile tra forza e delicatezza. Durante la giornata inaugurale alcune giovanissime scrittrici accompagneranno le opere <strong>scrivendo testi ispirati alla loro visione<\/strong>, in un dialogo creativo tra parola e scultura. Nel corso dell\u2019apertura sar\u00e0 presentato anche <strong>il libro d\u2019arte \u00abTransizioni\u00bb<\/strong>, che raccoglie riflessioni<strong> sull\u2019emancipazione femminile e sulla parit\u00e0 di genere<\/strong>.<\/p>\n<p>Incontri<br \/>\n <img alt=\"L'artista Marisa Guerini\" loading=\"lazy\" width=\"800\" height=\"450\" decoding=\"async\" data-nimg=\"1\" style=\"color:transparent\" src=\"https:\/\/www.europesays.com\/it\/wp-content\/uploads\/2025\/10\/l-artista-marisa-guerini.webp\"\/> <\/p>\n<p>Il progetto si inserisce in un pi\u00f9 ampio percorso di confronto e di crescita collettiva: domenica 12 ottobre \u00e8 prevista una conversazione tra<strong> la scrittrice Maria Grazia Fontana <\/strong>e l\u2019artista, a cura di Maria Anna Riviera. Nel fine settimana del 17, 18 e 19 ottobre Villa Glisenti ospiter\u00e0 anche<strong> uno spazio dedicato ai bambini<\/strong>, mentre domenica 19 sar\u00e0 la volta di <strong>\u00abTredici lune\u00bb <\/strong>con i racconti di Mauro Abati e Carlos Corbellini letti da Alberto Navoni.<\/p>\n<p>\u00ab\u00c8 arduo parlare di una transizione mentre \u00e8 in atto \u2013 scrive Clara Gibertoni, figlia di Marisa e <a href=\"https:\/\/www.giornaledibrescia.it\/storie\/clara-gibertoni-la-registrar-bresciana-custode-dellarte-nel-mondo-cxuvsi7i\" target=\"_blank\" rel=\"nofollow noopener\"><strong>registrar al Museo Picasso di Parigi<\/strong><\/a> nel testo che accompagna la mostra \u2013 ma \u00e8 proprio in quel movimento, nelle sue incertezze e rinascite, che si nasconde la verit\u00e0 del cambiamento\u00bb. Cos\u00ec le sue donne, forti e materiche, raccontano il tempo presente con<strong> la potenza silenziosa della scultura<\/strong>: donne cementate dalle loro storie, eppure ancora capaci di danzare.<\/p>\n","protected":false},"excerpt":{"rendered":"\u00c8 un universo tutto al femminile quello che prende forma nelle sale di Villa Glisenti, a Villa Carcina,&hellip;\n","protected":false},"author":3,"featured_media":154989,"comment_status":"","ping_status":"","sticky":false,"template":"","format":"standard","meta":{"footnotes":""},"categories":[1446],"tags":[1615,1613,1614,1611,1610,1612,203,204,1537,90,89],"class_list":{"0":"post-154988","1":"post","2":"type-post","3":"status-publish","4":"format-standard","5":"has-post-thumbnail","7":"category-arte-e-design","8":"tag-arte","9":"tag-arte-e-design","10":"tag-arteedesign","11":"tag-arts","12":"tag-arts-and-design","13":"tag-design","14":"tag-entertainment","15":"tag-intrattenimento","16":"tag-it","17":"tag-italia","18":"tag-italy"},"share_on_mastodon":{"url":"","error":""},"_links":{"self":[{"href":"https:\/\/www.europesays.com\/it\/wp-json\/wp\/v2\/posts\/154988","targetHints":{"allow":["GET"]}}],"collection":[{"href":"https:\/\/www.europesays.com\/it\/wp-json\/wp\/v2\/posts"}],"about":[{"href":"https:\/\/www.europesays.com\/it\/wp-json\/wp\/v2\/types\/post"}],"author":[{"embeddable":true,"href":"https:\/\/www.europesays.com\/it\/wp-json\/wp\/v2\/users\/3"}],"replies":[{"embeddable":true,"href":"https:\/\/www.europesays.com\/it\/wp-json\/wp\/v2\/comments?post=154988"}],"version-history":[{"count":0,"href":"https:\/\/www.europesays.com\/it\/wp-json\/wp\/v2\/posts\/154988\/revisions"}],"wp:featuredmedia":[{"embeddable":true,"href":"https:\/\/www.europesays.com\/it\/wp-json\/wp\/v2\/media\/154989"}],"wp:attachment":[{"href":"https:\/\/www.europesays.com\/it\/wp-json\/wp\/v2\/media?parent=154988"}],"wp:term":[{"taxonomy":"category","embeddable":true,"href":"https:\/\/www.europesays.com\/it\/wp-json\/wp\/v2\/categories?post=154988"},{"taxonomy":"post_tag","embeddable":true,"href":"https:\/\/www.europesays.com\/it\/wp-json\/wp\/v2\/tags?post=154988"}],"curies":[{"name":"wp","href":"https:\/\/api.w.org\/{rel}","templated":true}]}}