{"id":155026,"date":"2025-10-09T08:21:13","date_gmt":"2025-10-09T08:21:13","guid":{"rendered":"https:\/\/www.europesays.com\/it\/155026\/"},"modified":"2025-10-09T08:21:13","modified_gmt":"2025-10-09T08:21:13","slug":"il-principe-harry-dovra-superare-un-test-per-tornare-nella-royal-family","status":"publish","type":"post","link":"https:\/\/www.europesays.com\/it\/155026\/","title":{"rendered":"Il principe Harry dovr\u00e0 superare un test per tornare nella royal family?"},"content":{"rendered":"<p data-journey-content=\"true\" data-node-id=\"1\" class=\"css-6wxqfj emevuu60\">Nessun elettrodo, n\u00e9 tantomeno le luci verdi e rosse che si illuminano a seconda dei livelli di stress nell&#8217;istante della domanda. Non \u00e8 questo il <strong data-node-id=\"1.1\">&#8220;test della verit\u00e0&#8221;<\/strong> a cui si dovr\u00e0 sottoporre <strong data-node-id=\"1.3\">l&#8217;ex Sua Altezza Reale Harry<\/strong>, piuttosto un test della fiducia che passi in rassegna ogni aspetto della vita del Duca, presente e passata, e da cui dipender\u00e0 il suo<strong data-node-id=\"1.5\"> rientro fra le grazie della royal family<\/strong>. <\/p>\n<p data-journey-content=\"true\" data-node-id=\"4\" class=\"css-6wxqfj emevuu60\">Il recente incontro, dopo pi\u00f9 di un anno distanti, tra <strong data-node-id=\"4.1\">re Carlo e Harry<\/strong> ha aumentato le speranze riguardo una<strong data-node-id=\"4.3\"> possibile riconciliazione<\/strong>. A conoscere i dialoghi e le tematiche affrontate davanti a una tazza di english tea sono i due protagonisti della vicenda e le mura di Clarence House, dove si \u00e8 tenuto il t\u00eate-\u00e0-t\u00eate. Tuttavia, si sa, anche i muri hanno le orecchie e, infatti, non sono mancate le indiscrezioni, miste a supposizioni, riguardo questo momento padre-figlio e le conseguenze in prospettiva futura. <\/p>\n<p data-journey-content=\"true\" data-node-id=\"7\" class=\"css-6wxqfj emevuu60\">Vanity Fair US riporta le parole di un <strong data-node-id=\"7.2\">amico della famiglia Windsor<\/strong>, secondo cui &#8220;per quanto riguarda il re, la porta \u00e8 sempre stata aperta per Harry, ma Harry deve superare il test di fiducia. Se ci riesce, allora penso che potrebbe esserci un altro incontro nel nuovo anno&#8221;, anche se &#8220;<strong data-node-id=\"7.4\">non \u00e8 detto che Harry verr\u00e0 accolto a braccia aperte <\/strong>e, certamente, non in tempo per Natale&#8221;.  <\/p>\n<p><img draggable=\"true\" alt=\"&quot;our planet&quot; global premiere red carpet arrivals\" title=\"&quot;Our Planet&quot; Global Premiere - Red Carpet Arrivals\" loading=\"lazy\" width=\"2483\" height=\"3000\" decoding=\"async\" data-nimg=\"1\" style=\"color:transparent;width:100%;height:auto;\"   src=\"https:\/\/www.europesays.com\/it\/wp-content\/uploads\/2025\/10\/prince-charles-prince-of-wales-and-prince-harry-duke-of-news-photo-1759747770.pjpeg\" class=\"css-0 e1g79fud0\"\/><a target=\"_blank\" rel=\"noopener nofollow\" data-theme-key=\"base-link\" href=\"https:\/\/pinterest.com\/pin\/create\/button\/?url=https:\/\/www.elle.com\/it\/showbiz\/celebrities\/a68844158\/principe-harry-test-verita-rientro-royal-family-news\/&amp;description=elleitalia&amp;media=https:\/\/hips.hearstapps.com\/hmg-prod\/images\/prince-charles-prince-of-wales-and-prince-harry-duke-of-news-photo-1759747770.pjpeg?resize=1600:*\" class=\"pinterest css-on9hn5 e1c1bym14\"><img decoding=\"async\" data-dynamic-svg=\"true\" src=\"https:\/\/www.elle.com\/_assets\/design-tokens\/fre\/static\/icons\/social\/pinterest.e8cf655.svg?primary=%2523ffffff\" loading=\"lazy\" data-testid=\"dynamic-svg-base\" height=\"auto\" width=\"auto\" alt=\"pinterest\" class=\"css-4lml0h e1mlxuuw1\"\/><\/a><\/p>\n<p>Samir Hussein\/\/Getty Images<\/p>\n<p>L&#8217;indulgenza di re Carlo e il risentimento del principe William<\/p>\n<p data-journey-content=\"true\" data-node-id=\"16\" class=\"css-6wxqfj emevuu60\">Con la recente <a href=\"https:\/\/www.elle.com\/it\/showbiz\/celebrities\/a68805357\/principe-william-intervista-eugene-levy-apple-kate-middleton-harry-figli\/\" target=\"_blank\" data-vars-ga-outbound-link=\"https:\/\/www.elle.com\/it\/showbiz\/celebrities\/a68805357\/principe-william-intervista-eugene-levy-apple-kate-middleton-harry-figli\/\" data-vars-ga-ux-element=\"Hyperlink\" data-vars-ga-call-to-action=\"intervista a cuore aperto del principe William\" data-node-id=\"16.1\" class=\"body-link css-103hk4r emevuu60\" rel=\"nofollow noopener\">intervista a cuore aperto del principe William<\/a>, \u00e8 giunta l&#8217;ennesima conferma che, per il futuro erede al trono, <strong data-node-id=\"16.3\">la famiglia<\/strong> sia ci\u00f2 che di pi\u00f9 importante ci sia nella sua scala valoriale. E, infatti, sono proprio le vicende domestiche ad avere un maggiore impatto sulla serenit\u00e0 con cui conduce le proprie giornate. Da anni ormai, sembrerebbe che Harry non rientri pi\u00f9 in quella che William considera la sua <strong data-node-id=\"16.5\">cerchia familiare<\/strong>, probabilmente, anche per tutelare l&#8217;armonia della sua vita, senza lasciarsi influenzare dalle montagne russe <a href=\"https:\/\/www.elle.com\/it\/showbiz\/celebrities\/a42512917\/regina-elisabetta-megxit-cosa-pensava\/\" target=\"_blank\" data-vars-ga-outbound-link=\"https:\/\/www.elle.com\/it\/showbiz\/celebrities\/a42512917\/regina-elisabetta-megxit-cosa-pensava\/\" data-vars-ga-ux-element=\"Hyperlink\" data-vars-ga-call-to-action=\"post-Megxit\" data-node-id=\"16.7\" class=\"body-link css-103hk4r emevuu60\" rel=\"nofollow noopener\">post-Megxit<\/a>.<\/p>\n<p data-journey-content=\"true\" data-node-id=\"18\" class=\"css-6wxqfj emevuu60\">Non stupisce, infatti, che la fonte del magazine americano riveli che <strong data-node-id=\"18.3\">William &#8220;non abbia alcuna intenzione di parlare con suo fratello&#8221;<\/strong>. Secondo il The Sun, l&#8217;ultima volta che i due fratelli si sono rivolti la parola sarebbe al funerale della nonna, la regina Elisabetta, avvenuto tre anni fa. \u00c8 in questo clima di tensione fraterna che re Carlo avrebbe deciso di fare affidamento sul lato indulgente del proprio carattere per cercare di riunire l&#8217;intera famiglia. Per di pi\u00f9, al momento i due fratelli non starebbero mantenendo <strong data-node-id=\"18.7\">la promessa fatta al padre<\/strong> nel 2021. \u00c8 stato lo stesso Harry a raccontare nel libro Spare che, in seguito al funerale di Duca di Edimburgo, re Carlo avrebbe chiesto ai due figli di <strong data-node-id=\"18.11\">&#8220;non rendere i suoi ultimi anni un inferno&#8221;<\/strong>, probabilmente gi\u00e0 consapevole delle tensioni tra William e Harry.<\/p>\n<p>Riaccogliere il proprio figlio, ma non senza garanzie<\/p>\n<p data-journey-content=\"true\" data-node-id=\"21\" class=\"css-6wxqfj emevuu60\">Sebbene l&#8217;affetto nei confronti di un figlio sia sconfinato, <strong data-node-id=\"21.1\">re Carlo \u00e8 consapevole degli errori commessi da Harry<\/strong> e delle difficili posizioni in cui si \u00e8 ritrovata la monarchia in seguito alle vicissitudine che hanno visto protagonista il Duca di Sussex. Tra le ultime indiscrezioni riportate dal Daily Mail, ci sarebbe un&#8217;accusa velata agli \u201cuomini in abito grigio\u201d \u2014 i cortigiani di Buckingham Palace \u2014 di aver ostacolato i tentativi di riconciliazione tra Harry e suo padre, re Carlo. Proprio per questo, il sovrano sembrerebbe disposto ad accogliere nuovamente il figlio, a patto per\u00f2 che vi siano delle verifiche preliminari, per evitare ulteriori fughe di notizie o nuovi attriti interni alla famiglia.<\/p>\n<p data-journey-content=\"true\" data-node-id=\"24\" class=\"css-6wxqfj emevuu60\">Il sovrano vorrebbe capire se gli errori commessi da Harry in passato \u2014 incluse le rivelazioni pi\u00f9 scottanti \u2014 possano essere interpretati come espressione tardiva di un\u2019irrisolta adolescenza, e se oggi il duca sia pronto ad accettare, almeno in parte, le regole e i protocolli che la vita di corte impone per il bene dell\u2019unit\u00e0 familiare.<\/p>\n<p data-journey-content=\"true\" data-node-id=\"26\" class=\"css-6wxqfj emevuu60\">Secondo Vanity Fair US, tuttavia, <strong data-node-id=\"26.3\">n\u00e9 la royal family n\u00e9 Harry sembrano ancora pronti a condividere lo stesso tavolo senza una certa dose di imbarazzo<\/strong>. E probabilmente, questa situazione rester\u00e0 sospesa ancora per qualche tempo \u2014 almeno fino a Natale, ormai sempre pi\u00f9 vicino.<\/p>\n<p><img draggable=\"true\" alt=\"anwar hussein collection\" title=\"Anwar Hussein Collection\" loading=\"lazy\" width=\"3524\" height=\"5155\" decoding=\"async\" data-nimg=\"1\" style=\"color:transparent;width:100%;height:auto;\"   src=\"https:\/\/www.europesays.com\/it\/wp-content\/uploads\/2025\/10\/prince-charles-prince-of-wales-prince-william-and-prince-news-photo-1759747849.pjpeg\" class=\"css-0 e1g79fud0\"\/><a target=\"_blank\" rel=\"noopener nofollow\" data-theme-key=\"base-link\" href=\"https:\/\/pinterest.com\/pin\/create\/button\/?url=https:\/\/www.elle.com\/it\/showbiz\/celebrities\/a68844158\/principe-harry-test-verita-rientro-royal-family-news\/&amp;description=elleitalia&amp;media=https:\/\/hips.hearstapps.com\/hmg-prod\/images\/prince-charles-prince-of-wales-prince-william-and-prince-news-photo-1759747849.pjpeg?resize=1600:*\" class=\"pinterest css-on9hn5 e1c1bym14\"><img decoding=\"async\" data-dynamic-svg=\"true\" src=\"https:\/\/www.elle.com\/_assets\/design-tokens\/fre\/static\/icons\/social\/pinterest.e8cf655.svg?primary=%2523ffffff\" loading=\"lazy\" data-testid=\"dynamic-svg-base\" height=\"auto\" width=\"auto\" alt=\"pinterest\" class=\"css-4lml0h e1mlxuuw1\"\/><\/a><\/p>\n<p>Anwar Hussein\/\/Getty Images<\/p>\n<p>Related StoryRelated StoryRelated Story<\/p>\n","protected":false},"excerpt":{"rendered":"Nessun elettrodo, n\u00e9 tantomeno le luci verdi e rosse che si illuminano a seconda dei livelli di stress&hellip;\n","protected":false},"author":3,"featured_media":155027,"comment_status":"","ping_status":"","sticky":false,"template":"","format":"standard","meta":{"footnotes":""},"categories":[1451],"tags":[1621,1620,203,303,204,1537,90,89,1780],"class_list":{"0":"post-155026","1":"post","2":"type-post","3":"status-publish","4":"format-standard","5":"has-post-thumbnail","7":"category-celebrita","8":"tag-celebrita","9":"tag-celebrities","10":"tag-entertainment","11":"tag-harry","12":"tag-intrattenimento","13":"tag-it","14":"tag-italia","15":"tag-italy","16":"tag-traffico"},"share_on_mastodon":{"url":"","error":""},"_links":{"self":[{"href":"https:\/\/www.europesays.com\/it\/wp-json\/wp\/v2\/posts\/155026","targetHints":{"allow":["GET"]}}],"collection":[{"href":"https:\/\/www.europesays.com\/it\/wp-json\/wp\/v2\/posts"}],"about":[{"href":"https:\/\/www.europesays.com\/it\/wp-json\/wp\/v2\/types\/post"}],"author":[{"embeddable":true,"href":"https:\/\/www.europesays.com\/it\/wp-json\/wp\/v2\/users\/3"}],"replies":[{"embeddable":true,"href":"https:\/\/www.europesays.com\/it\/wp-json\/wp\/v2\/comments?post=155026"}],"version-history":[{"count":0,"href":"https:\/\/www.europesays.com\/it\/wp-json\/wp\/v2\/posts\/155026\/revisions"}],"wp:featuredmedia":[{"embeddable":true,"href":"https:\/\/www.europesays.com\/it\/wp-json\/wp\/v2\/media\/155027"}],"wp:attachment":[{"href":"https:\/\/www.europesays.com\/it\/wp-json\/wp\/v2\/media?parent=155026"}],"wp:term":[{"taxonomy":"category","embeddable":true,"href":"https:\/\/www.europesays.com\/it\/wp-json\/wp\/v2\/categories?post=155026"},{"taxonomy":"post_tag","embeddable":true,"href":"https:\/\/www.europesays.com\/it\/wp-json\/wp\/v2\/tags?post=155026"}],"curies":[{"name":"wp","href":"https:\/\/api.w.org\/{rel}","templated":true}]}}