{"id":155051,"date":"2025-10-09T08:34:10","date_gmt":"2025-10-09T08:34:10","guid":{"rendered":"https:\/\/www.europesays.com\/it\/155051\/"},"modified":"2025-10-09T08:34:10","modified_gmt":"2025-10-09T08:34:10","slug":"sara-ancora-vivo-il-pianista-i-gemelli-lattore-chi-sono-e-come-stanno-i-48-ostaggi-israeliani-ancora-in-mano-ad-hamas","status":"publish","type":"post","link":"https:\/\/www.europesays.com\/it\/155051\/","title":{"rendered":"\u00abSar\u00e0 ancora vivo?\u00bb. Il pianista, i gemelli, l&#8217;attore: chi sono, e come stanno, i 48 ostaggi israeliani ancora in mano ad Hamas"},"content":{"rendered":"<p>    di<br \/>\n    Giusi Fasano<\/p>\n<p class=\"summary-art is-line-h-12\">L&#8217;attesa e i timori delle famiglie: \u00abFinch\u00e9 non torneranno tutti a casa i nostri cuori saranno ostaggio laggi\u00f9, assieme a loro\u00bb<\/p>\n<p class=\"chapter-paragraph\">Ripubblichiamo l&#8217;articolo di Giusi Fasano sugli ostaggi israeliani in mano ad Hamas, gi\u00f9 pubblicato il 5 ottobre.\u00a0<\/p>\n<p class=\"chapter-paragraph\">DALLA NOSTRA INVIATA <br \/>GERUSALEMME &#8211; Settecentotrenta albe fa era la vita. Era la quiete dei kibbutz o la musica al Nova Festival. Era Shabbat, giorno di festa. Poi da oriente il sole arriv\u00f2 assieme al sangue. I tagliagole di Hamas avevano un solo obiettivo: uccidere e rapire pi\u00f9 gente possibile. Alla fine della mattanza i morti furono pi\u00f9 di 1.200, 251 gli ostaggi portati nella Striscia di Gaza. Tesler, amico fraterno di Bar Kuperstein, dice che quella mattina \u00abBar mi ha mandato un ultimo messaggio che diceva: se mi succede qualcosa per favore, prenditi cura della mia famiglia\u00bb. <b>Bar, 23 anni, oggi \u00e8 uno dei 48 ostaggi ancora nelle mani di Hamas.<\/b> Analisi scientifiche su resti umani recuperati dall\u2019esercito e informazioni d\u2019intelligence raccolte sul campo, da filmati diffusi da Hamas o da ostaggi liberati man mano, sono alla base della stima dei vivi e dei morti. <b>Si pensa che possano essere ancora in vita fra i 20 e i 22 rapiti. Per gli altri non ci sono speranze<\/b>.\u00a0    &#13;<br \/>\n&#13;<br \/>\n&#13;<br \/>\n&#13;<br \/>\n&#13;<br \/>\n&#13;<br \/>\n&#13;<br \/>\n&#13;<br \/>\n&#13;<br \/>\n&#13;<br \/>\n&#13;<br \/>\n&#13;<br \/>\n&#13;<br \/>\n&#13;<br \/>\n&#13;<br \/>\n&#13;<br \/>\n&#13;<br \/>\n&#13;<br \/>\n&#13;<br \/>\n&#13;<br \/>\n&#13;<br \/>\n&#13;<br \/>\n&#13;<br \/>\n&#13;<br \/>\n&#13;<br \/>\n&#13;<br \/>\n&#13;<br \/>\n&#13;<br \/>\n&#13;<br \/>\n&#13;<br \/>\n&#13;<br \/>\n&#13;<br \/>\n&#13;<br \/>\n&#13;<br \/>\n&#13;<br \/>\n&#13;<br \/>\n&#13;<br \/>\n&#13;<br \/>\n&#13;<br \/>\n&#13;<br \/>\n&#13;<br \/>\n&#13;<br \/>\n&#13;<br \/>\n&#13;<br \/>\n&#13;<br \/>\n&#13;<br \/>\n&#13;<br \/>\n&#13;<br \/>\n&#13;<br \/>\n&#13;<br \/>\n&#13;<br \/>\n&#13;<br \/>\n&#13;\n<\/p>\n<p class=\"chapter-paragraph\"><a href=\"https:\/\/www.corriere.it\/esteri\/diretta-live\/25_ottobre_09\/gaza-la-guerra-israele-hamas-in-diretta-media-israelieni-e-palestinesi-hamas-ha-accettato-l-accordo-oggi-la-firma-in-egitto.shtml\" title=\"Gaza, la guerra Israele-Hamas in diretta | \u00abRaggiunto l&#039;accordo sul piano di pace a Gaza\u00bb: l&#039;annuncio di Trump\" rel=\"nofollow noopener\" target=\"_blank\">Gaza, le ultime notizie sulla guerra<\/a><\/p>\n<p class=\"chapter-paragraph\"><b>Hadar Goldin<\/b> \u00e8 un ufficiale israeliano nella lista dei 48, ma non \u00e8 stato rapito il 7 ottobre. Hamas ha il suo corpo dal 2014, quando \u2014 sul finire della guerra battezzata come \u00abMargine di protezione\u00bb \u2014 fu ucciso assieme al soldato Oron Shaul. L\u2019Idf sapeva che sotto la Striscia c\u2019erano tunnel ma in quell\u2019occasione scopr\u00ec che erano una specie di citt\u00e0-cunicolo sommersa. Il soldato Oron \u00e8 stato recuperato l\u2019anno scorso. L\u2019ufficiale \u00e8 ancora da qualche parte, sotto Gaza. <b>Recuperare lui e gli altri ormai senza vita fa parte del punto pi\u00f9 importante dell\u2019accordo,<\/b> ma l\u2019attenzione di tutti adesso \u00e8 soprattutto per i probabili vivi.  <b>Non c\u2019\u00e8 pi\u00f9 tempo da perdere ed \u00e8 questo il primo pensiero che viene in mente guardando il video spaventoso di Evyatar David: ridotto a pelle e ossa,<\/b> si scava la fossa nel buco nero in cui \u00e8 tenuto prigioniero mentre i terroristi gli puntano addosso una pila perch\u00e9 il mondo veda di cosa sono capaci. <b>Lui ha 24 anni, riesce ancora a parlare<\/b> e muoversi; nel filmato (di pochi mesi fa) si vede anche <b>Rom Braslavski,<\/b> altro ostaggio scheletrico nell\u2019elenco dei presunti vivi, che invece non riesce far altro che contorcersi.\u00a0<\/p>\n<p class=\"chapter-paragraph\"><b>Nimrod Cohen ha 21 anni ed \u00e8 un soldato.<\/b> Con i soldati i carcerieri di Hamas non si risparmiano. Chi \u00e8 tornato dalla Striscia racconta che \u00e8 stato torturato, che l\u2019hanno legato e rinchiuso in una gabbia per animali, che parlava ogni giorno un po\u2019 meno e che nei tunnel aveva sviluppato una malattia della pelle, comune ad altri prigionieri per via delle condizioni igieniche e dell\u2019umidit\u00e0 sopportate cos\u00ec a lungo.\u00a0<\/p>\n<p>APPROFONDISCI CON IL PODCAST<\/p>\n<p class=\"chapter-paragraph\">E poi c\u2019\u00e8 <b>Alon Ohel, 24 anni, pianista. \u00c8 uno degli ultimi a essere stato filmato vivo.<\/b> \u00abQuelli non sono i suoi occhi\u00bb hanno detto dal primo frame i suoi genitori. Ed esperti di oftalmologia confermano: dalle immagini hanno capito che lui <b>non vede pi\u00f9 dall\u2019occhio destro,<\/b> probabile conseguenza delle granate che i terroristi lanciarono nel rifugio dove aveva provato a cercare scampo assieme ad altri ragazzi in fuga dal Nova Festival.\u00a0<\/p>\n<p class=\"chapter-paragraph\"><b>Anche Avinatan Or, 32 anni, \u00e8 ancora nei tunnel<\/b> da dove \u00e8 riemersa (salvata con un blitz dei soldati Idf) <b>Noa Argamani<\/b>, la sua ragazza. La ricordiamo tutti, Noa. Ricordiamo i suoi lunghi capelli scuri al vento mentre piangeva e gridava \u00abnon uccidetemi\u00bb ai miliziani che l\u2019hanno separata brutalmente da Avinatan e l\u2019hanno portata via in motocicletta.\u00a0<\/p>\n<p class=\"chapter-paragraph\"><b>Gali e Ziv Berman sono due fratelli gemelli, 27 anni. <\/b>Forse sono prigionieri nello stesso tratto di tunnel. <b>Li chiamano Twin Power.<\/b> Gali gioca come difensore e Ziv come centrocampista difensivo nella squadra di calcio Shualei Kfar.\u00a0<\/p>\n<p class=\"chapter-paragraph\"><b>David Cunio invece ha 34 anni ed \u00e8 un attore premiato per il film \u00abYouth\u00bb<\/b> alla Berlinale, il pi\u00f9 grande festival cinematografico tedesco. Altri rapiti dicono che era vivo quando loro sono tornati a casa.\u00a0<\/p>\n<p class=\"chapter-paragraph\">Lo sgomento delle famiglie \u00e8 nell\u2019aria, ai vari ritrovi dove sono ormai quotidianamente. Torneranno tutti?<b> Saranno davvero ancora vivi David, Guy, Maksim, Matan, Rom, Tamir&#8230;?\u00a0\u00abFinch\u00e9 non torneranno tutti a casa i nostri cuori saranno ostaggio laggi\u00f9, assieme a loro\u00bb<\/b> \u00e8 il messaggio al mondo di chi li sta aspettando. E non sono soltanto familiari. Li stanno aspettando tutti gli israeliani per \u00abcominciare a guarire\u00bb, come hanno detto in una delle piazze alcuni di loro. Per cominciare a uscire dal tunnel scavato in ciascuna delle loro vite dopo il 7 ottobre.<\/p>\n<p class=\"is-last-update\" datetime=\"2025-10-09T09:35:01+02:00\">9 ottobre 2025 ( modifica il 9 ottobre 2025 | 09:35)<\/p>\n<p class=\"is-copyright\">\n            \u00a9 RIPRODUZIONE RISERVATA\n        <\/p>\n","protected":false},"excerpt":{"rendered":"di Giusi Fasano L&#8217;attesa e i timori delle famiglie: \u00abFinch\u00e9 non torneranno tutti a casa i nostri cuori&hellip;\n","protected":false},"author":3,"featured_media":155052,"comment_status":"","ping_status":"","sticky":false,"template":"","format":"standard","meta":{"footnotes":""},"categories":[6],"tags":[95866,17039,2382,95867,12384,6682,14,19737,95868,95869,12418,943,4631,10455,28402,73,11463,75,8,759,281,95870,95871,1537,90,89,95872,95873,962,95874,6411,770,7,95875,15,82,9,83,10,77007,95876,133,95877,813,10364,95878,25933,95879,95880,893,23436,41814,4515,26065,38796,758,13,39130,25943,11,80,84,12,81,85,50045,15288],"class_list":{"0":"post-155051","1":"post","2":"type-post","3":"status-publish","4":"format-standard","5":"has-post-thumbnail","7":"category-ultime-notizie","8":"tag-aspettando","9":"tag-assieme","10":"tag-attore","11":"tag-avinatan","12":"tag-bar","13":"tag-cominciare","14":"tag-cronaca","15":"tag-cuori","16":"tag-cuori-ostaggio","17":"tag-cuori-ostaggio-laggiu","18":"tag-david","19":"tag-famiglie","20":"tag-festival","21":"tag-filmato","22":"tag-gali","23":"tag-gaza","24":"tag-gemelli","25":"tag-hamas","26":"tag-headlines","27":"tag-idf","28":"tag-israeliani","29":"tag-israeliani-mano","30":"tag-israeliani-mano-hamas","31":"tag-it","32":"tag-italia","33":"tag-italy","34":"tag-laggiu","35":"tag-laggiu-assieme","36":"tag-mano","37":"tag-mano-hamas","38":"tag-messaggio","39":"tag-morti","40":"tag-news","41":"tag-noa","42":"tag-notizie","43":"tag-notizie-di-cronaca","44":"tag-notizie-principali","45":"tag-notiziedicronaca","46":"tag-notizieprincipali","47":"tag-nova","48":"tag-nova-festival","49":"tag-ormai","50":"tag-oron","51":"tag-ostaggi","52":"tag-ostaggi-israeliani","53":"tag-ostaggi-israeliani-mano","54":"tag-ostaggio","55":"tag-ostaggio-laggiu","56":"tag-ostaggio-laggiu-assieme","57":"tag-ottobre","58":"tag-pelle","59":"tag-pianista","60":"tag-prigionieri","61":"tag-rapiti","62":"tag-soldato","63":"tag-striscia","64":"tag-titoli","65":"tag-torneranno","66":"tag-tunnel","67":"tag-ultime-notizie","68":"tag-ultime-notizie-di-cronaca","69":"tag-ultime-notizie-e-news-di-oggi","70":"tag-ultimenotizie","71":"tag-ultimenotiziedicronaca","72":"tag-ultimenotizieenewsdioggi","73":"tag-vivi","74":"tag-vivo"},"share_on_mastodon":{"url":"","error":""},"_links":{"self":[{"href":"https:\/\/www.europesays.com\/it\/wp-json\/wp\/v2\/posts\/155051","targetHints":{"allow":["GET"]}}],"collection":[{"href":"https:\/\/www.europesays.com\/it\/wp-json\/wp\/v2\/posts"}],"about":[{"href":"https:\/\/www.europesays.com\/it\/wp-json\/wp\/v2\/types\/post"}],"author":[{"embeddable":true,"href":"https:\/\/www.europesays.com\/it\/wp-json\/wp\/v2\/users\/3"}],"replies":[{"embeddable":true,"href":"https:\/\/www.europesays.com\/it\/wp-json\/wp\/v2\/comments?post=155051"}],"version-history":[{"count":0,"href":"https:\/\/www.europesays.com\/it\/wp-json\/wp\/v2\/posts\/155051\/revisions"}],"wp:featuredmedia":[{"embeddable":true,"href":"https:\/\/www.europesays.com\/it\/wp-json\/wp\/v2\/media\/155052"}],"wp:attachment":[{"href":"https:\/\/www.europesays.com\/it\/wp-json\/wp\/v2\/media?parent=155051"}],"wp:term":[{"taxonomy":"category","embeddable":true,"href":"https:\/\/www.europesays.com\/it\/wp-json\/wp\/v2\/categories?post=155051"},{"taxonomy":"post_tag","embeddable":true,"href":"https:\/\/www.europesays.com\/it\/wp-json\/wp\/v2\/tags?post=155051"}],"curies":[{"name":"wp","href":"https:\/\/api.w.org\/{rel}","templated":true}]}}