{"id":155064,"date":"2025-10-09T08:47:11","date_gmt":"2025-10-09T08:47:11","guid":{"rendered":"https:\/\/www.europesays.com\/it\/155064\/"},"modified":"2025-10-09T08:47:11","modified_gmt":"2025-10-09T08:47:11","slug":"fran-gonzalez-diventera-il-nuovo-portiere-del-real-madrid","status":"publish","type":"post","link":"https:\/\/www.europesays.com\/it\/155064\/","title":{"rendered":"Fran Gonz\u00e1lez diventer\u00e0 il nuovo portiere del Real Madrid"},"content":{"rendered":"<p class=\"p1\">Lontano dai riflettori, all\u2019ombra di Valdebebas il Real Madrid sta portando avanti un progetto piuttosto ambizioso: costruire il Courtois 2.0. L\u2019eletto si chiama Fran Gonz\u00e1lez, \u00e8 nato a Le\u00f3n nel luglio 2004 e somiglia molto al portiere del Madrid e della Nazionale belga: \u00e8 altissimo (secondo\u00a0Transfermarkt\u00a0arriva a un metro e 99 centimetri) e sta facendo un figurone ai Mondiali Under 20 con la maglia della Spagna. Nella gara pi\u00f9 attesa della fase a gironi, quella contro il Brasile, ha sfoderato tre interventi eccezionali e cos\u00ec ha permesso alla Rojita di passare agli ottavi di finale. E ora, dopo un altro clean sheet contro l\u2019Ucraina, al\u2019orizzonte c\u2019\u00e8 la gara dei quarti contro la Colombia.<\/p>\n<p class=\"p1\">Il progetto Fran Gonz\u00e1lez \u00e8 iniziato da due stagioni fa, ma fino a questo momento nessuno \u2013 o quasi \u2013 se n\u2019era accorto. Il Real Madrid ha preso il giocatore nel 2022, dal Cultural Leonesa. Immediatamente ha attratto l\u2019attenzione di Luis Llopis, storico preparatore dei portieri della prima squadra, che ne ha intuito le eccezionali capacit\u00e0 \u2013 soprattutto fisiche. Cos\u00ec, in soli due anni, Fran Gonz\u00e1lez \u00e8 passato dal Juvenil A al Castilla, e poi ha assaggiato anche la prima squadra: Ancelotti ne ha fatto il terzo portiere del Real a soli 18 anni, nella scorsa stagione ha messo insieme 25 convocazioni e un\u2019apparizione da titolare, al Bernab\u00e9u contro il Valencia nel mese di aprile. La partita \u00e8 finita 2-1 per gli ospiti, ma per il giocatore e per il Real Madrid \u00e8 stato un momento comunque importante. Lo dimostra il fatto che in estate, dopo l\u2019addio di Ancelotti, il club ha prospettato anche a Xabi Alonso il piano previsto per la crescita di Fran Gonz\u00e1lez: l\u2019intento \u00e8 quello di proteggerlo e farlo crescere, e quindi convocarlo e farlo giocare solo in caso di estrema necessit\u00e0. In parallelo, il piano prevede che il ragazzo si consolidi nel Castilla, agli ordini di un altro uomo-Real come \u00c1lvaro Arbeloa, e che possa strutturarsi per diventare, un giorno, il nuovo numero uno del Madrid.<\/p>\n<p class=\"p1\">Al Castilla, inoltre, Fran Gonz\u00e1lez sta lavorando e potr\u00e0 lavorare con Diego Lopez, ex portiere del Real e oggi preparatore dei numeri uno del club. Quando verr\u00e0 aggregato alla prima squadra, invece, sar\u00e0 seguito da Luis Llopis, che vuole per tenere sotto controllo i suoi miglioramenti giorno dopo giorno. Il Real tiene tantissimo a questo progetto, al punto che l\u2019anno scorso si \u00e8 arrivati allo scontro frontale con una leggenda blanca come Ra\u00fal Gonz\u00e1lez Blanco: l\u2019ex attaccante del Madrid, nonch\u00e9 ex allenatore del Castilla, aveva deciso di escludere Fran Gonz\u00e1lez dai titolai, preferendogli Pi\u00f1eiro e Mario de Luis. Una decisione che ha rallentato\u00a0la crescita del portierino di Le\u00f3n, e che secondo i giornali spagnoli \u00e8 stata una delle motivazioni dell\u2019allontanamento di Ra\u00fal. Che, come detto, \u00e8 stato sostituito da Arbeloa. Insomma, Fran Gonz\u00e1lez \u00e8 destinato a diventare l\u2019erede di Courtois, il portiere titolare del Real Madrid. O, comunque, questo \u00e8 ci\u00f2 che hanno in mente a Valdebebas. I risultati li stiamo gi\u00e0 vedendo al Mondiale Under 20, ma questo sembra essere solo un assaggio.<\/p>\n","protected":false},"excerpt":{"rendered":"Lontano dai riflettori, all\u2019ombra di Valdebebas il Real Madrid sta portando avanti un progetto piuttosto ambizioso: costruire il&hellip;\n","protected":false},"author":3,"featured_media":155065,"comment_status":"","ping_status":"","sticky":false,"template":"","format":"standard","meta":{"footnotes":""},"categories":[1452],"tags":[721,1740,1537,90,89,1739,245,244],"class_list":{"0":"post-155064","1":"post","2":"type-post","3":"status-publish","4":"format-standard","5":"has-post-thumbnail","7":"category-calcio","8":"tag-calcio","9":"tag-football","10":"tag-it","11":"tag-italia","12":"tag-italy","13":"tag-soccer","14":"tag-sport","15":"tag-sports"},"share_on_mastodon":{"url":"","error":""},"_links":{"self":[{"href":"https:\/\/www.europesays.com\/it\/wp-json\/wp\/v2\/posts\/155064","targetHints":{"allow":["GET"]}}],"collection":[{"href":"https:\/\/www.europesays.com\/it\/wp-json\/wp\/v2\/posts"}],"about":[{"href":"https:\/\/www.europesays.com\/it\/wp-json\/wp\/v2\/types\/post"}],"author":[{"embeddable":true,"href":"https:\/\/www.europesays.com\/it\/wp-json\/wp\/v2\/users\/3"}],"replies":[{"embeddable":true,"href":"https:\/\/www.europesays.com\/it\/wp-json\/wp\/v2\/comments?post=155064"}],"version-history":[{"count":0,"href":"https:\/\/www.europesays.com\/it\/wp-json\/wp\/v2\/posts\/155064\/revisions"}],"wp:featuredmedia":[{"embeddable":true,"href":"https:\/\/www.europesays.com\/it\/wp-json\/wp\/v2\/media\/155065"}],"wp:attachment":[{"href":"https:\/\/www.europesays.com\/it\/wp-json\/wp\/v2\/media?parent=155064"}],"wp:term":[{"taxonomy":"category","embeddable":true,"href":"https:\/\/www.europesays.com\/it\/wp-json\/wp\/v2\/categories?post=155064"},{"taxonomy":"post_tag","embeddable":true,"href":"https:\/\/www.europesays.com\/it\/wp-json\/wp\/v2\/tags?post=155064"}],"curies":[{"name":"wp","href":"https:\/\/api.w.org\/{rel}","templated":true}]}}