{"id":155080,"date":"2025-10-09T08:55:10","date_gmt":"2025-10-09T08:55:10","guid":{"rendered":"https:\/\/www.europesays.com\/it\/155080\/"},"modified":"2025-10-09T08:55:10","modified_gmt":"2025-10-09T08:55:10","slug":"paziente-aggredisce-due-infermiere-colpendo-una-alla-testa-con-il-palo-della-flebo-e-laltra-al-volto","status":"publish","type":"post","link":"https:\/\/www.europesays.com\/it\/155080\/","title":{"rendered":"Paziente aggredisce due infermiere colpendo una alla testa con il palo della flebo e l\u2019altra al volto"},"content":{"rendered":"<p>Un grave episodio si \u00e8 verificato nel\u00a0reparto di medicina dell\u2019ospedale di Latisana: un paziente ha aggredito violentemente due infermiere, trascinando una di esse\u00a0per i capelli e colpendola alla testa con il palo della flebo, mentre l\u2019altra, intervenuta per difenderla, \u00e8 stata colpita al volto.<\/p>\n<p>Solo grazie alle grida e alla richiesta di aiuto ai colleghi di altri piani \u00e8 stato possibile contenere l\u2019aggressore, che nel frattempo aveva anche distrutto i telefoni del reparto.<\/p>\n<p>Le due infermiere\u00a0sono state prese in carico dal pronto soccorso di Latisana per le cure del caso e sono in attesa della prognosi.<\/p>\n<p>La vicenda \u00e8 stata denunciata da Stefano Bressan, Segretario Generale Uil Fpl Fvg:\u00a0\u201cQuesto episodio, oltre ad essere totalmente inaccettabile, evidenzia ancora una volta la grave carenza di personale nel presidio di Latisana: le operatrici si trovavano da sole a gestire la situazione, senza adeguato supporto e senza la presenza di personale in grado di intervenire fisicamente per contenere episodi di tale violenza\u201d.<\/p>\n<p>&#8220;Esprimiamo \u2013\u00a0dice il sindacato \u2013 inoltre forti dubbi sull\u2019attuale organizzazione dei turni, che espone gli operatori a rischi altissimi in un contesto sempre pi\u00f9 complesso e imprevedibile. Non \u00e8 pi\u00f9 tollerabile che chi garantisce assistenza sanitaria debba lavorare in condizioni di costante pericolo\u201d.<\/p>\n<p>La Uil Fpl Fvg \u2013\u00a0dice la nota \u2013 chiede pertanto l\u2019attivazione immediata di un presidio fisso di polizia all\u2019ospedale di Latisana, a tutela del personale sanitario e dei cittadini stessi, oltre a una verifica urgente delle dotazioni organiche e delle misure di sicurezza. Le due infermiere aggredite sono nostre iscritte, e a loro va tutta la nostra vicinanza e solidariet\u00e0. Saremo al loro fianco in ogni sede, anche legale, affinch\u00e9 venga fatta piena luce sull\u2019accaduto e vengano assunte misure concrete per impedire che simili episodi possano ripetersi.\u201d\u00a0<\/p>\n","protected":false},"excerpt":{"rendered":"Un grave episodio si \u00e8 verificato nel\u00a0reparto di medicina dell\u2019ospedale di Latisana: un paziente ha aggredito violentemente due&hellip;\n","protected":false},"author":3,"featured_media":155081,"comment_status":"","ping_status":"","sticky":false,"template":"","format":"standard","meta":{"footnotes":""},"categories":[175],"tags":[239,1537,90,89,240],"class_list":{"0":"post-155080","1":"post","2":"type-post","3":"status-publish","4":"format-standard","5":"has-post-thumbnail","7":"category-salute","8":"tag-health","9":"tag-it","10":"tag-italia","11":"tag-italy","12":"tag-salute"},"share_on_mastodon":{"url":"","error":""},"_links":{"self":[{"href":"https:\/\/www.europesays.com\/it\/wp-json\/wp\/v2\/posts\/155080","targetHints":{"allow":["GET"]}}],"collection":[{"href":"https:\/\/www.europesays.com\/it\/wp-json\/wp\/v2\/posts"}],"about":[{"href":"https:\/\/www.europesays.com\/it\/wp-json\/wp\/v2\/types\/post"}],"author":[{"embeddable":true,"href":"https:\/\/www.europesays.com\/it\/wp-json\/wp\/v2\/users\/3"}],"replies":[{"embeddable":true,"href":"https:\/\/www.europesays.com\/it\/wp-json\/wp\/v2\/comments?post=155080"}],"version-history":[{"count":0,"href":"https:\/\/www.europesays.com\/it\/wp-json\/wp\/v2\/posts\/155080\/revisions"}],"wp:featuredmedia":[{"embeddable":true,"href":"https:\/\/www.europesays.com\/it\/wp-json\/wp\/v2\/media\/155081"}],"wp:attachment":[{"href":"https:\/\/www.europesays.com\/it\/wp-json\/wp\/v2\/media?parent=155080"}],"wp:term":[{"taxonomy":"category","embeddable":true,"href":"https:\/\/www.europesays.com\/it\/wp-json\/wp\/v2\/categories?post=155080"},{"taxonomy":"post_tag","embeddable":true,"href":"https:\/\/www.europesays.com\/it\/wp-json\/wp\/v2\/tags?post=155080"}],"curies":[{"name":"wp","href":"https:\/\/api.w.org\/{rel}","templated":true}]}}