{"id":155095,"date":"2025-10-09T09:04:16","date_gmt":"2025-10-09T09:04:16","guid":{"rendered":"https:\/\/www.europesays.com\/it\/155095\/"},"modified":"2025-10-09T09:04:16","modified_gmt":"2025-10-09T09:04:16","slug":"situazione-critica-frutto-di-vari-fattori-kalaritana-media","status":"publish","type":"post","link":"https:\/\/www.europesays.com\/it\/155095\/","title":{"rendered":"\u00abSituazione critica frutto di vari fattori\u00bb \u2013 Kalaritana Media"},"content":{"rendered":"<p>                            <img fetchpriority=\"high\" decoding=\"async\" data-attachment-id=\"22278\" data-permalink=\"https:\/\/www.kalaritanamedia.it\/quando-la-salute-non-e-per-tutti-manca-la-speranza\/ospedale-2\/\" data-orig-file=\"https:\/\/www.europesays.com\/it\/wp-content\/uploads\/2025\/10\/ospedale.png\" data-orig-size=\"1600,900\" data-comments-opened=\"0\" data-image-meta=\"{\" aperture=\"\" data-image-title=\"ospedale\" data-image-description=\"\" data-image-caption=\"\" data-medium-file=\"https:\/\/www.kalaritanamedia.it\/wp-content\/uploads\/2025\/05\/ospedale-300x169.png\" data-large-file=\"https:\/\/www.kalaritanamedia.it\/wp-content\/uploads\/2025\/05\/ospedale-1024x576.png\" class=\"wpa-warning wpa-image-missing-alt alignnone size-full wp-image-22278\" src=\"https:\/\/www.europesays.com\/it\/wp-content\/uploads\/2025\/10\/ospedale.png\" alt=\"\" width=\"1600\" height=\"900\" data-warning=\"Missing alt text\"  \/><\/p>\n<p>I dati presentati dall\u2019osservatorio Gimbe nell\u2019ottavo rapporto sul Servizio Nazionale descrivono ancora una volta una situazione drammatica del comparto sanitario in Sardegna. Il 17% dei sardi, oltre 270mila persone, ha dichiarato di aver rinunciato almeno a una prestazione sanitaria. Un dato aumentato rispetto al 2023 del 3.5% e che contrasta con la media nazionale del 9.9%.<\/p>\n<p>Dei numeri e della situazione nell\u2019isola ha parlato ai microfoni di <strong>Radio Kalaritana<\/strong> il dottor <strong>Luigi Maxia,<\/strong> segretario regionale del <strong>CIMO<\/strong> (Coordinamento italiano medici ospedalieri).<\/p>\n<p>Il quadro<\/p>\n<p>\u00abQuella che descrive l\u2019osservatorio Gimbe \u00e8 puramente la verit\u00e0 \u2013 afferma Maxia \u2013 Ci troviamo in una condizione di criticit\u00e0 elevata e sono tanti i motivi che hanno portato a questa situazione. C\u2019\u00e8 stata inizialmente una sottovalutazione del fatto che viviamo in un\u2019isola molto estesa, con difficolt\u00e0 negli spostamenti e oltretutto con una popolazione che drammaticamente invecchia. Sono nati meno di 8mila bambini l\u2019anno scorso e ci troviamo ad avere il doppio di decessi \u2013 sottolinea il segretario del sindacato dei medici \u2013 La popolazione invecchia e si riscontrano maggiormente patologie prevalentemente croniche, ma sono presenti soprattutto persone con pi\u00f9 di una patologia, che avrebbero bisogno di una medicina di prossimit\u00e0. Invece nella nostra regione non abbiamo medici di medicina generale, n\u00e9 pediatri di base in maniera sufficiente\u00bb.<\/p>\n<p>Una situazione che si fa ancora pi\u00f9 difficile guardando alle aree interne e che fa crescere i dubbi sulla possibilit\u00e0 di compiere una inversione di tendenza.<\/p>\n<p>\u00abNon \u00e8 facile cambiare le cose per via di una programmazione che \u00e8 stata sbagliata e per via anche del fatto che le regole nazionali impediscono alla Sardegna di usare delle misure straordinarie. Come, per esempio, quella di differenziare la possibilit\u00e0 che nei territori svantaggiati si possa incentivare economicamente e non solo al trasferimento i medici disponibili. Faccio un esempio per comprendere le complessit\u00e0 attuali: ci sono dei piccoli paesi che non hanno un medico di base, ma voi considerate che hanno solo centinaia di abitanti. Il medico di medicina generale che si trasferisce deve aprire 3 o 4 ambulatori nei paesi vicini per raggiungere il massimale e avere uno stipendio adeguato. Lo stipendio per\u00f2 non \u00e8 pi\u00f9 adeguato alle spese che ha, dato che dovuto aprire pi\u00f9 ambulatori e dato che i comuni partecipano scarsamente alla possibilit\u00e0 di dare gli ambulatori in maniera gratuita\u00bb.<\/p>\n<p>Ci\u00f2, secondo Maxia, ha effetto anche sui grandi centri, Cagliari e Sassari.<\/p>\n<p>\u00abNei grandi centri, Cagliari e Sassari in particolare, si concentra un numero di specialisti notevole, per\u00f2 il problema che si crea \u00e8 diverso: la richiesta di prestazioni specialistiche \u00e8 talmente alta, che anche un numero elevato di specialisti non riesce ad esaudirla e quindi si creano le famose liste d\u2019attesa, che a loro volta non sono facili da superare perch\u00e9 l\u2019assistenza specialistica non \u00e8 di tutti i territori. Di conseguenza, le persone si rivolgono a Cagliari e Sassari, perch\u00e9 anche ospedali che una volta avevano degli specialisti di elevata qualit\u00e0 come Nuoro, Oristano e Olbia sono in grandissima crisi e se non vengono aiutati dagli ospedali hub di Cagliari e di Sassari rischiano addirittura di chiudere battenti\u00bb.<\/p>\n<p>Malgrado le difficolt\u00e0, i tentativi di cambiare la sorte della sanit\u00e0 non devono fermarsi. Da qui anche una proposta del CIMO.<\/p>\n<p>\u00abIn questo momento \u2013 prosegue Maxia \u2013 si parla di statuto e si parla soprattutto di descrivere la sanit\u00e0 come un comparto su cui incidere con risorse regionali. La possibilit\u00e0 che in questo momento si parli di contrattazione integrativa regionale \u00e8 molto sentita da tutti e pu\u00f2 essere l\u2019unico modo di incentivare economicamente i professionisti che vogliono recarsi nelle aree periferiche. Abbiamo fatto una proposta in questo senso \u2013 conclude \u2013 L\u2019abbiamo mandata a tutti i consiglieri regionali e speriamo possa essere accolta perch\u00e9 secondo noi \u00e8 l\u2019unica strada per poter raggiungere un equilibrio nella sanit\u00e0 regionale\u00bb.<\/p>\n<p>\n\tLeggi anche\n<\/p>\n<p>\tScopri di pi\u00f9 da Kalaritana Media<\/p>\n<p class=\"has-text-align-center\" style=\"margin-top:10px;margin-bottom:10px;font-size:15px\">Abbonati per ricevere gli ultimi articoli inviati alla tua e-mail.<\/p>\n","protected":false},"excerpt":{"rendered":"I dati presentati dall\u2019osservatorio Gimbe nell\u2019ottavo rapporto sul Servizio Nazionale descrivono ancora una volta una situazione drammatica del&hellip;\n","protected":false},"author":3,"featured_media":155096,"comment_status":"","ping_status":"","sticky":false,"template":"","format":"standard","meta":{"footnotes":""},"categories":[1481],"tags":[2065,2066,239,2063,2064,1537,90,89,240],"class_list":{"0":"post-155095","1":"post","2":"type-post","3":"status-publish","4":"format-standard","5":"has-post-thumbnail","7":"category-assistenza-sanitaria","8":"tag-assistenza-sanitaria","9":"tag-assistenzasanitaria","10":"tag-health","11":"tag-health-care","12":"tag-healthcare","13":"tag-it","14":"tag-italia","15":"tag-italy","16":"tag-salute"},"share_on_mastodon":{"url":"","error":""},"_links":{"self":[{"href":"https:\/\/www.europesays.com\/it\/wp-json\/wp\/v2\/posts\/155095","targetHints":{"allow":["GET"]}}],"collection":[{"href":"https:\/\/www.europesays.com\/it\/wp-json\/wp\/v2\/posts"}],"about":[{"href":"https:\/\/www.europesays.com\/it\/wp-json\/wp\/v2\/types\/post"}],"author":[{"embeddable":true,"href":"https:\/\/www.europesays.com\/it\/wp-json\/wp\/v2\/users\/3"}],"replies":[{"embeddable":true,"href":"https:\/\/www.europesays.com\/it\/wp-json\/wp\/v2\/comments?post=155095"}],"version-history":[{"count":0,"href":"https:\/\/www.europesays.com\/it\/wp-json\/wp\/v2\/posts\/155095\/revisions"}],"wp:featuredmedia":[{"embeddable":true,"href":"https:\/\/www.europesays.com\/it\/wp-json\/wp\/v2\/media\/155096"}],"wp:attachment":[{"href":"https:\/\/www.europesays.com\/it\/wp-json\/wp\/v2\/media?parent=155095"}],"wp:term":[{"taxonomy":"category","embeddable":true,"href":"https:\/\/www.europesays.com\/it\/wp-json\/wp\/v2\/categories?post=155095"},{"taxonomy":"post_tag","embeddable":true,"href":"https:\/\/www.europesays.com\/it\/wp-json\/wp\/v2\/tags?post=155095"}],"curies":[{"name":"wp","href":"https:\/\/api.w.org\/{rel}","templated":true}]}}