{"id":155128,"date":"2025-10-09T09:26:09","date_gmt":"2025-10-09T09:26:09","guid":{"rendered":"https:\/\/www.europesays.com\/it\/155128\/"},"modified":"2025-10-09T09:26:09","modified_gmt":"2025-10-09T09:26:09","slug":"ucraina-russia-le-notizie-sul-conflitto-in-diretta-zelensky-i-missili-tomahawk-possono-constringere-putin-a-negoziare-gli-attacchi-russi-alle-infrastrutture-energetiche-seminano-il-caos","status":"publish","type":"post","link":"https:\/\/www.europesays.com\/it\/155128\/","title":{"rendered":"Ucraina &#8211; Russia, le notizie sul conflitto in diretta | Zelensky: \u00abI missili Tomahawk possono constringere Putin a negoziare. Gli attacchi russi alle infrastrutture energetiche seminano il caos\u00bb"},"content":{"rendered":"<p>\t\t\tZelensky: prossima settimana il team in Usa per parlare di sanzioni<\/p>\n<p>\u00abLa cooperazione con gli Stati Uniti continua. Un team guidato dalla premier Yulia Svyrydenko, insieme al Capo dell&#8217;Ufficio presidenziale Andriy Yermak e al mio Commissario per la politica sanzionatoria Vladyslav Vlasiuk sar\u00e0 negli Stati Uniti all&#8217;inizio della prossima settimana. Gli argomenti includono la difesa aerea, l&#8217;energia e le misure sanzionatorie, nonch\u00e9 il percorso negoziale. Anche la questione dei beni congelati sar\u00e0 discussa con gli Stati Uniti\u00bb. Lo ha riferito il presidente ucraino Volodymyr Zelensky su X.\u00a0<\/p>\n<p>\u00abSono in corso anche i preparativi per proseguire il lavoro della Coalizione dei Volenterosi. Prepareremo le nostre azioni, gli incontri e i risultati corrispondenti per ottobre-novembre. Credo che il Presidente Trump ci voglia al tavolo dei negoziati e noi abbiamo sostenuto questo percorso. Credo che desideri fortemente vedere un cessate il fuoco e la fine della guerra. Credo che questo fosse il suo obiettivo fin dall&#8217;inizio. Gliene siamo grati. Credo che il nostro incontro, unito alla realt\u00e0 dei fatti, gli abbia fatto comprendere meglio che i russi gli stanno `vendendo\u00b4 qualcosa che non sono in grado di offrire. Ci\u00f2 che \u00e8 particolarmente importante \u00e8 che, dopo il nostro incontro, il dialogo prosegue a vari livelli. E, a proposito, tutti notano che, nonostante il meteo freddo fuori, i nostri rapporti rimangono caldi a vari livelli\u00bb, ha sottolineato.<\/p>\n","protected":false},"excerpt":{"rendered":"Zelensky: prossima settimana il team in Usa per parlare di sanzioni \u00abLa cooperazione con gli Stati Uniti continua.&hellip;\n","protected":false},"author":3,"featured_media":155129,"comment_status":"","ping_status":"","sticky":false,"template":"","format":"standard","meta":{"footnotes":"","_share_on_mastodon":"0"},"categories":[160],"tags":[9683,95907,1002,797,95908,95909,95894,95910,772,3819,95911,839,4197,4597,1495,7574,1018,8152,787,765,20765,5196,95895,18934,1039,8230,777,789,8740,925,803,804,4497,95912,95913,433,95914,95915,877,932,394,934,95916,38578,1367,395,95917,95918,14,164,165,766,46771,95896,767,1113,206,4467,78779,773,5427,769,783,6316,807,77,35719,48,399,7696,1174,1302,952,400,95897,7697,7698,14109,95898,65188,166,382,4475,7,18985,23246,15,4476,6183,17191,893,402,3785,491,24848,387,89642,9892,27319,3522,11872,135,6338,6339,4515,405,10917,34088,383,95899,13814,95900,111,5389,95901,41862,4152,4465,4477,171,388,6502,13287,669,863,796,408,4481,8695,95902,3339,86119,379,170,4485,95903,4472,6342,6343,11,167,12,168,3414,91001,95904,4494,4527,4528,95905,161,162,163,4473,95906],"class_list":["post-155128","post","type-post","status-publish","format-standard","has-post-thumbnail","category-mondo","tag-accolto","tag-accolto-omologo","tag-aerea","tag-affermato","tag-affermato-peskov","tag-affermato-peskov-giornalisti","tag-affermato-zelensky","tag-affermato-zelensky-presidente","tag-aggiunto","tag-alleato","tag-alleato-fedele","tag-almeno","tag-alto","tag-alto-rango","tag-altre","tag-andati","tag-aree","tag-assistenza","tag-attacchi","tag-attacco","tag-bielorussia","tag-bloccato","tag-boracay","tag-caos","tag-capacita","tag-capitano","tag-capo","tag-capo-maggiore","tag-carburante","tag-centrale","tag-cessate","tag-cessate-fuoco","tag-citato","tag-citato-kyiv","tag-citato-kyiv-independent","tag-colpito","tag-colpito-impianto","tag-colpito-impianto-lavorazione","tag-conferenza","tag-conferenza-stampa","tag-conflitto","tag-continua","tag-controffensiva","tag-costringere","tag-credo","tag-cremlino","tag-cremlino-dmitrij","tag-cremlino-dmitrij-peskov","tag-cronaca","tag-dal-mondo","tag-dalmondo","tag-dichiarato","tag-dichiarato-presidente","tag-dichiarato-presidente-ucraino","tag-difesa","tag-donald","tag-donald-trump","tag-droni","tag-energetiche","tag-esercito","tag-estero","tag-forze","tag-fuoco","tag-gas","tag-giornalisti","tag-guerra","tag-impianto","tag-importante","tag-incontro","tag-independent","tag-infrastrutture","tag-inizio","tag-intelligence","tag-kiev","tag-kovalenko","tag-kyiv","tag-kyiv-independent","tag-lavorazione","tag-lukoil","tag-moldavia","tag-mondo","tag-mosca","tag-negoziati","tag-news","tag-nobel","tag-nonche","tag-notizie","tag-notte","tag-ordine","tag-ospite","tag-ottobre","tag-pace","tag-parlando","tag-percorso","tag-perdite","tag-peskov","tag-petroliera","tag-portata","tag-positivi","tag-possono","tag-preparando","tag-presidente","tag-presidente-ucraino","tag-presidente-ucraino-volodymyr","tag-prigionieri","tag-processo","tag-processo-pace","tag-provocazioni","tag-putin","tag-rahmon","tag-raid","tag-rango","tag-regione","tag-risultati","tag-risultati-positivi","tag-romania","tag-russa","tag-russe","tag-russi","tag-russia","tag-russo","tag-scrive","tag-sera","tag-servizio","tag-sicurezza","tag-sottolineato","tag-stampa","tag-sumy","tag-tavolo","tag-tavolo-negoziati","tag-team","tag-tomahawk","tag-trump","tag-ucraina","tag-ucraini","tag-ucraini-bielorussia","tag-ucraino","tag-ucraino-volodymyr","tag-ucraino-volodymyr-zelensky","tag-ultime-notizie","tag-ultime-notizie-di-mondo","tag-ultimenotizie","tag-ultimenotiziedimondo","tag-uniti","tag-vasta","tag-vasta-portata","tag-vladimir","tag-volodymyr","tag-volodymyr-zelensky","tag-volodymyr-zelensky-parlando","tag-world","tag-world-news","tag-worldnews","tag-zelensky","tag-zelensky-parlando"],"share_on_mastodon":{"url":"","error":""},"_links":{"self":[{"href":"https:\/\/www.europesays.com\/it\/wp-json\/wp\/v2\/posts\/155128","targetHints":{"allow":["GET"]}}],"collection":[{"href":"https:\/\/www.europesays.com\/it\/wp-json\/wp\/v2\/posts"}],"about":[{"href":"https:\/\/www.europesays.com\/it\/wp-json\/wp\/v2\/types\/post"}],"author":[{"embeddable":true,"href":"https:\/\/www.europesays.com\/it\/wp-json\/wp\/v2\/users\/3"}],"replies":[{"embeddable":true,"href":"https:\/\/www.europesays.com\/it\/wp-json\/wp\/v2\/comments?post=155128"}],"version-history":[{"count":0,"href":"https:\/\/www.europesays.com\/it\/wp-json\/wp\/v2\/posts\/155128\/revisions"}],"wp:featuredmedia":[{"embeddable":true,"href":"https:\/\/www.europesays.com\/it\/wp-json\/wp\/v2\/media\/155129"}],"wp:attachment":[{"href":"https:\/\/www.europesays.com\/it\/wp-json\/wp\/v2\/media?parent=155128"}],"wp:term":[{"taxonomy":"category","embeddable":true,"href":"https:\/\/www.europesays.com\/it\/wp-json\/wp\/v2\/categories?post=155128"},{"taxonomy":"post_tag","embeddable":true,"href":"https:\/\/www.europesays.com\/it\/wp-json\/wp\/v2\/tags?post=155128"}],"curies":[{"name":"wp","href":"https:\/\/api.w.org\/{rel}","templated":true}]}}