{"id":155321,"date":"2025-10-09T11:23:09","date_gmt":"2025-10-09T11:23:09","guid":{"rendered":"https:\/\/www.europesays.com\/it\/155321\/"},"modified":"2025-10-09T11:23:09","modified_gmt":"2025-10-09T11:23:09","slug":"litalia-affrontera-il-cile-il-22-novembre-a-genova","status":"publish","type":"post","link":"https:\/\/www.europesays.com\/it\/155321\/","title":{"rendered":"L\u2019Italia affronter\u00e0 il Cile il 22 novembre a Genova"},"content":{"rendered":"\n<p style=\"font-size:18px\">World Rugby ha confermato di aver apportato una modifica al calendario internazionale: il Cile sostituir\u00e0 Samoa nell\u2019incontro contro l\u2019Italia in programma a Genova il 22 novembre, nell\u2019ambito delle Quilter Nations Series, dopo la qualificazione dei sudamericani alla Rugby World Cup 2027.<\/p>\n<p style=\"font-size:18px\">La partita rappresenter\u00e0 il primo storico test match tra Italia e Cile, in una citt\u00e0 che ospita con orgoglio una vivace comunit\u00e0 sudamericana.<\/p>\n<p style=\"font-size:18px\">La decisione, raggiunta di comune accordo tra le tre federazioni nazionali, World Rugby ed il Sei Nazioni quale organizzatore delle Quilter Nations Series a seguito di una richiesta da parte di Samoa, riflette le priorit\u00e0 in evoluzione sia per il Cile che per Samoa nel loro percorso verso la qualificazione alla Rugby World Cup 2027.<\/p>\n<p style=\"font-size:18px\">Il Cile ha conquistato la qualificazione dopo una combattuta doppia sfida contro Samoa, assicurandosi cos\u00ec un posto alla Rugby World Cup 2027 in Australia \u2014 la sua seconda partecipazione consecutiva al massimo palcoscenico del rugby mondiale.<\/p>\n<p style=\"font-size:18px\">Samoa, dal canto suo, sta concentrando tutte le proprie risorse ed energie nella preparazione del Torneo di Qualificazione Finale alla Rugby World Cup 2027, in programma a Dubai dall\u20198 al 18 novembre.\u00a0<\/p>\n<p style=\"font-size:18px\">Il Chief Executive Officer di World Rugby, Alan Gilpin, ha dichiarato: \u201cSiamo profondamente grati per la collaborazione e la comprensione dimostrate da tutte le federazioni coinvolte e in particolare alla FIR ed al Sei Nazioni per aver accettato la modifica al calendario.<\/p>\n<p style=\"font-size:18px\">Il Cile, fresco di qualificazione alla Rugby World Cup 2027 e alla Nations Cup 2026, \u00e8 una squadra entusiasmante e in rapida crescita nel panorama del rugby mondiale, e accoglier\u00e0 con entusiasmo l\u2019opportunit\u00e0 di affrontare l\u2019Italia in questo storico test.<\/p>\n<p style=\"font-size:18px\">\u201cComprendiamo la delusione dei tifosi samoani nel non poter vedere la propria squadra in azione in Europa a novembre, ma riconosciamo pienamente la necessit\u00e0 per Samoa di concentrare i propri sforzi e risorse sul torneo di qualificazione finale alla Rugby World Cup 2027\u201d.<\/p>\n<p>Tom Harrison, Chief Executive Officer di Six Nations, ha aggiunto: \u201cUn ringraziamento all\u2019Italia per la collaborazione nell\u2019accogliere una modifica al proprio calendario delle Quilter Nations Series del prossimo novembre. Il Cile rappresenta un\u2019emozionate aggiunta alla finestra d\u2019autunno, portando la propria cultura e identit\u00e0 nelle Series, mentre viene garantita loro un\u2019opportunit\u00e0 di crescita mentre costruisce la propria strada verso la Rugby World Cup in Australia\u201d.<\/p>\n<p style=\"font-size:18px\">Il Presidente della FIR Andrea Duodo ha dichiarato: \u201cAccogliamo questo cambio di calendario come una grande opportunit\u00e0 per portare una sfida inedita sulla scena internazionale, in una citt\u00e0 dalla grande passione sportiva. Genova \u00e8 stata teatro sin dagli Anni \u201930 di alcuni test-match storici e ospita un\u2019orgogliosa comunit\u00e0 sudamericana, che siamo certi contribuir\u00e0 insieme ai nostri tifosi a creare un clima di festa sugli spalti del \u201cFerraris\u201d, dando vita al contesto ideale per un fantastico incontro di rugby\u201d.<\/p>\n<p><strong>Nota:\u00a0<\/strong>la Federazione Italiana Rugby informa tutti coloro che abbiano acquistato biglietti per Italia v Samoa presso la Biglietteria FIR e che desiderassero ricevere un rimborso che sar\u00e0 possibile effettuare richiesta dalle ore 15 di luned\u00ec 13 alle ore 15 di luned\u00ec 27 ottobre inviando una mail a\u00a0<a href=\"https:\/\/federugby.it\/litalia-affrontera-il-cile-il-22-novembre-a-genova\/mailto:biglietteria@federugby.it\" rel=\"nofollow noopener\" target=\"_blank\">biglietteria@federugby.it<\/a>.\u00a0<br \/>Successivamente a tale data, tutti i biglietti emessi e non rimborsati saranno automaticamente validi quali titoli d\u2019accesso per Italia v Cile.<\/p>\n<p>Tutti gli acquirenti di biglietteria online riceveranno da TicketOne una comunicazione a mezzo email con tutte le informazioni per procedere con la richiesta di rimborso.<\/p>\n<p style=\"font-size:18px\">Nel caso in cui si volesse procedere con la richiesta di annullo, baster\u00e0 rispondere all\u2019e_mail ricevuta da TicketOne entro e non oltre le ore 15:00 di luned\u00ec 27 ottobre, indicando il proprio numero d\u2019ordine. Sar\u00e0 possibile anche annullare solo determinati biglietti del proprio ordine.<br \/>Nel caso in cui si desiderasse comunque partecipare all\u2019evento i biglietti gi\u00e0 acquistati sono validi per l\u2019accesso.<\/p>\n","protected":false},"excerpt":{"rendered":"World Rugby ha confermato di aver apportato una modifica al calendario internazionale: il Cile sostituir\u00e0 Samoa nell\u2019incontro contro&hellip;\n","protected":false},"author":3,"featured_media":155322,"comment_status":"","ping_status":"","sticky":false,"template":"","format":"standard","meta":{"footnotes":""},"categories":[1458],"tags":[1537,90,89,1840,245,244],"class_list":{"0":"post-155321","1":"post","2":"type-post","3":"status-publish","4":"format-standard","5":"has-post-thumbnail","7":"category-rugby","8":"tag-it","9":"tag-italia","10":"tag-italy","11":"tag-rugby","12":"tag-sport","13":"tag-sports"},"share_on_mastodon":{"url":"","error":""},"_links":{"self":[{"href":"https:\/\/www.europesays.com\/it\/wp-json\/wp\/v2\/posts\/155321","targetHints":{"allow":["GET"]}}],"collection":[{"href":"https:\/\/www.europesays.com\/it\/wp-json\/wp\/v2\/posts"}],"about":[{"href":"https:\/\/www.europesays.com\/it\/wp-json\/wp\/v2\/types\/post"}],"author":[{"embeddable":true,"href":"https:\/\/www.europesays.com\/it\/wp-json\/wp\/v2\/users\/3"}],"replies":[{"embeddable":true,"href":"https:\/\/www.europesays.com\/it\/wp-json\/wp\/v2\/comments?post=155321"}],"version-history":[{"count":0,"href":"https:\/\/www.europesays.com\/it\/wp-json\/wp\/v2\/posts\/155321\/revisions"}],"wp:featuredmedia":[{"embeddable":true,"href":"https:\/\/www.europesays.com\/it\/wp-json\/wp\/v2\/media\/155322"}],"wp:attachment":[{"href":"https:\/\/www.europesays.com\/it\/wp-json\/wp\/v2\/media?parent=155321"}],"wp:term":[{"taxonomy":"category","embeddable":true,"href":"https:\/\/www.europesays.com\/it\/wp-json\/wp\/v2\/categories?post=155321"},{"taxonomy":"post_tag","embeddable":true,"href":"https:\/\/www.europesays.com\/it\/wp-json\/wp\/v2\/tags?post=155321"}],"curies":[{"name":"wp","href":"https:\/\/api.w.org\/{rel}","templated":true}]}}