{"id":155511,"date":"2025-10-09T13:20:09","date_gmt":"2025-10-09T13:20:09","guid":{"rendered":"https:\/\/www.europesays.com\/it\/155511\/"},"modified":"2025-10-09T13:20:09","modified_gmt":"2025-10-09T13:20:09","slug":"ic-giuliana-saladino-donati-libri-giochi-e-materiale-didattico","status":"publish","type":"post","link":"https:\/\/www.europesays.com\/it\/155511\/","title":{"rendered":"IC Giuliana Saladino, donati libri, giochi e materiale didattico"},"content":{"rendered":"<p>A cura della FLC CGIL Palermo<\/p>\n<p>Altra giornata di festa e solidariet\u00e0 all&#8217;Ic Giuliana Saladino di Palermo, dove la FLC CGIL Palermo ha consegnato stamattina un vasto assortimento di libri, giochi didattici, astucci, ai piccoli alunni e alunne della scuola primaria e della scuola dell\u2019infanzia.<\/p>\n<p>Erano\u00a0presenti\u00a0il dirigente scolastico Giusto Catania e Fabio Cirino e Francesco Amorello,della FLC CGIL Palermo, Francesco Valentino\u00a0e\u00a0Luigi Zangara, titolare di Leggo e Gioco e distributore Promo Libri,\u00a0che hanno lanciato l\u2019idea della donazione\u00a0attraverso la piattaforma \u201cla Scuola che vogliamo\u201d della FLC CGIL Palermo.<\/p>\n<p>\u201cSiamo veramente felici di aver attivato un circolo virtuoso di solidariet\u00e0 che speriamo contagi sempre pi\u00f9 persone \u2013 afferma il segretario FLC CGIL Palermo Fabio Cirino &#8211; Le comunit\u00e0 si reggono sulle comunit\u00e0 e sulle persone che le fanno vivere, i gesti di altruismo sono fondamentali e vitali perch\u00e9 generano bene comune. Replicheremo altre iniziative perch\u00e9 la solidariet\u00e0 si autoalimenta. Un sentito ringraziamento alla libreria, con la quale abbiamo avviato il percorso che nei giorni scorsi ci ha gi\u00e0 visti all\u2019Ic Falcone allo Zen e all\u2019Ic Sperone Pertini a Brancaccio\u201d.<\/p>\n","protected":false},"excerpt":{"rendered":"A cura della FLC CGIL Palermo Altra giornata di festa e solidariet\u00e0 all&#8217;Ic Giuliana Saladino di Palermo, dove&hellip;\n","protected":false},"author":3,"featured_media":155512,"comment_status":"","ping_status":"","sticky":false,"template":"","format":"standard","meta":{"footnotes":""},"categories":[1445],"tags":[49731,1608,203,204,1537,90,89,1609,5907],"class_list":{"0":"post-155511","1":"post","2":"type-post","3":"status-publish","4":"format-standard","5":"has-post-thumbnail","7":"category-libri","8":"tag-alunni-studenti","9":"tag-books","10":"tag-entertainment","11":"tag-intrattenimento","12":"tag-it","13":"tag-italia","14":"tag-italy","15":"tag-libri","16":"tag-solidarieta"},"share_on_mastodon":{"url":"","error":""},"_links":{"self":[{"href":"https:\/\/www.europesays.com\/it\/wp-json\/wp\/v2\/posts\/155511","targetHints":{"allow":["GET"]}}],"collection":[{"href":"https:\/\/www.europesays.com\/it\/wp-json\/wp\/v2\/posts"}],"about":[{"href":"https:\/\/www.europesays.com\/it\/wp-json\/wp\/v2\/types\/post"}],"author":[{"embeddable":true,"href":"https:\/\/www.europesays.com\/it\/wp-json\/wp\/v2\/users\/3"}],"replies":[{"embeddable":true,"href":"https:\/\/www.europesays.com\/it\/wp-json\/wp\/v2\/comments?post=155511"}],"version-history":[{"count":0,"href":"https:\/\/www.europesays.com\/it\/wp-json\/wp\/v2\/posts\/155511\/revisions"}],"wp:featuredmedia":[{"embeddable":true,"href":"https:\/\/www.europesays.com\/it\/wp-json\/wp\/v2\/media\/155512"}],"wp:attachment":[{"href":"https:\/\/www.europesays.com\/it\/wp-json\/wp\/v2\/media?parent=155511"}],"wp:term":[{"taxonomy":"category","embeddable":true,"href":"https:\/\/www.europesays.com\/it\/wp-json\/wp\/v2\/categories?post=155511"},{"taxonomy":"post_tag","embeddable":true,"href":"https:\/\/www.europesays.com\/it\/wp-json\/wp\/v2\/tags?post=155511"}],"curies":[{"name":"wp","href":"https:\/\/api.w.org\/{rel}","templated":true}]}}