{"id":155617,"date":"2025-10-09T14:24:11","date_gmt":"2025-10-09T14:24:11","guid":{"rendered":"https:\/\/www.europesays.com\/it\/155617\/"},"modified":"2025-10-09T14:24:11","modified_gmt":"2025-10-09T14:24:11","slug":"mai-sentito-una-roba-del-genere","status":"publish","type":"post","link":"https:\/\/www.europesays.com\/it\/155617\/","title":{"rendered":"Mai sentito una roba del genere"},"content":{"rendered":"<p>Due boati, a pochi secondi l&#8217;uno dall&#8217;altro, hanno scosso Forl\u00ec. Il fatto \u00e8 avvenuto nel primo pomeriggio di gioved\u00ec, intorno alle 15.05. Forte la paura tra gli abitanti, che hanno cominciato a chiedersi increduli cosa fosse accaduto. \u201cMai sentito una roba del genere\u201d, le reazioni. Diverse le segnalazioni al 115, ma non sono giunte richieste d&#8217;intervento. Non si esclude che possa trattarsi di un bang supersonico. In sottofondo \u00e8 stato udito un rumore da aereo.\u00a0<\/p>\n<p><a href=\"https:\/\/www.forlitoday.it\/signup\/premium-products\/?source=subscribe\" target=\"_blank\" rel=\"nofollow noopener\"><strong>Abbonati alla sezione di inchieste Dossier di Forl\u00ecToday<\/strong><\/a><\/p>\n<p>Come accade in questi circostanze, tante persone si sono allarmate per il \u201cbotto improvviso\u201d, associandolo alla paura di qualche esplosione o di qualche grave incidente in un&#8217;azienda. Tantissime le segnalazioni giunte alla redazione, che hanno parlato anche di vibrazioni. Dalla sala operativa dei Vigili del Fuoco hanno escluso un&#8217;esplosione in citt\u00e0.\u00a0<\/p>\n<p><a href=\"https:\/\/whatsapp.com\/channel\/0029VaJxQeX2f3ES4TmmQI08\" rel=\"nofollow noopener\" target=\"_blank\"><strong>Leggi le notizie di Forl\u00ecToday su WhatsApp: iscriviti al canale<\/strong><\/a><\/p>\n<p>L&#8217;ipotesi pi\u00f9 verosimile \u00e8 quella del bang supersonico. Si tratta del suono prodotto da un oggetto che si muove in un fluido con velocit\u00e0 superiore alla velocit\u00e0 del suono, che \u00e8 di circa 332 metri al secondo, pari a circa 1195 chilometri orari.\u00a0<\/p>\n<p>\u00a0<\/p>\n","protected":false},"excerpt":{"rendered":"Due boati, a pochi secondi l&#8217;uno dall&#8217;altro, hanno scosso Forl\u00ec. Il fatto \u00e8 avvenuto nel primo pomeriggio di&hellip;\n","protected":false},"author":3,"featured_media":155618,"comment_status":"","ping_status":"","sticky":false,"template":"","format":"standard","meta":{"footnotes":""},"categories":[79],"tags":[96185,14,93,94,1537,90,89,7,15,11,84,91,12,85,92],"class_list":{"0":"post-155617","1":"post","2":"type-post","3":"status-publish","4":"format-standard","5":"has-post-thumbnail","7":"category-italia","8":"tag-boati","9":"tag-cronaca","10":"tag-cronaca-italiana","11":"tag-cronacaitaliana","12":"tag-it","13":"tag-italia","14":"tag-italy","15":"tag-news","16":"tag-notizie","17":"tag-ultime-notizie","18":"tag-ultime-notizie-e-news-di-oggi","19":"tag-ultime-notizie-italia","20":"tag-ultimenotizie","21":"tag-ultimenotizieenewsdioggi","22":"tag-ultimenotizieitalia"},"share_on_mastodon":{"url":"","error":""},"_links":{"self":[{"href":"https:\/\/www.europesays.com\/it\/wp-json\/wp\/v2\/posts\/155617","targetHints":{"allow":["GET"]}}],"collection":[{"href":"https:\/\/www.europesays.com\/it\/wp-json\/wp\/v2\/posts"}],"about":[{"href":"https:\/\/www.europesays.com\/it\/wp-json\/wp\/v2\/types\/post"}],"author":[{"embeddable":true,"href":"https:\/\/www.europesays.com\/it\/wp-json\/wp\/v2\/users\/3"}],"replies":[{"embeddable":true,"href":"https:\/\/www.europesays.com\/it\/wp-json\/wp\/v2\/comments?post=155617"}],"version-history":[{"count":0,"href":"https:\/\/www.europesays.com\/it\/wp-json\/wp\/v2\/posts\/155617\/revisions"}],"wp:featuredmedia":[{"embeddable":true,"href":"https:\/\/www.europesays.com\/it\/wp-json\/wp\/v2\/media\/155618"}],"wp:attachment":[{"href":"https:\/\/www.europesays.com\/it\/wp-json\/wp\/v2\/media?parent=155617"}],"wp:term":[{"taxonomy":"category","embeddable":true,"href":"https:\/\/www.europesays.com\/it\/wp-json\/wp\/v2\/categories?post=155617"},{"taxonomy":"post_tag","embeddable":true,"href":"https:\/\/www.europesays.com\/it\/wp-json\/wp\/v2\/tags?post=155617"}],"curies":[{"name":"wp","href":"https:\/\/api.w.org\/{rel}","templated":true}]}}