{"id":155625,"date":"2025-10-09T14:29:12","date_gmt":"2025-10-09T14:29:12","guid":{"rendered":"https:\/\/www.europesays.com\/it\/155625\/"},"modified":"2025-10-09T14:29:12","modified_gmt":"2025-10-09T14:29:12","slug":"piccoli-ricoverati-in-utin-sono-in-buone-condizioni","status":"publish","type":"post","link":"https:\/\/www.europesays.com\/it\/155625\/","title":{"rendered":"piccoli ricoverati in Utin, sono in buone condizioni"},"content":{"rendered":"<p style=\"text-align:justify;\">LECCE \u2013 Le gravidanze trigemine, riportano le statistiche, sono molto rare: secondo la letteratura medica quelle spontanee sono eventi che si verificano una volta su 10mila, mentre sono appena pi\u00f9 frequenti quelle legate ai casi di procreazione medicalmente assistita. In ogni caso, sono una rarit\u00e0.<\/p>\n<p style=\"text-align:justify;\">Nell\u2019ospedale \u201cVito Fazzi\u201d di Lecce sono state ben due le gravidanze di questo tipo nelle ultime settimane, informa una nota di Asl Lecce. I casi hanno coinvolto i reparti di Ostetricia e Ginecologia e Neonatologia, dove opera anche l\u2019Unit\u00e0 di terapia intensiva neonatale (Utin). Nel primo i tre bambini sono nati alla 28esima settimana, quindi con un grado di prematurit\u00e0 giudicata severa che \u00e8 stata gradualmente superata anche se i piccoli sono ancora ricoverati presso la Utin che \u00e8 il polo di riferimento per tutti gli ospedali del territorio coperti dal Servizio di trasporto d\u2019emergenza del neonato (Sten).<\/p>\n<p style=\"text-align:justify;\">Nel secondo caso il decorso \u00e8 stato pi\u00f9 regolare: due bimbe e un maschietto sono nati alla 34esima settimana, ragion per cui si stimano tempi di degenza pi\u00f9 brevi. Importante, sottolinea Asl, \u00e8 stata la condivisione del percorso organizzativo e del timing del parto ha consentito di ottenere la piena disponibilit\u00e0 di posti-letto in terapia intensiva per tutti e sei i bambini evitando trasferimenti di madri e bambini in sedi lontane.<\/p>\n<p style=\"text-align:justify;\">LeccePrima \u00e8 anche su Whatsapp. <a href=\"https:\/\/www.whatsapp.com\/channel\/0029VaGh03R4inorimgaQX0C\" rel=\"nofollow noopener\" target=\"_blank\">Seguici sul nostro canale.<\/a><\/p>\n","protected":false},"excerpt":{"rendered":"LECCE \u2013 Le gravidanze trigemine, riportano le statistiche, sono molto rare: secondo la letteratura medica quelle spontanee sono&hellip;\n","protected":false},"author":3,"featured_media":155626,"comment_status":"","ping_status":"","sticky":false,"template":"","format":"standard","meta":{"footnotes":""},"categories":[1480],"tags":[1045,1944,8591,1232,239,1537,90,89,272,28529,40817,64897,240,1942,1943,96186,70294,1940,1941],"class_list":{"0":"post-155625","1":"post","2":"type-post","3":"status-publish","4":"format-standard","5":"has-post-thumbnail","7":"category-salute-femminile","8":"tag-casi","9":"tag-femminile","10":"tag-ginecologia","11":"tag-gravidanza","12":"tag-health","13":"tag-it","14":"tag-italia","15":"tag-italy","16":"tag-nascita","17":"tag-neonatologia","18":"tag-ostetricia","19":"tag-procreazione","20":"tag-salute","21":"tag-salute-femminile","22":"tag-salutefemminile","23":"tag-sten","24":"tag-vita","25":"tag-womens-health","26":"tag-womenshealth"},"share_on_mastodon":{"url":"","error":""},"_links":{"self":[{"href":"https:\/\/www.europesays.com\/it\/wp-json\/wp\/v2\/posts\/155625","targetHints":{"allow":["GET"]}}],"collection":[{"href":"https:\/\/www.europesays.com\/it\/wp-json\/wp\/v2\/posts"}],"about":[{"href":"https:\/\/www.europesays.com\/it\/wp-json\/wp\/v2\/types\/post"}],"author":[{"embeddable":true,"href":"https:\/\/www.europesays.com\/it\/wp-json\/wp\/v2\/users\/3"}],"replies":[{"embeddable":true,"href":"https:\/\/www.europesays.com\/it\/wp-json\/wp\/v2\/comments?post=155625"}],"version-history":[{"count":0,"href":"https:\/\/www.europesays.com\/it\/wp-json\/wp\/v2\/posts\/155625\/revisions"}],"wp:featuredmedia":[{"embeddable":true,"href":"https:\/\/www.europesays.com\/it\/wp-json\/wp\/v2\/media\/155626"}],"wp:attachment":[{"href":"https:\/\/www.europesays.com\/it\/wp-json\/wp\/v2\/media?parent=155625"}],"wp:term":[{"taxonomy":"category","embeddable":true,"href":"https:\/\/www.europesays.com\/it\/wp-json\/wp\/v2\/categories?post=155625"},{"taxonomy":"post_tag","embeddable":true,"href":"https:\/\/www.europesays.com\/it\/wp-json\/wp\/v2\/tags?post=155625"}],"curies":[{"name":"wp","href":"https:\/\/api.w.org\/{rel}","templated":true}]}}