{"id":155638,"date":"2025-10-09T14:39:10","date_gmt":"2025-10-09T14:39:10","guid":{"rendered":"https:\/\/www.europesays.com\/it\/155638\/"},"modified":"2025-10-09T14:39:10","modified_gmt":"2025-10-09T14:39:10","slug":"affari-tuoi-farei-il-doppio-di-lui-la-somiglianza-con-belen","status":"publish","type":"post","link":"https:\/\/www.europesays.com\/it\/155638\/","title":{"rendered":"&#8220;Affari Tuoi? Farei il doppio di lui&#8221;. La somiglianza con Belen"},"content":{"rendered":"<p style=\"font-weight: 400\">Tra una risata e una battuta pungente,<strong> Valentina Persia<\/strong> si prepara a conquistare il Nove con il suo nuovo show Sinceramente Persia \u2013 One Milf Show.<\/p>\n<p style=\"font-weight: 400\">E se da una parte c\u2019\u00e8 la sfida tra i grandi volti della tv italiana, dall\u2019altra la comica non si fa problemi a lanciare <strong>qualche commento<\/strong> ben calibrato:<strong> Stefano De Martino<\/strong> incluso.<\/p>\n<p><strong>Valentina Persia, il commento pungente su Stefano De Martino<\/strong><\/p>\n<p style=\"font-weight: 400\">Comica pungente, barzellettiera e padrona di casa di Sinceramente Persia \u2013 One Milf Show. <strong>Valentina Persia<\/strong> \u00e8 pronta per volare sul Nove con<strong> quattro puntate<\/strong> di uno show che la vede accanto a Omar Fantini e Alessio Viola.<\/p>\n<p style=\"font-weight: 400\">Ma non solo: in ogni puntata <strong>ospiti diversi<\/strong>, pronti a mettersi in gioco davanti a una delle voci della comicit\u00e0 pi\u00f9 irriverenti d\u2019Italia. E proprio nella prima puntata, a prendere parte allo show<a href=\"https:\/\/dilei.it\/spettacolo\/valentina-persia-cosa-parla-nuovo-show-che-avra-ospite-belen-rodriguez\/1884663\/\" rel=\"nofollow noopener\" target=\"_blank\"> c\u2019\u00e8 Belen Rodriguez<\/a>, sempre sotto i riflettori nel bene o nel male.<\/p>\n<p style=\"font-weight: 400\">Con ospiti importanti come la showgirl, il pensiero di riuscire a portare a casa un prodotto che vale, anche in termini di share, \u00e8 un punto che interessa, ma non pi\u00f9 di <strong>ritrovare il calore e l\u2019affetto dei fan<\/strong> che l\u2019hanno sempre seguita nelle piazze e nei teatri.<\/p>\n<blockquote class=\"instagram-media\" data-instgrm-captioned=\"\" data-instgrm-permalink=\"https:\/\/www.instagram.com\/p\/DPBCR_0Ah4Y\/?utm_source=ig_embed&amp;utm_campaign=loading\" data-instgrm-version=\"14\" style=\" background:#FFF; border:0; border-radius:3px; box-shadow:0 0 1px 0 rgba(0,0,0,0.5),0 1px 10px 0 rgba(0,0,0,0.15); margin: 1px; max-width:100%; min-width:326px; padding:0; width:99.375%; width:-webkit-calc(100% - 2px); width:calc(100% - 2px);\"\/>\n<p style=\"font-weight: 400\">Ora la comica si prepara a una nuova sfida televisiva, un mondo che osserva con occhio critico e ironico. E non manca un commento sul confronto tra Affari Tuoi con <a href=\"https:\/\/dilei.it\/star-e-vip\/stefano-de-martino\/\" rel=\"nofollow noopener\" target=\"_blank\">Stefano De Martino<\/a> e La Ruota della Fortuna di <a href=\"https:\/\/dilei.it\/star-e-vip\/gerry-scotti\/\" rel=\"nofollow noopener\" target=\"_blank\">Gerry Scotti<\/a>, con qualche commento piccato al conduttore napoletano.<\/p>\n<p style=\"font-weight: 400\">In un\u2019intervista per Fanpage ha raccontato: \u201c\u00c8 <strong>bello che ci sia competizione<\/strong>, \u00e8 sempre stato cos\u00ec, \u00e8 come il paese, la citt\u00e0, \u00e8 un derby. Un derby mediatico. Da una parte c\u2019\u00e8 un ragazzo con un programma che funziona come Affari Tuoi. Che poi, penso che <strong>se ci vado io faccio il doppio di Stefano De Martino<\/strong> \u2013 mo\u2019 per ridere, voglio dire. Lui ha una cazzimma particolare, \u00e8 napoletano, \u00e8 figo, le concorrenti sono tutte fighe. Ecco una cosa la voglio dire\u201d.<\/p>\n<p style=\"font-weight: 400\">Valentina riconosce per\u00f2 anche i meriti del conduttore: \u201cC\u2019\u00e8 stato uno switch proprio per dare una ringiovanita e far appassionare anche i giovani a questo programma. Devo dire che lui <strong>\u00e8 un mattatore,<\/strong> l\u2019ha saputo fare bene. Ma dalla parte sua c\u2019\u00e8 anche una napoletanit\u00e0 che lo aiuta molto, non ci possiamo trincerare dietro un dito. Lui ha una facilit\u00e0 di dialogo<strong>, \u00e8 sornione<\/strong>, ha una bella faccia da figlio e\u2019ntrocchia\u201d.<\/p>\n<p style=\"font-weight: 400\">E, parlando di Gerry Scotti: \u201cDall\u2019altra parte<strong> c\u2019\u00e8 un gigante<\/strong>, ragazzi, c\u2019\u00e8 un titanio che comunque si porta avanti anni e anni d\u2019esperienza, sa come arrivare nelle case.<strong> Gerry Scotti \u00e8 fortissimo<\/strong>. Poi veramente stiamo parlando dei numeri, che sono alti. \u00c8 vero che c\u2019\u00e8 competizione, ma stanno andando bene tutti e due. Non si pu\u00f2 lamentare n\u00e9 la Rai e manco Mediaset\u201d.<\/p>\n<p style=\"font-weight: 400\">Due conduttori diversi, con stili e personalit\u00e0 uniche, ma entrambi capaci di far brillare i loro programmi. Ma se Valentina dovesse scegliere cosa guardare all\u2019ora di cena, non ha dubbi:<strong> resta fedele all\u2019affetto di Canale 5<\/strong>.<\/p>\n<p><strong>Valentina Persia in tv con Belen: cos\u2019hanno in comune<\/strong><\/p>\n<p style=\"font-weight: 400\">Ma Valentina Persia ha anche voluto commentare la presenza di Belen come prima ospite dello show: una personalit\u00e0, la sua, che ha sempre qualcosa da dire e che sembra avere un punto d\u2019incontro molto particolare con lei.<\/p>\n<p style=\"font-weight: 400\">\u00a0\u201cAbbiamo molto in comune. <strong>Non ce ne frega un ca**o n\u00e9 a me n\u00e9 a lei<\/strong>. Ce lo siamo detto molto chiaro. Lei per un\u2019esposizione anche fisica, mediatica di quello che \u00e8 il suo personaggio. Io quando conosco queste persone che sono mediaticamente esposte, messe un po\u2019 alla berlina, diciamolo, per fare un omaggio al grande De Andr\u00e9 quando diceva \u2018le cagne a cui ha sottratto l\u2019osso\u2019, per citare Bocca di rosa\u201d.<\/p>\n<p style=\"font-weight: 400\">Valentina prosegue spiegando la sua filosofia: \u201cIo<strong> non sono una che giudica<\/strong>, soprattutto da quando sono diventata madre. Non me ne frega niente di quello che uno decide di fare nella sua vita purch\u00e9 non venga a ledere la mia. Fa bene a fare quello che fa,<strong> \u00e8 una donna che rispetto<\/strong>, non vado l\u00ec a guardarla dall\u2019alto in basso, come fanno alcuni. Rispetto chi riesce ad andare nel profondo di uno spessore e di una testa che veramente \u00e8 <strong>una macchina da guerra<\/strong>\u201d.<\/p>\n<p>\t<script async src=\"\/\/www.instagram.com\/embed.js\"><\/script><\/p>\n","protected":false},"excerpt":{"rendered":"Tra una risata e una battuta pungente, Valentina Persia si prepara a conquistare il Nove con il suo&hellip;\n","protected":false},"author":3,"featured_media":155639,"comment_status":"","ping_status":"","sticky":false,"template":"","format":"standard","meta":{"footnotes":""},"categories":[1451],"tags":[1621,1620,203,204,1537,90,89,1766,86],"class_list":{"0":"post-155638","1":"post","2":"type-post","3":"status-publish","4":"format-standard","5":"has-post-thumbnail","7":"category-celebrita","8":"tag-celebrita","9":"tag-celebrities","10":"tag-entertainment","11":"tag-intrattenimento","12":"tag-it","13":"tag-italia","14":"tag-italy","15":"tag-stefano-de-martino","16":"tag-vip"},"share_on_mastodon":{"url":"","error":""},"_links":{"self":[{"href":"https:\/\/www.europesays.com\/it\/wp-json\/wp\/v2\/posts\/155638","targetHints":{"allow":["GET"]}}],"collection":[{"href":"https:\/\/www.europesays.com\/it\/wp-json\/wp\/v2\/posts"}],"about":[{"href":"https:\/\/www.europesays.com\/it\/wp-json\/wp\/v2\/types\/post"}],"author":[{"embeddable":true,"href":"https:\/\/www.europesays.com\/it\/wp-json\/wp\/v2\/users\/3"}],"replies":[{"embeddable":true,"href":"https:\/\/www.europesays.com\/it\/wp-json\/wp\/v2\/comments?post=155638"}],"version-history":[{"count":0,"href":"https:\/\/www.europesays.com\/it\/wp-json\/wp\/v2\/posts\/155638\/revisions"}],"wp:featuredmedia":[{"embeddable":true,"href":"https:\/\/www.europesays.com\/it\/wp-json\/wp\/v2\/media\/155639"}],"wp:attachment":[{"href":"https:\/\/www.europesays.com\/it\/wp-json\/wp\/v2\/media?parent=155638"}],"wp:term":[{"taxonomy":"category","embeddable":true,"href":"https:\/\/www.europesays.com\/it\/wp-json\/wp\/v2\/categories?post=155638"},{"taxonomy":"post_tag","embeddable":true,"href":"https:\/\/www.europesays.com\/it\/wp-json\/wp\/v2\/tags?post=155638"}],"curies":[{"name":"wp","href":"https:\/\/api.w.org\/{rel}","templated":true}]}}