{"id":155712,"date":"2025-10-09T15:28:14","date_gmt":"2025-10-09T15:28:14","guid":{"rendered":"https:\/\/www.europesays.com\/it\/155712\/"},"modified":"2025-10-09T15:28:14","modified_gmt":"2025-10-09T15:28:14","slug":"italiani-noto-dopo-linseguimento-magagnotti-si-prende-anche-il-km-da-fermo","status":"publish","type":"post","link":"https:\/\/www.europesays.com\/it\/155712\/","title":{"rendered":"ITALIANI NOTO. DOPO L&#8217;INSEGUIMENTO MAGAGNOTTI SI PRENDE ANCHE IL KM DA FERMO"},"content":{"rendered":"<p>            <a class=\"category\" href=\"https:\/\/www.tuttobiciweb.it\/articles\/category\/PISTA\" itemprop=\"about\" rel=\"nofollow noopener\" target=\"_blank\">PISTA<\/a> | 09\/10\/2025 | 11:18<\/p>\n<p>Arriva il bis tricolore per Alessio Magagnotti. Il trentino di Avio, gi\u00e0 vincitore del titolo nell&#8217;inseguimento individuale juniores, ha conquistato la medaglia d&#8217;oro nel Km da fermo con un tempo finale di 1&#8217;06&#8243;240. Alle spalle del portacolori della Autozai Contri (quarto titolo per la squadra di Vighini) si \u00e8 classificato il piemontese Alberto Veglia del Pool Cant\u00f9 GB Junior mentre la medaglia di bronzo \u00e8 appannaggio del lombardo Federico Saccani del team Aspiratori Otelli Alchem CWC.\n            <\/p>\n<p><\/p>\n<p>Copyright &amp;copy TBW<\/p>\n","protected":false},"excerpt":{"rendered":"PISTA | 09\/10\/2025 | 11:18 Arriva il bis tricolore per Alessio Magagnotti. Il trentino di Avio, gi\u00e0 vincitore&hellip;\n","protected":false},"author":3,"featured_media":155713,"comment_status":"","ping_status":"","sticky":false,"template":"","format":"standard","meta":{"footnotes":""},"categories":[1456],"tags":[6026,1824,1825,1537,90,89,96242,245,244],"class_list":{"0":"post-155712","1":"post","2":"type-post","3":"status-publish","4":"format-standard","5":"has-post-thumbnail","7":"category-ciclismo","8":"tag-campionato-italiano","9":"tag-ciclismo","10":"tag-cycling","11":"tag-it","12":"tag-italia","13":"tag-italy","14":"tag-km-da-fermo","15":"tag-sport","16":"tag-sports"},"share_on_mastodon":{"url":"","error":""},"_links":{"self":[{"href":"https:\/\/www.europesays.com\/it\/wp-json\/wp\/v2\/posts\/155712","targetHints":{"allow":["GET"]}}],"collection":[{"href":"https:\/\/www.europesays.com\/it\/wp-json\/wp\/v2\/posts"}],"about":[{"href":"https:\/\/www.europesays.com\/it\/wp-json\/wp\/v2\/types\/post"}],"author":[{"embeddable":true,"href":"https:\/\/www.europesays.com\/it\/wp-json\/wp\/v2\/users\/3"}],"replies":[{"embeddable":true,"href":"https:\/\/www.europesays.com\/it\/wp-json\/wp\/v2\/comments?post=155712"}],"version-history":[{"count":0,"href":"https:\/\/www.europesays.com\/it\/wp-json\/wp\/v2\/posts\/155712\/revisions"}],"wp:featuredmedia":[{"embeddable":true,"href":"https:\/\/www.europesays.com\/it\/wp-json\/wp\/v2\/media\/155713"}],"wp:attachment":[{"href":"https:\/\/www.europesays.com\/it\/wp-json\/wp\/v2\/media?parent=155712"}],"wp:term":[{"taxonomy":"category","embeddable":true,"href":"https:\/\/www.europesays.com\/it\/wp-json\/wp\/v2\/categories?post=155712"},{"taxonomy":"post_tag","embeddable":true,"href":"https:\/\/www.europesays.com\/it\/wp-json\/wp\/v2\/tags?post=155712"}],"curies":[{"name":"wp","href":"https:\/\/api.w.org\/{rel}","templated":true}]}}