{"id":155718,"date":"2025-10-09T15:32:17","date_gmt":"2025-10-09T15:32:17","guid":{"rendered":"https:\/\/www.europesays.com\/it\/155718\/"},"modified":"2025-10-09T15:32:17","modified_gmt":"2025-10-09T15:32:17","slug":"grella-milan-como-a-perth-e-unemozione-vedrete-quanta-gente-sara-un-evento-storico","status":"publish","type":"post","link":"https:\/\/www.europesays.com\/it\/155718\/","title":{"rendered":"Grella: &#8220;Milan-Como a Perth \u00e8 un&#8217;emozione. Vedrete quanta gente: sar\u00e0 un evento storico&#8221;"},"content":{"rendered":"<p>                                Il vice presidente e a.d. del Catania, club di propriet\u00e0 dell&#8217;imprenditore Ross Pelligra come il Perth Glory, parla della sfida tra rossoneri e lariani che si giocher\u00e0 a febbraio nel suo Paese natale. Poi sul Catania che sogna in grande: &#8220;Lavoriamo per tornare in Serie A&#8221;<\/p>\n<p>            <a class=\"image is-50x50\" href=\"https:\/\/www.gazzetta.it\/redazione\/andrea-ramazzotti\/\" rel=\"nofollow noopener\" target=\"_blank\"><br \/>\n                <img decoding=\"async\" class=\"is-rounded\" src=\"https:\/\/www.europesays.com\/it\/wp-content\/uploads\/2025\/09\/1758318970_756_andrea_ramazzotti.png\" alt=\"Andrea Ramazzotti\"\/><br \/>\n            <\/a><\/p>\n<p>Giornalista<\/p>\n<p>                    9 ottobre 2025 (modifica alle 17:08)  &#8211; MILANO<\/p>\n<p class=\"paragraph\" spellcheck=\"true\">Milan-Como che si giocher\u00e0 il 7 o l&#8217;8 febbraio 2026 a Perth. Vincenzo Grella la guarder\u00e0 con particolare attenzione, magari dagli spalti del Perth Stadium. Il vice presidente e ad del Catania gi\u00e0 la scorsa estate \u00e8 tornato nel suo Paese di nascita, l&#8217;Australia, per assistere al match amichevole tra i rossoneri e il Perth Glory, l&#8217;altra societ\u00e0 di propriet\u00e0 del numero uno del Catania, Rosario Pelligra. Per l&#8217;ad rossoazzurro, insomma, non sar\u00e0 una semplice partita visto che si mischiano le sue origini (\u00e8 nato Melbourne), il lavoro (in particolare il legame creato con l&#8217;imprenditore italo-australiano che dall&#8217;estate 2022 ha rilevato il Catania forte di un gruppo industriale, Il Pelligra Group, leader australiano nel campo edilizio, urbanistico e immobiliare) e il fascino che su di lui, ex giocatore di Empoli, Parma e altre, nonch\u00e9 amante del calcio italiano, ha sempre esercitato il Milan. \u00c8 Grella, che con Perth ha costanti contatti perch\u00e9 tra i due club di propriet\u00e0 di Pelligra lo scambio di informazioni \u00e8 quotidiano, a raccontarci l&#8217;atmosfera che attende la formazione di Allegri e le ambizioni della formazione di Toscano, decisa a tornare sfidare il Diavolo in Serie A come successo negli anni precedenti al fallimento.<\/p>\n<p class=\"paragraph\" spellcheck=\"true\"><b>Grella, partiamo dall&#8217;inizio e dalla sua nomina a vice presidente del Catania. Da dove \u00e8 nato tutto?<\/b>\u00a0<\/p>\n<p class=\"paragraph\" spellcheck=\"true\">&#8220;All&#8217;Empoli ho giocato con Mark Bresciano, australiano come me. Lui \u00e8 socio in affari e amico del presidente Pelligra che, prima che si presentasse l\u2019opportunit\u00e0 di rilevare il Catania, aveva valutato la possibilit\u00e0 di prendere un club del nord Italia. Mi sono incontrato con Pelligra e Bresciano per proporre loro di puntare sul Catania, ormai fallito. Le origini della famiglia Pelligra sono sicilianissime, tra le province di Catania e Siracusa, e l&#8217;operazione gli \u00e8 sembrata interessante fin dall&#8217;inizio perch\u00e9, pur dovendo iniziare dalla Serie D, c&#8217;era la possibilit\u00e0 di partire da zero, potendo contare su un bacino importante di tifosi come quello che la citt\u00e0 di Catania garantisce. Sapevo che c&#8217;erano le possibilit\u00e0 per lavorare bene&#8221;.\u00a0<\/p>\n<p class=\"paragraph\" spellcheck=\"true\">&#8220;Dopo due settimane nelle quali ha studiato la situazione e i conti del club, Pelligra \u00e8 venuto in Italia e in 24 ore ha chiuso l&#8217;operazione. All&#8217;inizio la situazione economica del club era complicata, con molte spese da affrontare. Al tempo stesso avevamo l\u2019obbligo di centrare l&#8217;obiettivo sportivo ovvero riportare il Catania tra i professionisti. Da quel giorno continuiamo a lavorare sodo con l\u2019idea fissa di riportarlo dove merita, in Serie A&#8221;.\u00a0<\/p>\n<p class=\"paragraph\" spellcheck=\"true\"><b>Al primo anno subito la promozione dalla Serie D alla C, ma poi due delusioni di fila ai playoff.<\/b>\u00a0<\/p>\n<p class=\"paragraph\" spellcheck=\"true\">&#8220;Nel calcio per ottenere risultati ci vogliono qualit\u00e0, perseveranza e stabilit\u00e0. Quando ci sono alti e bassi \u00e8 tutto pi\u00f9 difficile. Mese dopo mese la societ\u00e0 si \u00e8 strutturata sempre meglio e abbiamo lavorato tanto grazie all&#8217;inserimento nell&#8217;area dell&#8217;amministrazione e della gestione delle risorse umane di Alessandro Zarbano (ex Genoa, ndr) e nell&#8217;area della comunicazione di Giuseppe Sapienza (ex Inter, Milan e Genoa, ndr). Abbiamo migliorato lo staff medico e l\u2019area per il recupero atleti. Un anno fa non avevamo la forza che abbiamo adesso perch\u00e9 ora quotidianamente mi confronto con professionisti importanti che hanno passione e sanno come si lavora nel mondo del calcio. Sono molto fiducioso per il futuro: quando partiamo, non ci fermano pi\u00f9&#8230; O almeno lo spero (sorride, ndr). Il presidente, che negli ultimi due anni ha sofferto tanto, lo meriterebbe. Cercheremo di ripagare i suoi sacrifici vincendo il campionato. So bene cosa comporta dirlo, ma era il nostro obiettivo di inizio stagione ed \u00e8 anche l&#8217;obiettivo attuale. Puntiamo alla Serie B e a riacquisire il centro sportivo di Torre del Grifo per il quale abbiamo gi\u00e0 fatto una manifestazione d&#8217;interesse e nel mese di ottobre scopriremo se qualcun altro, che forse non fa del calcio il proprio core business, intende competere&#8221;.<\/p>\n<p class=\"paragraph\" spellcheck=\"true\"><b>Dopo otto giornate siete terzi nel girone C della Serie C alle spalle di Salernitana e Benevento. Un bel duello tra tre ex club di Serie A&#8230; Che campionato prevede?<\/b>\u00a0<\/p>\n<p class=\"paragraph\" spellcheck=\"true\">\u201cQuanti aggettivi posso usare? Direi uno solo, complicatissimo. Ma siamo in scia e intendiamo restare nelle posizioni di vertice fino alla fine. Ci sono anche altre squadre molto forti, fra cui le due calabresi. Nessun altro campionato in Italia \u00e8 cos\u00ec combattuto e incerto. Sar\u00e0 battaglia in ogni partita. La citt\u00e0, i tifosi, l\u2019ambiente rossazzurro unito ci daranno una forza in pi\u00f9. Al contrario, rischiamo di disperdere energie e di indebolirci\u201d.\u00a0<\/p>\n<p class=\"paragraph\" spellcheck=\"true\"><b>Da qualche settimana \u00e8 anche entrato nel consiglio direttivo di Lega Pro, qual \u00e8 il contributo che vuol portare?<\/b>\u00a0<\/p>\n<p class=\"paragraph\" spellcheck=\"true\">\u201cIntanto ringrazio il presidente Matteo Marani e i dirigenti delle altre societ\u00e0 che mi hanno indicato per questo ruolo importante. Prover\u00f2 a lavorare assieme a tutti gli altri per cercare di sviluppare, anche in chiave manageriale, i progetti di Lega Pro volti al miglioramento generale dei campionati sia nell\u2019aspetto organizzativo sia in quello di crescita dei ricavi e delle strutture\u201d.\u00a0<\/p>\n<p class=\"paragraph\" spellcheck=\"true\"><b>Torniamo in Australia, a Perth: come state sviluppando il progetto del Pelligra Group?<\/b>\u00a0<\/p>\n<p class=\"paragraph\" spellcheck=\"true\">&#8220;Stiamo facendo un lavoro grande. Il territorio intorno a Perth \u00e8 immenso e ci stiamo concentrando sulle affiliazioni di altri club: le cose stanno andando bene e ci sono ragazzini che ogni giorno si fanno anche a 2 ore di macchina per venire ad allenarsi. Abbiamo anche sviluppato centri di formazione legati al Perth Glory, un progetto che ha necessitato di un investimento non indifferente. Pelligra lo ha fatto perch\u00e9 crede nello sviluppo del vivaio e dei giovani di talento: ci vorranno 3-4-5 anni per vedere i risultati, ma arriveranno&#8221;.\u00a0<\/p>\n<p class=\"paragraph\" spellcheck=\"true\"><b>Com&#8217;\u00e8 il campionato australiano?<\/b>\u00a0<\/p>\n<p class=\"paragraph\" spellcheck=\"true\">&#8220;Il campionato australiano \u00e8 un torneo fisico e in crescita. L\u00ec, come nella MLS, il campionato di calcio americano, compri una franchigia e non retrocedi. Sono state messe le basi per un progetto calcistico di livello&#8221;.<\/p>\n<p class=\"paragraph\" spellcheck=\"true\"><b>Adesso il Milan torner\u00e0 a Perth dopo l&#8217;esperienza di fine luglio scorso. Che accoglienza trover\u00e0?<\/b>\u00a0<\/p>\n<p class=\"paragraph\" spellcheck=\"true\">&#8220;Tanti tifosi rossoneri che arriveranno da citt\u00e0 lontane diverse ore di aereo perch\u00e9 il Milan \u00e8 molto amato in Australia. Vedrete che ci sar\u00e0 una grande cornice di pubblico e Milan-Como diventer\u00e0 un evento storico che sar\u00e0 ricordato nel tempo, anche perch\u00e9 al presidente Pelligra stanno arrivando centinaia di richieste di biglietti anche da Cina, Indonesia, Nuova Zelanda oltre che dall\u2019Est Australia dove sono concentrate le citt\u00e0 pi\u00f9 grandi. Non dimentichiamoci che la propriet\u00e0 del Como \u00e8 molto forte e seguita in Oriente\u201d.\u00a0<\/p>\n<p class=\"paragraph\" spellcheck=\"true\"><b>Lei del Milan \u00e8 tifoso fin da ragazzino e lo ha anche sfidato in Serie A da calciatore.<\/b>\u00a0<\/p>\n<p class=\"paragraph\" spellcheck=\"true\">\u201cHo sempre tifato per i rossoneri. Mi affascinava Berlusconi, il suo modo di gestire la societ\u00e0, di acquistare i migliori in circolazione. Mi svegliavo alle 3 di notte per vedere da Melbourne le partite del Milan e da giovane tifoso mi sono tolto belle soddisfazioni. Poi quando sono venuto in Italia e ho sfidato il Milan a San Siro&#8230; \u00c8 difficile anche spiegare quello che ho provato&#8221;.\u202f   \u202f\u00a0<\/p>\n<p class=\"paragraph\" spellcheck=\"true\"><b>Chi erano i suoi idoli?<\/b>\u00a0<\/p>\n<p class=\"paragraph\" spellcheck=\"true\">&#8220;Ero fissato con Franco Baresi che mi ha sempre dato l\u2019impressione di giocare in scioltezza, ma anche George Weah era un fuoriclasse assoluto&#8221;.\u00a0<\/p>\n<p class=\"paragraph\" spellcheck=\"true\"><b>Il Milan al quale sono legati i ricordi pi\u00f9 belli?<\/b><\/p>\n<p class=\"paragraph\" spellcheck=\"true\">&#8220;Quello del 1998-99 che con Zaccheroni ha vinto uno scudetto incredibile. Speriamo succeda la stessa cosa con Allegri in panchina quest&#8217;anno: hanno scelto uno dei migliori tecnici possibili e per lui parlano i risultati. Sono contento dell&#8217;arrivo in estate di Tare, un direttore sportivo preparato che conosco e stimo&#8221;.<\/p>\n<p class=\"is-copyright\">\u00a9 RIPRODUZIONE RISERVATA<\/p>\n","protected":false},"excerpt":{"rendered":"Il vice presidente e a.d. del Catania, club di propriet\u00e0 dell&#8217;imprenditore Ross Pelligra come il Perth Glory, parla&hellip;\n","protected":false},"author":3,"featured_media":155719,"comment_status":"","ping_status":"","sticky":false,"template":"","format":"standard","meta":{"footnotes":""},"categories":[1452],"tags":[3076,1495,841,56355,3631,7376,67500,721,1856,96247,3753,554,96248,3705,1307,6927,5531,1533,451,96249,1595,1740,1974,3440,6298,96250,2250,96251,22395,96244,6399,48,5560,1302,1537,90,89,3776,109,72866,16563,13155,3783,2052,553,93921,2737,4052,809,811,13409,68208,1316,1290,94572,96252,22393,20609,7901,135,96245,96253,1465,6201,2851,14154,5389,3094,1821,87149,786,1739,1359,245,2284,244,7946,1886,6035,13636,1899,2959,17530,50200,96246],"class_list":{"0":"post-155718","1":"post","2":"type-post","3":"status-publish","4":"format-standard","5":"has-post-thumbnail","7":"category-calcio","8":"tag-allegri","9":"tag-altre","10":"tag-area","11":"tag-arriveranno","12":"tag-australia","13":"tag-australiano","14":"tag-bresciano","15":"tag-calcio","16":"tag-campionato","17":"tag-campionato-australiano","18":"tag-catania","19":"tag-club","20":"tag-club-proprieta","21":"tag-como","22":"tag-crescita","23":"tag-difficile","24":"tag-empoli","25":"tag-estate","26":"tag-evento","27":"tag-evento-storico","28":"tag-febbraio","29":"tag-football","30":"tag-formazione","31":"tag-forte","32":"tag-genoa","33":"tag-genoa-ndr","34":"tag-giochera","35":"tag-giochera-febbraio","36":"tag-glory","37":"tag-grella","38":"tag-group","39":"tag-importante","40":"tag-imprenditore","41":"tag-inizio","42":"tag-it","43":"tag-italia","44":"tag-italy","45":"tag-lavorare","46":"tag-lega","47":"tag-lega-pro","48":"tag-legati","49":"tag-melbourne","50":"tag-mese","51":"tag-migliori","52":"tag-milan","53":"tag-milan-como","54":"tag-nato","55":"tag-ndr","56":"tag-obiettivo","57":"tag-operazione","58":"tag-origini","59":"tag-partiamo","60":"tag-particolare","61":"tag-partita","62":"tag-pelligra","63":"tag-pelligra-group","64":"tag-perth","65":"tag-perth-glory","66":"tag-possibilita","67":"tag-presidente","68":"tag-presidente-catania","69":"tag-presidente-pelligra","70":"tag-pro","71":"tag-professionisti","72":"tag-progetto","73":"tag-proprieta","74":"tag-risultati","75":"tag-rossoneri","76":"tag-serie","77":"tag-sfidato","78":"tag-situazione","79":"tag-soccer","80":"tag-societa","81":"tag-sport","82":"tag-sportivo","83":"tag-sports","84":"tag-storico","85":"tag-successo","86":"tag-tifosi","87":"tag-tifoso","88":"tag-tornare","89":"tag-vedere","90":"tag-vice","91":"tag-vice-presidente","92":"tag-vice-presidente-catania"},"share_on_mastodon":{"url":"","error":""},"_links":{"self":[{"href":"https:\/\/www.europesays.com\/it\/wp-json\/wp\/v2\/posts\/155718","targetHints":{"allow":["GET"]}}],"collection":[{"href":"https:\/\/www.europesays.com\/it\/wp-json\/wp\/v2\/posts"}],"about":[{"href":"https:\/\/www.europesays.com\/it\/wp-json\/wp\/v2\/types\/post"}],"author":[{"embeddable":true,"href":"https:\/\/www.europesays.com\/it\/wp-json\/wp\/v2\/users\/3"}],"replies":[{"embeddable":true,"href":"https:\/\/www.europesays.com\/it\/wp-json\/wp\/v2\/comments?post=155718"}],"version-history":[{"count":0,"href":"https:\/\/www.europesays.com\/it\/wp-json\/wp\/v2\/posts\/155718\/revisions"}],"wp:featuredmedia":[{"embeddable":true,"href":"https:\/\/www.europesays.com\/it\/wp-json\/wp\/v2\/media\/155719"}],"wp:attachment":[{"href":"https:\/\/www.europesays.com\/it\/wp-json\/wp\/v2\/media?parent=155718"}],"wp:term":[{"taxonomy":"category","embeddable":true,"href":"https:\/\/www.europesays.com\/it\/wp-json\/wp\/v2\/categories?post=155718"},{"taxonomy":"post_tag","embeddable":true,"href":"https:\/\/www.europesays.com\/it\/wp-json\/wp\/v2\/tags?post=155718"}],"curies":[{"name":"wp","href":"https:\/\/api.w.org\/{rel}","templated":true}]}}