{"id":155732,"date":"2025-10-09T15:39:16","date_gmt":"2025-10-09T15:39:16","guid":{"rendered":"https:\/\/www.europesays.com\/it\/155732\/"},"modified":"2025-10-09T15:39:16","modified_gmt":"2025-10-09T15:39:16","slug":"sofia-goggia-per-vincere-mi-trascuravo-come-donna-ho-capito-che-non-serve-il-mio-futuro-sara-fuori-dallo-sci","status":"publish","type":"post","link":"https:\/\/www.europesays.com\/it\/155732\/","title":{"rendered":"Sofia Goggia: \u00abPer vincere mi trascuravo come donna, ho capito che non serve. Il mio futuro? Sar\u00e0 fuori dallo sci\u00bb"},"content":{"rendered":"<p>    di<br \/>\n    Daniele Sparisci<\/p>\n<p class=\"summary-art is-line-h-12\">Goggia racconta la  svolta personale nella serie Red Bull \u00abI&#8217;m coming home\u00bb pensando a Milano-Cortina. \u00abGli infortuni mi hanno reso molto pi\u00f9 calma e matura\u00bb<\/p>\n<p class=\"chapter-paragraph\">\u00abLa volont\u00e0 di essere un\u2019atleta vincente, sempre al top, mi aveva portato a curare tutti i dettagli della performance sportiva ma mi ero dimenticata di Sofia, della ragazza, della giovane donna che ero ancora prima di essere atleta\u00bb. Sofia Goggia racconta la svolta pi\u00f9 intima, il mutamento\u00a0 avvenuto<a href=\"https:\/\/www.corriere.it\/sport\/24_ottobre_11\/sofia-goggia-quando-torna-sci-f4a741b8-87e5-45c7-8cf9-101ffee97xlk.shtml\" rel=\"nofollow noopener\" target=\"_blank\"> dopo il terribile infortunio del\u00a0 febbraio 2024<\/a>\u00a0\u00abquando ho rischiato di smettere per sempre con gli sci\u00bb.\u00a0<\/p>\n<p>    \u00abDa ragazzina pensavano fossi arrogante\u00bb<\/p>\n<p class=\"chapter-paragraph\">La campionessa di discesa lo fa nel primo episodio della serie Red Bull \u00abI\u2019m Coming Home\u00bb (su canale Eurosport di YouTube), riferimento alle Olimpiadi in casa di Milano-Cortina. <b>Altri protagonisti come Dominik Paris e Dorothea Wierer seguiranno nelle prossime puntate<\/b>, Sofia \u00e8 stata l\u2019apripista. E lo ha fatto alla sua maniera, mai banale nel riavvolgere il filo dei 32 anni. Partendo da quando era bambina e sognava di \u00abdiventare campionessa olimpica\u00bb. \u00abQualcuno pensava che fossi arrogante, ma era determinazione. Poi lo hanno capito quel fuoco che mi spronava a dare tutta me stessa. Ho vinto il triplo di quello che mi aspettassi, ma ho avuto anche una carriera difficile, segnata da tanti infortuni che ti forgiano il carattere\u00bb.    &#13;<br \/>\n&#13;<br \/>\n&#13;<br \/>\n&#13;<br \/>\n&#13;<br \/>\n&#13;<br \/>\n&#13;<br \/>\n&#13;<br \/>\n&#13;<br \/>\n&#13;<br \/>\n&#13;<br \/>\n&#13;<br \/>\n&#13;<br \/>\n&#13;<br \/>\n&#13;<br \/>\n&#13;<br \/>\n&#13;<br \/>\n&#13;<br \/>\n&#13;<br \/>\n&#13;<br \/>\n&#13;<br \/>\n&#13;<br \/>\n&#13;<br \/>\n&#13;<br \/>\n&#13;<br \/>\n&#13;<br \/>\n&#13;<br \/>\n&#13;<br \/>\n&#13;<br \/>\n&#13;<br \/>\n&#13;<br \/>\n&#13;<br \/>\n&#13;<br \/>\n&#13;<br \/>\n&#13;<br \/>\n&#13;<br \/>\n&#13;<br \/>\n&#13;<br \/>\n&#13;<br \/>\n&#13;<br \/>\n&#13;<br \/>\n&#13;<br \/>\n&#13;<br \/>\n&#13;<br \/>\n&#13;<br \/>\n&#13;<br \/>\n&#13;<br \/>\n&#13;<br \/>\n&#13;<br \/>\n&#13;<br \/>\n&#13;<br \/>\n&#13;<br \/>\n&#13;\n<\/p>\n<p>    \u00abMia mamma diceva: meglio che studi invece di sciare\u00bb<\/p>\n<p class=\"chapter-paragraph\">\u00c8 andata avanti con i sacrifici ma anche con la voglia di dimostrare di poter emergere nello sport, lei figlia di un ingegnere e di un\u2019insegnante di lettere: \u00abMia mamma insisteva sull\u2019aspetto della cultura. Senza non si va da nessuna parte, diceva, quindi \u00e8 meglio che studi e non scii. Forse anche la contrapposizione, il fatto di volerle dimostrare che si sbagliava, perch\u00e9 ci\u00f2 che mi rendeva felice era proprio sciare, mi ha spronata a dare ancora di pi\u00f9 di quello che probabilmente avevo\u00bb.\u00a0<\/p>\n<p>    \u00abPrima non vedevo i limiti\u00bb.\u00a0<\/p>\n<p class=\"chapter-paragraph\">Anni di sfide alla ricerca del limite, <b>a volte anche oltre, \u00abOnly the brave\u00bb come slogan: <\/b>\u00abHa pagato molto in quegli anni, ma adesso che sono pi\u00f9 matura mi rendo con ho pagato quella spregiudicatezza quel prendermi dei rischi che io non vedevo nemmeno. E invece adesso sono in una fase dove sono pi\u00f9 calma, sono pi\u00f9 matura, tecnicamente scio meglio rispetto ai primi anni, per\u00f2 sono pi\u00f9 pacata anche sotto l&#8217;aspetto emotivo, che \u00e8 un aspetto su cui ho lavorato moltissimo con la mia psicoterapeuta. L&#8217;aspetto che fa la differenza \u00e8 la calma emotiva che ha il cancelletto di partenza, il sentirsi giusto indipendentemente dal risultato che otterrai\u00bb.\u00a0<\/p>\n<p>    La laurea vicina<\/p>\n<p class=\"chapter-paragraph\">\u00c8 un processo che Sofia ha elaborato nei mesi pi\u00f9, nel recupero dello scorso anno: \u00abMesi a pensare perch\u00e9 era capitato proprio a me quel tremendo infortunio, senza risposte. Ma poi ho capito che non serviva farsi domande, e mi sono concentrata sul ritrovare la grazia. Che sembra assurdo, ma in realt\u00e0 mi ha liberato dai dubbi che mi torturavano. Oltre ad aver dato nove esami universitari, una roba allucinante: per la primavera prossima punto a fare la tesi (in scienze politiche alla Luiss a Roma ndr)\u00bb.<\/p>\n<p>    Il futuro:\u00a0\u00abAncora 2-3 anni\u00bb<\/p>\n<p class=\"chapter-paragraph\">Per quanto ancora Sofia continuer\u00e0 a sciare? \u00abDue o tre anni e poi vedremo cosa mi proporr\u00e0 la vita. Ho molta fiducia sul mio futuro\u00a0 che sicuramente non sar\u00e0 legato al mondo dello sci. Non mi vedo come allenatrice, sono una pessima insegnante. Per\u00f2 magari qualche ruolo all&#8217;interno del mondo dello sport vedremo, vedremo\u2026\u00bb. Prima per\u00f2 c\u2019\u00e8 Milano-Cortina, \u00abI\u2019m Coming Home\u00bb.<\/p>\n<p class=\"is-last-update\" datetime=\"2025-10-09T14:12:42+02:00\">9 ottobre 2025 ( modifica il 9 ottobre 2025 | 14:12)<\/p>\n<p class=\"is-copyright\">\n            \u00a9 RIPRODUZIONE RISERVATA\n        <\/p>\n","protected":false},"excerpt":{"rendered":"di Daniele Sparisci Goggia racconta la svolta personale nella serie Red Bull \u00abI&#8217;m coming home\u00bb pensando a Milano-Cortina.&hellip;\n","protected":false},"author":3,"featured_media":155733,"comment_status":"","ping_status":"","sticky":false,"template":"","format":"standard","meta":{"footnotes":""},"categories":[176],"tags":[69704,8788,3550,3361,96256,96257,1362,96258,19478,3079,39004,96254,447,2276,14839,96259,30467,1731,80281,96260,96261,16019,8455,2885,4505,1537,90,89,4002,12499,28,54339,17959,1989,96262,42644,96255,4849,245,244,27711],"class_list":{"0":"post-155732","1":"post","2":"type-post","3":"status-publish","4":"format-standard","5":"has-post-thumbnail","7":"category-sport","8":"tag-arrogante","9":"tag-aspetto","10":"tag-atleta","11":"tag-bull","12":"tag-bull-coming","13":"tag-bull-coming-home","14":"tag-calma","15":"tag-calma-matura","16":"tag-campionessa","17":"tag-capito","18":"tag-coming","19":"tag-coming-home","20":"tag-cortina","21":"tag-dare","22":"tag-diceva","23":"tag-diceva-studi","24":"tag-dimostrare","25":"tag-donna","26":"tag-goggia","27":"tag-goggia-racconta","28":"tag-goggia-racconta-svolta","29":"tag-home","30":"tag-infortuni","31":"tag-infortunio","32":"tag-insegnante","33":"tag-it","34":"tag-italia","35":"tag-italy","36":"tag-mamma","37":"tag-matura","38":"tag-milano","39":"tag-milano-cortina","40":"tag-pagato","41":"tag-racconta","42":"tag-racconta-svolta","43":"tag-sci","44":"tag-sciare","45":"tag-sofia","46":"tag-sport","47":"tag-sports","48":"tag-vedremo"},"share_on_mastodon":{"url":"","error":""},"_links":{"self":[{"href":"https:\/\/www.europesays.com\/it\/wp-json\/wp\/v2\/posts\/155732","targetHints":{"allow":["GET"]}}],"collection":[{"href":"https:\/\/www.europesays.com\/it\/wp-json\/wp\/v2\/posts"}],"about":[{"href":"https:\/\/www.europesays.com\/it\/wp-json\/wp\/v2\/types\/post"}],"author":[{"embeddable":true,"href":"https:\/\/www.europesays.com\/it\/wp-json\/wp\/v2\/users\/3"}],"replies":[{"embeddable":true,"href":"https:\/\/www.europesays.com\/it\/wp-json\/wp\/v2\/comments?post=155732"}],"version-history":[{"count":0,"href":"https:\/\/www.europesays.com\/it\/wp-json\/wp\/v2\/posts\/155732\/revisions"}],"wp:featuredmedia":[{"embeddable":true,"href":"https:\/\/www.europesays.com\/it\/wp-json\/wp\/v2\/media\/155733"}],"wp:attachment":[{"href":"https:\/\/www.europesays.com\/it\/wp-json\/wp\/v2\/media?parent=155732"}],"wp:term":[{"taxonomy":"category","embeddable":true,"href":"https:\/\/www.europesays.com\/it\/wp-json\/wp\/v2\/categories?post=155732"},{"taxonomy":"post_tag","embeddable":true,"href":"https:\/\/www.europesays.com\/it\/wp-json\/wp\/v2\/tags?post=155732"}],"curies":[{"name":"wp","href":"https:\/\/api.w.org\/{rel}","templated":true}]}}