{"id":155738,"date":"2025-10-09T15:42:14","date_gmt":"2025-10-09T15:42:14","guid":{"rendered":"https:\/\/www.europesays.com\/it\/155738\/"},"modified":"2025-10-09T15:42:14","modified_gmt":"2025-10-09T15:42:14","slug":"kawasaki-si-prepara-ad-eicma-2025-oltre-alla-z1100-spuntano-novita-ancora-segrete-fiere-e-saloni","status":"publish","type":"post","link":"https:\/\/www.europesays.com\/it\/155738\/","title":{"rendered":"Kawasaki si prepara ad EICMA 2025: oltre alla Z1100 spuntano novit\u00e0 ancora segrete &#8211; Fiere e saloni"},"content":{"rendered":"<p>\n            Kawasaki si prepara ad EICMA 2025 con il ritorno dell&#8217;iconica Z1100 in due versioni, nuovi modelli per il 2026 ancora top secret e un&#8217;area dedicata alla mobilit\u00e0 elettrica e ibrida. Appuntamento dal 4 al 9 novembre a Fiera Milano Rho\n        <\/p>\n<p>              9 ottobre 2025<\/p>\n<p><strong>Kawasaki<\/strong> ha scelto <strong>EICMA 2025<\/strong> per riportare in scena <a href=\"https:\/\/www.moto.it\/news\/kawasaki-z1100-new-2026.html\" target=\"_blank\" rel=\"nofollow noopener\">la <strong>Z1100<\/strong><\/a>, uno dei ritorni\u00a0pi\u00f9 attesi\u00a0del proprio catalogo, affiancandola a una serie di novit\u00e0 che delineano la strategia del marchio giapponese per la gamma <strong>2026<\/strong>. E come da tradizione, non tutto viene svelato subito: qualche sorpresa resta ancora sotto i teli.<\/p>\n<p>            Z1100 e Z1100 SE: quando il passato incontra il presente<\/p>\n<p>Il piatto forte annunciato dello stand Kawasaki al <strong>Padiglione 11, Stand N46<\/strong>, saranno\u00a0le nuove <strong>Z1100<\/strong> e <strong>Z1100 SE<\/strong>. Due <strong>naked<\/strong> che pescano dal glorioso passato della famiglia &#8220;Z&#8221; \u2013 quella che ha scritto pagine importanti nella storia delle sportive stradali \u2013 ma che lo rileggono con occhi contemporanei.<\/p>\n<p>La maxi ritorna con le forme che conoscevamo, ma niente nostalgia fine a s\u00e9 stessa: le nuove 1100 promettono un <strong>telaio evoluto<\/strong> e un pacchetto <strong>elettronico di ultima generazione<\/strong>. Ma soprattutto il quattro cilindri 1100 ricco di coppia che gi\u00e0 conosciamo per Ninja e Versys. La versione <strong>SE<\/strong> come prassi va ad aggiungere contenuti tecnici pi\u00f9 raffinati su freni e sospensioni, ma tutti i dettagli e magari anche i prezzi si conosceranno soltanto in fiera.<\/p>\n<p>                            <img decoding=\"async\" class=\"img-fluid\" loading=\"lazy\" data-zoomable=\"\" src=\"https:\/\/img.stcrm.it\/images\/47171732\/800x\/nuova-kawasaki-z1100-se-my-2026.jpg\" data-zoom-src=\"https:\/\/www.europesays.com\/it\/wp-content\/uploads\/2025\/10\/nuova-kawasaki-z1100-se-my-2026.jpg\" width=\"1280\" height=\"961\" alt=\"La nuova Kawasaki Z1100 my26\"\/><\/p>\n<p>                    La nuova Kawasaki Z1100 my26<\/p>\n<p>            La gamma 2026: qualcosa bolle in pentola<\/p>\n<p>Accanto alle Z1100, Kawasaki annuncia che porter\u00e0\u00a0a Milano altre <strong>anteprime destinate al listino 2026<\/strong>. Alcuni saranno modelli completamente inediti, altri rappresenteranno aggiornamenti sostanziali di piattaforme gi\u00e0 note. Si parla di <strong>migliorie tecniche<\/strong>, nuove <strong>colorazioni<\/strong> e soluzioni pensate per interpretare le esigenze dei motociclisti contemporanei. Il comunicato ufficiale mantiene ovviamente il massimo riserbo sulle novit\u00e0 anche se il video teaser rilasciato pochi giorni fa dalla Casa lascia decisamente poco spazio all&#8217;immaginazione: <a href=\"https:\/\/www.moto.it\/news\/kawasaki-kle-2026-teaser-ufficiale-eicma-2025.html\" rel=\"nofollow noopener\" target=\"_blank\">vedremo l&#8217;erede della mitica KLE<\/a>.<\/p>\n<p>Basandoci sulle poche immagini disponibili e su quanto intravisto lo scorso anno allo stand, sar\u00e0 una dual sport molto votata all&#8217;avventura forse ancor di pi\u00f9 della storica progenitrice e sar\u00e0 mossa da un biclindrico in linea. Diamo per probabile che si tratti dell&#8217;unit\u00e0 di 451 cc gi\u00e0 presente in gamma. Staremo a vedere&#8230;<\/p>\n<p>            Urban Mobility: l&#8217;elettrico si fa strada<\/p>\n<p>Novit\u00e0 non secondaria, Kawasaki sar\u00e0 presente anche nell&#8217;<strong>area esterna Urban Mobility<\/strong>, dedicata alle nuove forme di mobilit\u00e0 urbana. Qui il pubblico potr\u00e0 non solo osservare, ma anche <strong>provare i veicoli elettrici<\/strong> del marchio e scoprire i modelli <strong>Hybrid<\/strong> gi\u00e0 in gamma. Ricordiamo infatti che attualmente Kawasaki \u00e8 l&#8217;unica azienda a proporre moto endotermiche, elettriche e anche ibride. EICMA pu\u00f2 essere dunque una buona occasione per cogliere le differenze tra queste tipologie e provare personalmente le uniche moto ibride realmente acquistabili e utilizzabili per strada.<\/p>\n<p>                            <img decoding=\"async\" class=\"img-fluid\" loading=\"lazy\" data-zoomable=\"\" src=\"https:\/\/img.stcrm.it\/images\/47171783\/800x\/ninja-7-hybrid_3682-dimensioni-grandi-jpeg.jpg\" data-zoom-src=\"https:\/\/www.europesays.com\/it\/wp-content\/uploads\/2025\/10\/ninja-7-hybrid_3682-dimensioni-grandi-jpeg.jpg\" width=\"1280\" height=\"853\" alt=\"Durante il test della Kawasaki Ninja7 Hybrid\"\/><\/p>\n<p>                    Durante il test della Kawasaki Ninja7 Hybrid<\/p>\n<p>            Informazioni pratiche: date, orari e dove trovarli<\/p>\n<p><strong>EICMA 2025<\/strong> si terr\u00e0 dal <strong>6\u00a0al 9 novembre<\/strong> presso <strong>Fiera Milano Rho<\/strong> (SS. 33 del Sempione 28, Rho). Lo stand Kawasaki sar\u00e0 allestito nel <strong>Padiglione 11, Stand N46<\/strong>, in uno spazio completamente rinnovato.<\/p>\n<p><strong>Orari di apertura al pubblico:<\/strong><\/p>\n<ul>\n<li>Da gioved\u00ec 6 a domenica 9 novembre: dalle <strong>09:30 alle 18:30<\/strong><\/li>\n<\/ul>\n<p>Per chi vuole anticipare le sorprese, la giornata stampa del 4 novembre sar\u00e0 decisiva: \u00e8 l\u00ec che usciranno tutti i\u00a0dettagli tecnici, le schede ufficiali e qui su Moto.it e sul nostro canale YouTube vi terremo come sempre aggiornati in tempo reale.<\/p>\n","protected":false},"excerpt":{"rendered":"Kawasaki si prepara ad EICMA 2025 con il ritorno dell&#8217;iconica Z1100 in due versioni, nuovi modelli per il&hellip;\n","protected":false},"author":3,"featured_media":155739,"comment_status":"","ping_status":"","sticky":false,"template":"","format":"standard","meta":{"footnotes":""},"categories":[173],"tags":[3004,60963,1537,90,89,9397,90419,7462,6730,195,198,199,197,200,201,194,196,85847],"class_list":{"0":"post-155738","1":"post","2":"type-post","3":"status-publish","4":"format-standard","5":"has-post-thumbnail","7":"category-scienza-e-tecnologia","8":"tag-3004","9":"tag-eicma","10":"tag-it","11":"tag-italia","12":"tag-italy","13":"tag-kawasaki","14":"tag-kle","15":"tag-novita","16":"tag-salone","17":"tag-science","18":"tag-science-and-technology","19":"tag-scienceandtechnology","20":"tag-scienza","21":"tag-scienza-e-tecnologia","22":"tag-scienzaetecnologia","23":"tag-technology","24":"tag-tecnologia","25":"tag-z1100"},"share_on_mastodon":{"url":"","error":""},"_links":{"self":[{"href":"https:\/\/www.europesays.com\/it\/wp-json\/wp\/v2\/posts\/155738","targetHints":{"allow":["GET"]}}],"collection":[{"href":"https:\/\/www.europesays.com\/it\/wp-json\/wp\/v2\/posts"}],"about":[{"href":"https:\/\/www.europesays.com\/it\/wp-json\/wp\/v2\/types\/post"}],"author":[{"embeddable":true,"href":"https:\/\/www.europesays.com\/it\/wp-json\/wp\/v2\/users\/3"}],"replies":[{"embeddable":true,"href":"https:\/\/www.europesays.com\/it\/wp-json\/wp\/v2\/comments?post=155738"}],"version-history":[{"count":0,"href":"https:\/\/www.europesays.com\/it\/wp-json\/wp\/v2\/posts\/155738\/revisions"}],"wp:featuredmedia":[{"embeddable":true,"href":"https:\/\/www.europesays.com\/it\/wp-json\/wp\/v2\/media\/155739"}],"wp:attachment":[{"href":"https:\/\/www.europesays.com\/it\/wp-json\/wp\/v2\/media?parent=155738"}],"wp:term":[{"taxonomy":"category","embeddable":true,"href":"https:\/\/www.europesays.com\/it\/wp-json\/wp\/v2\/categories?post=155738"},{"taxonomy":"post_tag","embeddable":true,"href":"https:\/\/www.europesays.com\/it\/wp-json\/wp\/v2\/tags?post=155738"}],"curies":[{"name":"wp","href":"https:\/\/api.w.org\/{rel}","templated":true}]}}