{"id":155742,"date":"2025-10-09T15:44:09","date_gmt":"2025-10-09T15:44:09","guid":{"rendered":"https:\/\/www.europesays.com\/it\/155742\/"},"modified":"2025-10-09T15:44:09","modified_gmt":"2025-10-09T15:44:09","slug":"da-parigi-a-londra-il-debutto-europeo-della-principessa-rajwa-di-giordania-la-kate-del-medioriente","status":"publish","type":"post","link":"https:\/\/www.europesays.com\/it\/155742\/","title":{"rendered":"Da Parigi a Londra, il debutto europeo della principessa Rajwa di Giordania, la \u00abKate del Medioriente\u00bb"},"content":{"rendered":"<p>    di<br \/>\n    Enrica Roddolo<\/p>\n<p class=\"summary-art is-line-h-12\">Il principe ereditario di Amman, Hussein bin Abdullah, figlio di re Abdhullah e della regina Rania, e il tour europeo con la moglie Rajwa<\/p>\n<p class=\"chapter-paragraph\"><b>L\u2019accoglienza a Parigi all\u2019Eliseo<\/b>, riservata dal presidente francese Emmanuel Macron e dalla Pr\u00e8miere dame Brigitte \u00e8 stata calda, nonostante il momento di alta tensione per la politica interna d\u2019Oltralpe.\u00a0<\/p>\n<p class=\"chapter-paragraph\"><b>La coppia dei principi ereditari di Giordania<\/b>, il principe Hussein bin Abdullah di Giordania, figlio di re Abdhullah e della regina Rania e la principessa Rajwa Al Hussein, <b>debutta in Europa. Con una visita ufficiale a Parigi.<\/b>    &#13;<br \/>\n&#13;<br \/>\n&#13;<br \/>\n&#13;<br \/>\n&#13;<br \/>\n&#13;<br \/>\n&#13;<br \/>\n&#13;<br \/>\n&#13;<br \/>\n&#13;<br \/>\n&#13;<br \/>\n&#13;<br \/>\n&#13;<br \/>\n&#13;<br \/>\n&#13;<br \/>\n&#13;<br \/>\n&#13;<br \/>\n&#13;<br \/>\n&#13;<br \/>\n&#13;<br \/>\n&#13;<br \/>\n&#13;<br \/>\n&#13;<br \/>\n&#13;<br \/>\n&#13;<br \/>\n&#13;<br \/>\n&#13;<br \/>\n&#13;<br \/>\n&#13;<br \/>\n&#13;<br \/>\n&#13;<br \/>\n&#13;<br \/>\n&#13;<br \/>\n&#13;<br \/>\n&#13;<br \/>\n&#13;<br \/>\n&#13;<br \/>\n&#13;<br \/>\n&#13;<br \/>\n&#13;<br \/>\n&#13;<br \/>\n&#13;<br \/>\n&#13;<br \/>\n&#13;<br \/>\n&#13;<br \/>\n&#13;<br \/>\n&#13;<br \/>\n&#13;<br \/>\n&#13;<br \/>\n&#13;<br \/>\n&#13;<br \/>\n&#13;<br \/>\n&#13;\n<\/p>\n<p class=\"chapter-paragraph\"><b>E dopo la Francia dovrebbe atterrare a Lond<\/b>ra, secondo la Jordan News agency, per un <b>\u00abincontro di lavoro\u00bb<\/b>. Dove per <b>William<\/b>, erede al trono dei Windsor, sar\u00e0 l\u2019incontro con un amico di sempre. Per il Regno Unito \u00e8 la conferma di una relazione speciale con il Paese mediorientale, da sempre alleato fidato, in una posizione cuscinetto fra aree di costante tensione.\u00a0<\/p>\n<p class=\"chapter-paragraph\">E <b>l\u2019erede al trono giordano \u00e8 cresciuto e si \u00e8 formato Oltremanica all\u2019Accademia di Sandhurst<\/b> (come il padre Abdullah e come i principi Windsor, William e Harry), prima di laurearsi all\u2019universit\u00e0 Georgetown a Washington in storia.  Non solo, William e il principe Hussein che si erano gi\u00e0 visti al castello di Windsor a gennaio scorso, si dovrebbero incontrare mentre l\u2019accordo di pace proposto dal presidente Usa Donald Trump \u00e8 sotto i riflettori mondiali.\u00a0<\/p>\n<p class=\"chapter-paragraph\"><b>Ed \u00e8 sempre pi\u00f9 chiaro che, come il padre Carlo, anche William vorr\u00e0 entrare nelle questioni dell\u2019attualit\u00e0 internazionale<\/b>, con una particolare attenzione per il Medio Oriente: in fondo la bisnonna Alice di Grecia, madre del principe Filippo, \u00e8 sepolta a Gerusalemme.  <b>Nel 2018 William<\/b> era stato il <b>primo Windsor in visita ufficiale in Israele e nei territori palestinesi<\/b>. A febbraio 2024 il principe era poi intervenuto sulla guerra tra Israele e Hamas, chiedendo \u00abun cessate il fuoco al pi\u00f9 presto possibile\u00bb nella Striscia di Gaza. Dichiarandosi \u00abprofondamente inquieto per il terribile costo umano del conflitto in Medio Oriente\u00bb.\u00a0<\/p>\n<p class=\"chapter-paragraph\"><b>Nelle settimane scorse, mentre si discuteva del piano di pace in Medio Oriente <\/b>presentato da Trump in venti punti, l\u2019erede al trono di Londra ha messo di nuovo da parte il riserbo dei reali in politica per scandire: <a href=\"\">\u00abDobbiamo batterci per far arrivare gli operatori umanitari nei luoghi di guerra, dall\u2019Ucraina a Gaza\u00bb.<\/a>\u00a0<\/p>\n<p class=\"chapter-paragraph\"><b>In pi\u00f9 c\u2019\u00e8 l\u2019amicizia personale che lo lega, da una vita, al figlio di re Abdhullah<\/b>. E adesso alla coppia ereditaria della Giordania.\u00a0<\/p>\n<p class=\"chapter-paragraph\"><b>Nel 2023, al Royal wedding ad Amman di Hussein con Rajwa, c\u2019erano anche William e Kate arrivati da Londra<\/b> con i sovrani del Belgio e d\u2019Olanda, la First Lady Usa, Jill Biden: in tutto 140 personalit\u00e0 internazionali. Re Abdullah aveva tradito una lacrima di commozione. In fondo, era dal Royal wedding del 1993 di Abdullah \u2014 figlio di Re Hussein sovrano del Regno Hascemita dal 1952 al 1999 che spos\u00f2 in ultime nozze nel 1978 l\u2018americana Lisa Najeeb Halaby, divenuta a corte Noor \u2014 con Rania, bella palestinese nata in Kuwait, che per le vie di Amman e dei Paesi del Golfo non si respirava altrettanta frenesia e trepidazione. <b>Il Royal wedding di Husseine Rajwa era stato celebrato fra i fiori del giardino di palazzo Zahran<\/b> costruito nel 1957 per la regina Zein Al Sharaf.\u00a0<\/p>\n<p class=\"chapter-paragraph\"><b>Per la principessa Rajwa il tour europeo iniziato da Parigi<\/b> e che dovrebbe continuare con Londra, \u00e8 anche un vero e proprio debutto sulla scena internazionale per la <b>principessa mediorientale sempre pi\u00f9 spesso accostata alla principessa Kate<\/b>.\u00a0<\/p>\n<p class=\"chapter-paragraph\">Mentre<b> Rania, da sempre \u00e8 tra i primi invitati ai grandi momenti della famiglia reale britannica<\/b>. Re Abdullah al trono dal 1999 e Rania erano all\u2019 abbazia di Westminster a Londra per la solenne incoronazione di Re Carlo III. E a proposito di Windsor, anche la principessa del Galles, Kate, \u00e8 rimasta molto legata alla Giordania dove ha trascorso parte della sua infanzia con la famiglia Middleton, ex dipendenti della British Airways.<\/p>\n<p class=\"is-last-update\" datetime=\"2025-10-09T16:43:03+02:00\">9 ottobre 2025 ( modifica il 9 ottobre 2025 | 16:43)<\/p>\n<p class=\"is-copyright\">\n            \u00a9 RIPRODUZIONE RISERVATA\n        <\/p>\n","protected":false},"excerpt":{"rendered":"di Enrica Roddolo Il principe ereditario di Amman, Hussein bin Abdullah, figlio di re Abdhullah e della regina&hellip;\n","protected":false},"author":3,"featured_media":155743,"comment_status":"","ping_status":"","sticky":false,"template":"","format":"standard","meta":{"footnotes":""},"categories":[160],"tags":[96267,96272,96273,93213,96274,96275,70423,96276,3834,96277,2387,2235,14,164,165,10607,6018,17522,91623,3889,1909,2716,96266,96268,45,5724,96263,8313,5122,6410,7673,166,7,15,10139,1289,4661,13460,96269,96264,96265,2516,96270,12056,2198,96271,53658,11,167,12,168,59691,306,24072,161,162,163],"class_list":{"0":"post-155742","1":"post","2":"type-post","3":"status-publish","4":"format-standard","5":"has-post-thumbnail","7":"category-mondo","8":"tag-abdhullah","9":"tag-abdhullah-regina","10":"tag-abdhullah-regina-rania","11":"tag-abdullah","12":"tag-abdullah-figlio","13":"tag-abdullah-figlio-re","14":"tag-amman","15":"tag-amman-hussein","16":"tag-bin","17":"tag-bin-abdullah","18":"tag-carlo","19":"tag-coppia","20":"tag-cronaca","21":"tag-dal-mondo","22":"tag-dalmondo","23":"tag-debutto","24":"tag-dovrebbe","25":"tag-erede","26":"tag-erede-trono","27":"tag-europeo","28":"tag-famiglia","29":"tag-figlio","30":"tag-figlio-re","31":"tag-figlio-re-abdhullah","32":"tag-fondo","33":"tag-giordania","34":"tag-hussein","35":"tag-kate","36":"tag-londra","37":"tag-medio","38":"tag-medio-oriente","39":"tag-mondo","40":"tag-news","41":"tag-notizie","42":"tag-oriente","43":"tag-parigi","44":"tag-principe","45":"tag-principessa","46":"tag-principessa-rajwa","47":"tag-rajwa","48":"tag-rania","49":"tag-re","50":"tag-re-abdhullah","51":"tag-regina","52":"tag-royal","53":"tag-royal-wedding","54":"tag-trono","55":"tag-ultime-notizie","56":"tag-ultime-notizie-di-mondo","57":"tag-ultimenotizie","58":"tag-ultimenotiziedimondo","59":"tag-wedding","60":"tag-william","61":"tag-windsor","62":"tag-world","63":"tag-world-news","64":"tag-worldnews"},"share_on_mastodon":{"url":"","error":""},"_links":{"self":[{"href":"https:\/\/www.europesays.com\/it\/wp-json\/wp\/v2\/posts\/155742","targetHints":{"allow":["GET"]}}],"collection":[{"href":"https:\/\/www.europesays.com\/it\/wp-json\/wp\/v2\/posts"}],"about":[{"href":"https:\/\/www.europesays.com\/it\/wp-json\/wp\/v2\/types\/post"}],"author":[{"embeddable":true,"href":"https:\/\/www.europesays.com\/it\/wp-json\/wp\/v2\/users\/3"}],"replies":[{"embeddable":true,"href":"https:\/\/www.europesays.com\/it\/wp-json\/wp\/v2\/comments?post=155742"}],"version-history":[{"count":0,"href":"https:\/\/www.europesays.com\/it\/wp-json\/wp\/v2\/posts\/155742\/revisions"}],"wp:featuredmedia":[{"embeddable":true,"href":"https:\/\/www.europesays.com\/it\/wp-json\/wp\/v2\/media\/155743"}],"wp:attachment":[{"href":"https:\/\/www.europesays.com\/it\/wp-json\/wp\/v2\/media?parent=155742"}],"wp:term":[{"taxonomy":"category","embeddable":true,"href":"https:\/\/www.europesays.com\/it\/wp-json\/wp\/v2\/categories?post=155742"},{"taxonomy":"post_tag","embeddable":true,"href":"https:\/\/www.europesays.com\/it\/wp-json\/wp\/v2\/tags?post=155742"}],"curies":[{"name":"wp","href":"https:\/\/api.w.org\/{rel}","templated":true}]}}