{"id":155762,"date":"2025-10-09T16:00:09","date_gmt":"2025-10-09T16:00:09","guid":{"rendered":"https:\/\/www.europesays.com\/it\/155762\/"},"modified":"2025-10-09T16:00:09","modified_gmt":"2025-10-09T16:00:09","slug":"raimondo-todaro-controlli-in-ospedale-dopo-lintervento-per-un-tumore-la-foto-preoccupa-i-fan","status":"publish","type":"post","link":"https:\/\/www.europesays.com\/it\/155762\/","title":{"rendered":"Raimondo Todaro, controlli in ospedale dopo l&#8217;intervento per un tumore. La foto preoccupa i fan"},"content":{"rendered":"<p>    di<br \/>\n    Redazione Spettacoli<\/p>\n<p class=\"summary-art is-line-h-12\">L&#8217;ex maestro di \u00abBallando con le stelle\u00bb ed ex docente di \u00abAmici\u00bb, ha fatto degli esami di controllo a causa di suoi tumori precedenti. Alla fine \u00abTutto \u00e8 andato bene\u00bb<\/p>\n<p class=\"chapter-paragraph\">Fan preoccupati per Raimondo Todaro che ha pubblicato due foto su Instagram mentre \u00e8 in ospedale per alcuni controlli. E dunque vista l&#8217;ansia dei follower che cresceva per l&#8217;ex Maestro di \u00abBallando con le stelle\u00bb ed ex docente di ballo della scuola di Amici di Maria De Filippi, lui decide di fare chiarezza.\u00a0\u00abTutto a posto, ho fatto, non ho niente\u00bb.\u00a0<br \/>La preoccupazione nasce dal fatto che\u00a0<a href=\"https:\/\/www.tgcom24.mediaset.it\/televisione\/raimondo-todaro-malattia_104031966-202502k.shtml\" rel=\"nofollow noopener\" target=\"_blank\">Todaro aveva raccontato a &#8220;Verissimo&#8221; i suoi problemi di salute: &#8220;Ho rimosso due tumori nello stesso punto<\/a>. In totale ho avuto quattro tumori, tre maligni&#8221;.\u00a0Il ballerino dovr\u00e0 ancora tenere monitorata la situazione con visite periodiche<br \/>Raimondo Todaro ha voluto condividere con i follower l&#8217;ansia per i controlli in ospedale. Si \u00e8 fatto accompagnare dall&#8217;amico e cavaliere di &#8220;Uomini e Donne&#8221; Diego Tavani che gli \u00e8 stato vicino durante l&#8217;attesa per risultati degli esami e che poi ha festeggiato con lui quando \u00e8 stato comunicato l&#8217;esito positivo. Il ballerino si \u00e8 regalato un nuovo taglio di capelli, e poi una serata in un locale romano alla quale si \u00e8 unito anche Giuseppe Garibaldi. &#8220;Io non bevo ma stasera si beve&#8221;, dice. E gli altri gli fanno eco: &#8220;Stasera si festeggia!&#8221;.<\/p>\n<p class=\"chapter-paragraph\">Raimondo Todaro aveva parlato dei suoi problemi di salute a &#8220;Verissimo&#8221;. In quell&#8217;occasione aveva spiegato che la rimozione dei tumori lo costringe a un monitoraggio periodico in ospedale: &#8220;Il fatto che devo fare molte colonscopie di controllo per la mia malattia mi d\u00e0 la possibilit\u00e0 di prenderle sempre per tempo. Non appena i medici vedono qualcosa che non torna mi operano e vado avanti&#8221;, aveva spiegato.    &#13;<br \/>\n&#13;<br \/>\n&#13;<br \/>\n&#13;<br \/>\n&#13;<br \/>\n&#13;<br \/>\n&#13;<br \/>\n&#13;<br \/>\n&#13;<br \/>\n&#13;<br \/>\n&#13;<br \/>\n&#13;<br \/>\n&#13;<br \/>\n&#13;<br \/>\n&#13;<br \/>\n&#13;<br \/>\n&#13;<br \/>\n&#13;<br \/>\n&#13;<br \/>\n&#13;<br \/>\n&#13;<br \/>\n&#13;<br \/>\n&#13;<br \/>\n&#13;<br \/>\n&#13;<br \/>\n&#13;<br \/>\n&#13;<br \/>\n&#13;<br \/>\n&#13;<br \/>\n&#13;<br \/>\n&#13;<br \/>\n&#13;<br \/>\n&#13;<br \/>\n&#13;<br \/>\n&#13;<br \/>\n&#13;<br \/>\n&#13;<br \/>\n&#13;<br \/>\n&#13;<br \/>\n&#13;<br \/>\n&#13;<br \/>\n&#13;<br \/>\n&#13;<br \/>\n&#13;<br \/>\n&#13;<br \/>\n&#13;<br \/>\n&#13;<br \/>\n&#13;<br \/>\n&#13;<br \/>\n&#13;<br \/>\n&#13;<br \/>\n&#13;<br \/>\n&#13;\n<\/p>\n<p class=\"chapter-paragraph\">Non \u00e8 stato un periodo facile per Raimondo Todaro che, oltre ai problemi di salute, ha dovuto affrontare anche la <a href=\"https:\/\/www.tgcom24.mediaset.it\/people\/francesca-tocca-raimondo-todaro-addio-ufficiale-separazione_92908062-202502k.shtml\" rel=\"nofollow noopener\" target=\"_blank\">fine del matrimonio con Francesca Tocca<\/a>. I due si erano gi\u00e0 separati una volta, ma poi avevano ricucito il legame dopo qualche tempo. Ora la rottura sembra definitiva: \u201cConsapevoli di aver dato tutti noi stessi al nostro amore e alla nostra vita insieme, certi del bene e del rispetto che sempre avremo l&#8217;uno per l&#8217;altra e dell&#8217;unione che per sempre avr\u00e0 la nostra famiglia abbiamo deciso di proseguire il nostro percorso di vita singolarmente\u201d hanno scritto sui social.<\/p>\n<p class=\"is-last-update\" datetime=\"2025-10-09T15:47:17+02:00\">9 ottobre 2025<\/p>\n<p class=\"is-copyright\">\n            \u00a9 RIPRODUZIONE RISERVATA\n        <\/p>\n","protected":false},"excerpt":{"rendered":"di Redazione Spettacoli L&#8217;ex maestro di \u00abBallando con le stelle\u00bb ed ex docente di \u00abAmici\u00bb, ha fatto degli&hellip;\n","protected":false},"author":3,"featured_media":155763,"comment_status":"","ping_status":"","sticky":false,"template":"","format":"standard","meta":{"footnotes":""},"categories":[1451],"tags":[1266,1391,2370,2371,96285,2386,1621,1620,8076,57503,2575,52763,203,6104,5700,1685,228,204,1537,90,89,812,3277,53771,65208,51495,240,96284,2642],"class_list":{"0":"post-155762","1":"post","2":"type-post","3":"status-publish","4":"format-standard","5":"has-post-thumbnail","7":"category-celebrita","8":"tag-amici","9":"tag-ansia","10":"tag-ballando","11":"tag-ballando-stelle","12":"tag-ballando-stelle-docente","13":"tag-ballerino","14":"tag-celebrita","15":"tag-celebrities","16":"tag-controlli","17":"tag-controlli-ospedale","18":"tag-controllo","19":"tag-docente","20":"tag-entertainment","21":"tag-esami","22":"tag-fan","23":"tag-follower","24":"tag-foto","25":"tag-intrattenimento","26":"tag-it","27":"tag-italia","28":"tag-italy","29":"tag-ospedale","30":"tag-problemi","31":"tag-problemi-salute","32":"tag-raimondo","33":"tag-raimondo-todaro","34":"tag-salute","35":"tag-todaro","36":"tag-tumori"},"share_on_mastodon":{"url":"","error":""},"_links":{"self":[{"href":"https:\/\/www.europesays.com\/it\/wp-json\/wp\/v2\/posts\/155762","targetHints":{"allow":["GET"]}}],"collection":[{"href":"https:\/\/www.europesays.com\/it\/wp-json\/wp\/v2\/posts"}],"about":[{"href":"https:\/\/www.europesays.com\/it\/wp-json\/wp\/v2\/types\/post"}],"author":[{"embeddable":true,"href":"https:\/\/www.europesays.com\/it\/wp-json\/wp\/v2\/users\/3"}],"replies":[{"embeddable":true,"href":"https:\/\/www.europesays.com\/it\/wp-json\/wp\/v2\/comments?post=155762"}],"version-history":[{"count":0,"href":"https:\/\/www.europesays.com\/it\/wp-json\/wp\/v2\/posts\/155762\/revisions"}],"wp:featuredmedia":[{"embeddable":true,"href":"https:\/\/www.europesays.com\/it\/wp-json\/wp\/v2\/media\/155763"}],"wp:attachment":[{"href":"https:\/\/www.europesays.com\/it\/wp-json\/wp\/v2\/media?parent=155762"}],"wp:term":[{"taxonomy":"category","embeddable":true,"href":"https:\/\/www.europesays.com\/it\/wp-json\/wp\/v2\/categories?post=155762"},{"taxonomy":"post_tag","embeddable":true,"href":"https:\/\/www.europesays.com\/it\/wp-json\/wp\/v2\/tags?post=155762"}],"curies":[{"name":"wp","href":"https:\/\/api.w.org\/{rel}","templated":true}]}}