{"id":155775,"date":"2025-10-09T16:08:10","date_gmt":"2025-10-09T16:08:10","guid":{"rendered":"https:\/\/www.europesays.com\/it\/155775\/"},"modified":"2025-10-09T16:08:10","modified_gmt":"2025-10-09T16:08:10","slug":"susan-kendall-newman-le-cause-della-morte-della-figlia-di-paul-newman","status":"publish","type":"post","link":"https:\/\/www.europesays.com\/it\/155775\/","title":{"rendered":"Susan Kendall Newman, le cause della morte della figlia di Paul Newman"},"content":{"rendered":"<p>\u00c8 morta a 72 anni <strong>Susan Kendall Newman<\/strong>, figlia primogenita del leggendario <strong>Paul Newman<\/strong>. Fu il frutto dell\u2019amore per la sua prima moglie, <strong>Jacqueline E. White<\/strong>. La famiglia ha deciso di vivere nella totale privacy il proprio dolore, evitando di consegnare la notizia alla stampa prima di due mesi.<\/p>\n<p>La donna \u00e8 infatti <strong>defunta il 2 agosto<\/strong> scorso ma soltanto in queste ore la notizia \u00e8 divenuta di dominio pubblico. Un cognome per sempre legato al mondo del cinema, il suo, e infatti Susan aveva deciso di seguire le orme del padre. Attrice e produttrice, aveva saputo distinguersi anche grazie al suo impegno sociale.\n<\/p>\n<p>Le cause della morte<\/p>\n<p>La famiglia di Susan Kendall Newman ha rilasciato una <strong>nota ufficiale<\/strong>. Nel breve testo sono riportate anche le cause del suo prematuro decesso. Le condizioni della donna non erano rassicuranti ormai da tempo e infatti si legge di \u201c<strong>complicazioni<\/strong> dovute a <strong>problemi di salute cronici<\/strong> che la donna stava affrontando da tempo\u201d.<\/p>\n<p>Un modo discreto per condividere la triste notizia, nel pieno rispetto di quello che \u00e8 sempre stato lo stile della famiglia Newman. I familiari hanno voluto ricordarla con parole dolci e commoventi. \u00c8 stata descritta come una donna brillante, generosa e piena di vita. Una persona che amava profondamente la sua famiglia e i suoi amici. Nella dichiarazione ufficiale si legge: \u201c<strong>Ci mancher\u00e0 moltissimo<\/strong>\u201d.<\/p>\n<p>Sui social, intanto, si moltiplicano i messaggi di cordoglio da parte di chi l\u2019ha conosciuta. Dai colleghi agli amici, fino a persone che negli anni hanno avuto la chance di condividere progetti culturali e cinematografici con lei, tutti hanno voluto lasciare un proprio ricordo e saluto.<\/p>\n<p>Carriera ed eredit\u00e0<\/p>\n<p>Susan Kendall Newman ha avuto la chance di vivere il mondo dei set cinematografici fin da bambina. Ha avuto esperienze nella <a href=\"https:\/\/dilei.it\/dileicipiace\/paul-newman-vera-storia-attore-incantato-hollywood\/1202501\/\" rel=\"nofollow noopener\" target=\"_blank\">Hollywood d\u2019oro<\/a>, muovendosi nell\u2019ombra di suo padre Paul. Nata nel 1953, <strong>ha esordito negli anni \u201970<\/strong>, mostrando un talento naturale e una spiccata sensibilit\u00e0 artistica.<\/p>\n<p>Uno dei suoi lavori di maggior notoriet\u00e0 \u00e8 di certo: 1964 \u2013 Allarme a N.Y. arrivano i Beatles, diretto da Robert Zemeckis. Al di l\u00e0 di questa chicca, \u00e8 doveroso ricordare anche la pellicola nella quale ha potuto recitare con suo padre. Si tratta di Colpo Secco del 1977.<\/p>\n<p>Nel tempo, per\u00f2, Susan ha ampliato i propri interessi nel mondo dell\u2019intrattenimento, dedicandosi alla produzione televisiva e culturale. In particolare ha creato audiolibri destinati a rendere accessibili i <strong>grandi classici della letteratura ai bambini<\/strong>. Un progetto che le \u00e8 valso una nomination ai Grammy Awards.<\/p>\n<p>Tutto ci\u00f2 dimostra come sia riuscita a liberarsi dell\u2019ombra di <a href=\"https:\/\/dilei.it\/star-e-vip\/paul-newman\/\" rel=\"nofollow noopener\" target=\"_blank\">suo padre<\/a>, sviluppando una propria identit\u00e0 e generando una sua eredit\u00e0. Mantenne un legame con il padre, che si spos\u00f2 nuovamente ed ebbe tre figlie. I due si ritrovarono fianco a fianco, soprattutto grazie alle iniziative benefiche della <strong>Newman\u2019s Own Foundation<\/strong>.<\/p>\n<p>Susan Kendall Newman sar\u00e0 ricordata come una donna colta, ironica e profondamente empatica, capace di mettere il suo talento al servizio degli altri. In un\u2019intervista disse: \u201cNon ho mai cercato di essere famosa come mio padre. Volevo solo fare qualcosa che avesse un senso, qualcosa che lasciasse il mondo un po\u2019 migliore di come l\u2019ho trovato\u201d.<\/p>\n","protected":false},"excerpt":{"rendered":"\u00c8 morta a 72 anni Susan Kendall Newman, figlia primogenita del leggendario Paul Newman. Fu il frutto dell\u2019amore&hellip;\n","protected":false},"author":3,"featured_media":155776,"comment_status":"","ping_status":"","sticky":false,"template":"","format":"standard","meta":{"footnotes":""},"categories":[174],"tags":[203,204,1537,90,89,77839,86],"class_list":{"0":"post-155775","1":"post","2":"type-post","3":"status-publish","4":"format-standard","5":"has-post-thumbnail","7":"category-intrattenimento","8":"tag-entertainment","9":"tag-intrattenimento","10":"tag-it","11":"tag-italia","12":"tag-italy","13":"tag-paul-newman","14":"tag-vip"},"share_on_mastodon":{"url":"","error":""},"_links":{"self":[{"href":"https:\/\/www.europesays.com\/it\/wp-json\/wp\/v2\/posts\/155775","targetHints":{"allow":["GET"]}}],"collection":[{"href":"https:\/\/www.europesays.com\/it\/wp-json\/wp\/v2\/posts"}],"about":[{"href":"https:\/\/www.europesays.com\/it\/wp-json\/wp\/v2\/types\/post"}],"author":[{"embeddable":true,"href":"https:\/\/www.europesays.com\/it\/wp-json\/wp\/v2\/users\/3"}],"replies":[{"embeddable":true,"href":"https:\/\/www.europesays.com\/it\/wp-json\/wp\/v2\/comments?post=155775"}],"version-history":[{"count":0,"href":"https:\/\/www.europesays.com\/it\/wp-json\/wp\/v2\/posts\/155775\/revisions"}],"wp:featuredmedia":[{"embeddable":true,"href":"https:\/\/www.europesays.com\/it\/wp-json\/wp\/v2\/media\/155776"}],"wp:attachment":[{"href":"https:\/\/www.europesays.com\/it\/wp-json\/wp\/v2\/media?parent=155775"}],"wp:term":[{"taxonomy":"category","embeddable":true,"href":"https:\/\/www.europesays.com\/it\/wp-json\/wp\/v2\/categories?post=155775"},{"taxonomy":"post_tag","embeddable":true,"href":"https:\/\/www.europesays.com\/it\/wp-json\/wp\/v2\/tags?post=155775"}],"curies":[{"name":"wp","href":"https:\/\/api.w.org\/{rel}","templated":true}]}}