{"id":155788,"date":"2025-10-09T16:20:10","date_gmt":"2025-10-09T16:20:10","guid":{"rendered":"https:\/\/www.europesays.com\/it\/155788\/"},"modified":"2025-10-09T16:20:10","modified_gmt":"2025-10-09T16:20:10","slug":"appalti-piu-attenzione-e-vigilanza","status":"publish","type":"post","link":"https:\/\/www.europesays.com\/it\/155788\/","title":{"rendered":"Appalti, pi\u00f9 attenzione e vigilanza"},"content":{"rendered":"<p>Un protocollo per impegnarsi, insieme, a <strong>porre sempre pi\u00f9 attenzione sulle procedure di affidamento, svolgimento e gestione degli appalti<\/strong>. Firmata ieri, nell\u2019ufficio del sindaco <strong>Valeria Cittadin<\/strong>, la nuova intesa tra sindacati, enti del territorio e il Comune capoluogo. Attorno al tavolo, in tanti: cominciando dalle tre sigle sindacali, passando per Marco Campion, presidente Confartigianato Polesine, Simone Brunello direttore Confcooperative Rovigo, Alex Saggia, vice presidente vicario Ance Rovigo Treviso, Paolo Pastore, presidente Legacoop Padova Rovigo, Emanuela Carlin, vicepresidente Cna Padova Rovigo e, accanto al primo cittadino, Luisa Morelli dell\u2019ufficio gare. \u201cLa collaborazione nasce grazie alle sollecitazioni di Cisl, Cgil e Uil. Non intende, ovviamente, legiferare ma affiancare, rafforzare il codice degli appalti gi\u00e0 esistente attraverso un coordinamento unitario. Il gruppo di firmatari potr\u00e0 convocare infatti il tavolo all\u2019occorrenza e comunque ci si ritrover\u00e0 stabilmente ogni 2 volte l\u2019anno, sia per fare il punto della situazione, che per integrare o modificare il documento. Mi auguro possa essere di esempio anche per altre realt\u00e0\u201d.<\/p>\n<p>Nel concreto, l\u2019intesa comporter\u00e0 il <strong>miglioramento della qualit\u00e0 di affidamento dei lavori e dei servizi, maggiore tutela dei lavoratori occupati nel settore appalti e incentiver\u00e0 la trasparenza nelle procedure di gara<\/strong>. I punti non finiscono, verr\u00e0 rinforzato il contrasto ai fenomeni di irregolarit\u00e0 e di concorrenza sleale a salvaguardia delle imprese che operano nel rispetto della legalit\u00e0 oltre al far perseguire la qualit\u00e0 del lavoro, da intendersi sia per gli aspetti contrattuali che di sicurezza lavorativa. Soddisfazione da Samuel Scavazzin, segretario generale Cisl Padova Rovigo che ha rimarcato: \u201cE\u2019 una sintesi tra parti importanti per il futuro ma specialmente per far ripartire l\u2019economia del comune e della provincia\u201d. Stesso plauso anche da Gino Gregnanin, coordinatore provinciale Uil Rovigo, che ha rimarcato: \u201cUn impegno che \u00e8 solo l\u2019inizio di un percorso da fare insieme tesi verso un miglioramento e un\u2019attenzione mirata\u201d. Marca il protocollo come \u201cil pi\u00f9 avanzato, sotto questo tipo, del Veneto\u201d il segretario generale Cgil Rovigo, Pieralberto Colombo: \u201cRiguarda di fatto la tutela delle condizioni di lavoro dei tanti lavoratori impiegati negli appalti\u201d.<\/p>\n","protected":false},"excerpt":{"rendered":"Un protocollo per impegnarsi, insieme, a porre sempre pi\u00f9 attenzione sulle procedure di affidamento, svolgimento e gestione degli&hellip;\n","protected":false},"author":3,"featured_media":155789,"comment_status":"","ping_status":"","sticky":false,"template":"","format":"standard","meta":{"footnotes":""},"categories":[1458],"tags":[96303,96304,1537,90,89,96305,9839,8516,1840,96307,96306,245,244,442,96302,108],"class_list":{"0":"post-155788","1":"post","2":"type-post","3":"status-publish","4":"format-standard","5":"has-post-thumbnail","7":"category-rugby","8":"tag-confartigianato-polesine","9":"tag-confcooperative-rovigo","10":"tag-it","11":"tag-italia","12":"tag-italy","13":"tag-marco-campion","14":"tag-padova","15":"tag-rovigo","16":"tag-rugby","17":"tag-samuel-scavazzin","18":"tag-simone-brunello","19":"tag-sport","20":"tag-sports","21":"tag-treviso","22":"tag-valeria-cittadin","23":"tag-veneto"},"share_on_mastodon":{"url":"","error":""},"_links":{"self":[{"href":"https:\/\/www.europesays.com\/it\/wp-json\/wp\/v2\/posts\/155788","targetHints":{"allow":["GET"]}}],"collection":[{"href":"https:\/\/www.europesays.com\/it\/wp-json\/wp\/v2\/posts"}],"about":[{"href":"https:\/\/www.europesays.com\/it\/wp-json\/wp\/v2\/types\/post"}],"author":[{"embeddable":true,"href":"https:\/\/www.europesays.com\/it\/wp-json\/wp\/v2\/users\/3"}],"replies":[{"embeddable":true,"href":"https:\/\/www.europesays.com\/it\/wp-json\/wp\/v2\/comments?post=155788"}],"version-history":[{"count":0,"href":"https:\/\/www.europesays.com\/it\/wp-json\/wp\/v2\/posts\/155788\/revisions"}],"wp:featuredmedia":[{"embeddable":true,"href":"https:\/\/www.europesays.com\/it\/wp-json\/wp\/v2\/media\/155789"}],"wp:attachment":[{"href":"https:\/\/www.europesays.com\/it\/wp-json\/wp\/v2\/media?parent=155788"}],"wp:term":[{"taxonomy":"category","embeddable":true,"href":"https:\/\/www.europesays.com\/it\/wp-json\/wp\/v2\/categories?post=155788"},{"taxonomy":"post_tag","embeddable":true,"href":"https:\/\/www.europesays.com\/it\/wp-json\/wp\/v2\/tags?post=155788"}],"curies":[{"name":"wp","href":"https:\/\/api.w.org\/{rel}","templated":true}]}}