{"id":155796,"date":"2025-10-09T16:24:19","date_gmt":"2025-10-09T16:24:19","guid":{"rendered":"https:\/\/www.europesays.com\/it\/155796\/"},"modified":"2025-10-09T16:24:19","modified_gmt":"2025-10-09T16:24:19","slug":"monza-gran-premio-di-formula1-attesa-per-le-ferrari","status":"publish","type":"post","link":"https:\/\/www.europesays.com\/it\/155796\/","title":{"rendered":"Monza, Gran Premio di Formula1: attesa per le Ferrari"},"content":{"rendered":"<p>Lo Scudo giallo con il Cavallino Rampante \u00e8 il simbolo del club orobico, una bandiera grande 17 metri per 21 e autografata da tantissimi piloti di Formula 1. \u00c8 conosciuta in tutto il mondo grazie alle immagini riprese dall\u2019alto in occasione dei Gran Premi di Monza, Imola o Montecarlo. Fu l\u2019allora presidente della Ferrari, Luca Cordero di Montezemolo, a suggerirne la realizzazione.<strong class=\"bold nero\"> L\u2019inaugurazione dello Scudo, avvenuta a Maranello il 13 novembre 2011, viene ricordata come uno dei momenti pi\u00f9 coinvolgenti nei trent\u2019anni di storia del club orobico<\/strong>. Sparito al termine del Gran Premio di Imola, dove era stato esposto alla curva della Tosa, \u00e8 stato ritrovato una decina di giorni dopo. \u00abTu chiamale emozioni \u2013 commenta nel ricordare l\u2019episodio <strong class=\"bold nero\">Giulio Carissimi<\/strong>, presidente onorario e fondatore del sodalizio \u2013 Frequento la gara fin dagli anni \u201960 e l\u2019emozione \u00e8 sempre grandissima, da pelle d\u2019oca quella dell\u2019anno scorso. Temo che quest\u2019anno non si ripeter\u00e0, la McLaren \u00e8 troppo forte e anche Mercedes e Red Bull daranno filo da torcere. Non mancher\u00e0 il nostro supporto e l\u2019invasione di pista si far\u00e0 lo stesso, ma non con lo stesso entusiasmo\u00bb. <\/p>\n","protected":false},"excerpt":{"rendered":"Lo Scudo giallo con il Cavallino Rampante \u00e8 il simbolo del club orobico, una bandiera grande 17 metri&hellip;\n","protected":false},"author":3,"featured_media":155797,"comment_status":"","ping_status":"","sticky":false,"template":"","format":"standard","meta":{"footnotes":""},"categories":[1454],"tags":[1770,683,1771,1537,90,89,245,244],"class_list":{"0":"post-155796","1":"post","2":"type-post","3":"status-publish","4":"format-standard","5":"has-post-thumbnail","7":"category-f1","8":"tag-f1","9":"tag-formula-1","10":"tag-formula1","11":"tag-it","12":"tag-italia","13":"tag-italy","14":"tag-sport","15":"tag-sports"},"share_on_mastodon":{"url":"","error":""},"_links":{"self":[{"href":"https:\/\/www.europesays.com\/it\/wp-json\/wp\/v2\/posts\/155796","targetHints":{"allow":["GET"]}}],"collection":[{"href":"https:\/\/www.europesays.com\/it\/wp-json\/wp\/v2\/posts"}],"about":[{"href":"https:\/\/www.europesays.com\/it\/wp-json\/wp\/v2\/types\/post"}],"author":[{"embeddable":true,"href":"https:\/\/www.europesays.com\/it\/wp-json\/wp\/v2\/users\/3"}],"replies":[{"embeddable":true,"href":"https:\/\/www.europesays.com\/it\/wp-json\/wp\/v2\/comments?post=155796"}],"version-history":[{"count":0,"href":"https:\/\/www.europesays.com\/it\/wp-json\/wp\/v2\/posts\/155796\/revisions"}],"wp:featuredmedia":[{"embeddable":true,"href":"https:\/\/www.europesays.com\/it\/wp-json\/wp\/v2\/media\/155797"}],"wp:attachment":[{"href":"https:\/\/www.europesays.com\/it\/wp-json\/wp\/v2\/media?parent=155796"}],"wp:term":[{"taxonomy":"category","embeddable":true,"href":"https:\/\/www.europesays.com\/it\/wp-json\/wp\/v2\/categories?post=155796"},{"taxonomy":"post_tag","embeddable":true,"href":"https:\/\/www.europesays.com\/it\/wp-json\/wp\/v2\/tags?post=155796"}],"curies":[{"name":"wp","href":"https:\/\/api.w.org\/{rel}","templated":true}]}}