{"id":155881,"date":"2025-10-09T17:22:23","date_gmt":"2025-10-09T17:22:23","guid":{"rendered":"https:\/\/www.europesays.com\/it\/155881\/"},"modified":"2025-10-09T17:22:23","modified_gmt":"2025-10-09T17:22:23","slug":"una-mini-casa-di-27mq-con-arredamento-vintage","status":"publish","type":"post","link":"https:\/\/www.europesays.com\/it\/155881\/","title":{"rendered":"Una mini-casa di 27mq con arredamento vintage"},"content":{"rendered":"<p data-journey-content=\"true\" data-node-id=\"0\" class=\"css-6wxqfj emevuu60\">Il proprietario di questo piccolo appartamento di appena <strong data-node-id=\"0.1\">27 mq<\/strong>, situato in un edificio del 1900 nel pieno centro, lo acquist\u00f2 come investimento. L\u2019immobile si trovava in condizioni disastrose, senza interventi di ristrutturazione da decenni. A occuparsene \u00e8 stata la designer<strong data-node-id=\"0.3\"> Olga Petrova-Podolskaya<\/strong>, che ha apprezzato la libert\u00e0 totale concessale dal proprietario. Questo \u00e8 stato l\u2019aspetto positivo del progetto, mentre il budget ridotto ha costretto l\u2019interior designer a trovare soluzioni creative.<\/p>\n<p data-journey-content=\"true\" data-node-id=\"1\" class=\"css-6wxqfj emevuu60\">La <a href=\"https:\/\/www.elledecor.com\/it\/ristrutturazioni-restyling\/\" target=\"_blank\" data-vars-ga-outbound-link=\"https:\/\/www.elledecor.com\/it\/ristrutturazioni-restyling\/\" data-vars-ga-ux-element=\"Hyperlink\" data-vars-ga-call-to-action=\"ristrutturazione\" data-node-id=\"1.1\" class=\"body-link css-15fjk10 emevuu60\" rel=\"nofollow noopener\">ristrutturazione<\/a> \u00e8 iniziata con l\u2019eliminazione del gas, che ha permesso di abbattere i tramezzi tra cucina e stanza e ampliare il corridoio stretto. Il piccolo ingresso \u00e8 stato unito alla cucina, dando vita a uno <strong data-node-id=\"1.3\">spazio aperto e funzionale<\/strong>. Una <a href=\"https:\/\/www.elledecor.com\/it\/design\/a65593242\/finestre-e-infissi-di-design-novita\/\" target=\"_blank\" data-vars-ga-outbound-link=\"https:\/\/www.elledecor.com\/it\/design\/a65593242\/finestre-e-infissi-di-design-novita\/\" data-vars-ga-ux-element=\"Hyperlink\" data-vars-ga-call-to-action=\"finestra\" data-node-id=\"1.5\" class=\"body-link css-15fjk10 emevuu60\" rel=\"nofollow noopener\">finestra<\/a> rotonda sulla parete del vestibolo, progettata su misura, \u00e8 diventata un elemento decorativo e, al tempo stesso, una fonte aggiuntiva di luminosit\u00e0.<\/p>\n<p><img draggable=\"true\" alt=\"casa 27 metros\" title=\"casa 27 metros\" loading=\"lazy\" width=\"2500\" height=\"3334\" decoding=\"async\" data-nimg=\"1\" style=\"color:transparent;width:100%;height:auto;\"   src=\"https:\/\/www.europesays.com\/it\/wp-content\/uploads\/2025\/10\/apartamento-27-metros-1-68da54419fc9d.jpg\" class=\"css-0 e1g79fud0\"\/><a target=\"_blank\" rel=\"noopener nofollow\" data-theme-key=\"base-link\" href=\"https:\/\/pinterest.com\/pin\/create\/button\/?url=https:\/\/www.elledecor.com\/it\/case\/a68165724\/mini-appartamento-27-mq\/&amp;description=elledecoritalia&amp;media=https:\/\/hips.hearstapps.com\/hmg-prod\/images\/apartamento-27-metros-1-68da54419fc9d.jpg?resize=1600:*\" class=\"pinterest css-on9hn5 e1c1bym14\"><img decoding=\"async\" data-dynamic-svg=\"true\" src=\"https:\/\/www.elledecor.com\/_assets\/design-tokens\/fre\/static\/icons\/social\/pinterest.e8cf655.svg?primary=%2523ffffff\" loading=\"lazy\" data-testid=\"dynamic-svg-base\" height=\"auto\" width=\"auto\" alt=\"pinterest\" class=\"css-4lml0h e1mlxuuw1\"\/><\/a>Mikhail Loskutov<\/p>\n<p>Nell\u2019ingresso, sgabello Echo in carta riciclata realizzato su misura sui disegni dell\u2019autrice del progetto da KOD.objects; lampada a soffitto vintage.<\/p>\n<p><img draggable=\"true\" alt=\"casa 27 metros\" title=\"casa 27 metros\" loading=\"lazy\" width=\"2500\" height=\"3334\" decoding=\"async\" data-nimg=\"1\" style=\"color:transparent;width:100%;height:auto;\"   src=\"https:\/\/www.europesays.com\/it\/wp-content\/uploads\/2025\/10\/apartamento-27-metros-3-68da544406893.jpg\" class=\"css-0 e1g79fud0\"\/><a target=\"_blank\" rel=\"noopener nofollow\" data-theme-key=\"base-link\" href=\"https:\/\/pinterest.com\/pin\/create\/button\/?url=https:\/\/www.elledecor.com\/it\/case\/a68165724\/mini-appartamento-27-mq\/&amp;description=elledecoritalia&amp;media=https:\/\/hips.hearstapps.com\/hmg-prod\/images\/apartamento-27-metros-3-68da544406893.jpg?resize=1600:*\" class=\"pinterest css-on9hn5 e1c1bym14\"><img decoding=\"async\" data-dynamic-svg=\"true\" src=\"https:\/\/www.elledecor.com\/_assets\/design-tokens\/fre\/static\/icons\/social\/pinterest.e8cf655.svg?primary=%2523ffffff\" loading=\"lazy\" data-testid=\"dynamic-svg-base\" height=\"auto\" width=\"auto\" alt=\"pinterest\" class=\"css-4lml0h e1mlxuuw1\"\/><\/a>Mikhail Loskutov<\/p>\n<p>Consolle e specchio antichi; finestra su misura di Alfa Glass realizzata sui disegni di Olga Petrova-Podolskaya.<\/p>\n<p data-journey-content=\"true\" data-node-id=\"6\" class=\"css-6wxqfj emevuu60\">L\u2019ispirazione per definire la narrativa estetica \u00e8 nata dalla <a href=\"https:\/\/www.elledecor.com\/it\/design\/a39781383\/scale-moderne-per-interni\/\" target=\"_blank\" data-vars-ga-outbound-link=\"https:\/\/www.elledecor.com\/it\/design\/a39781383\/scale-moderne-per-interni\/\" data-vars-ga-ux-element=\"Hyperlink\" data-vars-ga-call-to-action=\"scala\" data-node-id=\"6.1\" class=\"body-link css-15fjk10 emevuu60\" rel=\"nofollow noopener\">scala<\/a> condominiale, dove si conserva ancora la piastrella originale in gres ceramico. \u00abHo voluto reinterpretare quel motivo con materiali attuali\u00bb, racconta l\u2019autrice del progetto. Cos\u00ec \u00e8 nata l\u2019idea del pavimento in bianco e nero nella zona d\u2019ingresso. <strong data-node-id=\"6.3\">Il contrasto diventa il filo conduttore di tutto l\u2019interno<\/strong>. La cucina ne \u00e8 l\u2019esempio pi\u00f9 evidente: i mobili bassi neri con modanature bianche creano un effetto grafico, mentre i pensili superiori, rivestiti con pannelli a specchio solcati da sottili linee verticali, riflettono la luce e ne moltiplicano la luminosit\u00e0. <strong data-node-id=\"6.5\">Il riferimento \u00e8 la celebre scala a specchi della maison Chanel<\/strong>. \u00abNonostante l\u2019aspetto decorativo, la cucina \u00e8 totalmente ergonomica e studiata fin nel minimo dettaglio\u00bb, commenta la designer.<\/p>\n<p><img draggable=\"true\" alt=\"casa 27 metros\" title=\"casa 27 metros\" loading=\"lazy\" width=\"2500\" height=\"3334\" decoding=\"async\" data-nimg=\"1\" style=\"color:transparent;width:100%;height:auto;\"   src=\"https:\/\/www.europesays.com\/it\/wp-content\/uploads\/2025\/10\/apartamento-27-metros-4-68da5441b3b68.jpg\" class=\"css-0 e1g79fud0\"\/><a target=\"_blank\" rel=\"noopener nofollow\" data-theme-key=\"base-link\" href=\"https:\/\/pinterest.com\/pin\/create\/button\/?url=https:\/\/www.elledecor.com\/it\/case\/a68165724\/mini-appartamento-27-mq\/&amp;description=elledecoritalia&amp;media=https:\/\/hips.hearstapps.com\/hmg-prod\/images\/apartamento-27-metros-4-68da5441b3b68.jpg?resize=1600:*\" class=\"pinterest css-on9hn5 e1c1bym14\"><img decoding=\"async\" data-dynamic-svg=\"true\" src=\"https:\/\/www.elledecor.com\/_assets\/design-tokens\/fre\/static\/icons\/social\/pinterest.e8cf655.svg?primary=%2523ffffff\" loading=\"lazy\" data-testid=\"dynamic-svg-base\" height=\"auto\" width=\"auto\" alt=\"pinterest\" class=\"css-4lml0h e1mlxuuw1\"\/><\/a>Mikhail Loskutov<\/p>\n<p>Tavolo antico; quadro di Fedor Petrik; davanzale di Slon Beton; lampada a soffitto vintage; tende di Moyoni; divano vintage di Kontora K; sedie antiche di Kontora K; sedia pieghevole vintage di Repeat Story; lampada Marble Chic realizzata artigianalmente in Italia su disegno di Olga Petrova-Podolskaya.<\/p>\n<p><img draggable=\"true\" alt=\"casa 27 metros\" title=\"casa 27 metros\" loading=\"lazy\" width=\"2500\" height=\"3334\" decoding=\"async\" data-nimg=\"1\" style=\"color:transparent;width:100%;height:auto;\"   src=\"https:\/\/www.europesays.com\/it\/wp-content\/uploads\/2025\/10\/apartamento-27-metros-12-68da544a8c3ca.jpg\" class=\"css-0 e1g79fud0\"\/><a target=\"_blank\" rel=\"noopener nofollow\" data-theme-key=\"base-link\" href=\"https:\/\/pinterest.com\/pin\/create\/button\/?url=https:\/\/www.elledecor.com\/it\/case\/a68165724\/mini-appartamento-27-mq\/&amp;description=elledecoritalia&amp;media=https:\/\/hips.hearstapps.com\/hmg-prod\/images\/apartamento-27-metros-12-68da544a8c3ca.jpg?resize=1600:*\" class=\"pinterest css-on9hn5 e1c1bym14\"><img decoding=\"async\" data-dynamic-svg=\"true\" src=\"https:\/\/www.elledecor.com\/_assets\/design-tokens\/fre\/static\/icons\/social\/pinterest.e8cf655.svg?primary=%2523ffffff\" loading=\"lazy\" data-testid=\"dynamic-svg-base\" height=\"auto\" width=\"auto\" alt=\"pinterest\" class=\"css-4lml0h e1mlxuuw1\"\/><\/a><\/p>\n<p>Mikhail Loskutov<\/p>\n<p><img draggable=\"true\" alt=\"casa 27 metros\" title=\"casa 27 metros\" loading=\"lazy\" width=\"2500\" height=\"3334\" decoding=\"async\" data-nimg=\"1\" style=\"color:transparent;width:100%;height:auto;\"   src=\"https:\/\/www.europesays.com\/it\/wp-content\/uploads\/2025\/10\/apartamento-27-metros-13-68da544a5f5c8.jpg\" class=\"css-0 e1g79fud0\"\/><a target=\"_blank\" rel=\"noopener nofollow\" data-theme-key=\"base-link\" href=\"https:\/\/pinterest.com\/pin\/create\/button\/?url=https:\/\/www.elledecor.com\/it\/case\/a68165724\/mini-appartamento-27-mq\/&amp;description=elledecoritalia&amp;media=https:\/\/hips.hearstapps.com\/hmg-prod\/images\/apartamento-27-metros-13-68da544a5f5c8.jpg?resize=1600:*\" class=\"pinterest css-on9hn5 e1c1bym14\"><img decoding=\"async\" data-dynamic-svg=\"true\" src=\"https:\/\/www.elledecor.com\/_assets\/design-tokens\/fre\/static\/icons\/social\/pinterest.e8cf655.svg?primary=%2523ffffff\" loading=\"lazy\" data-testid=\"dynamic-svg-base\" height=\"auto\" width=\"auto\" alt=\"pinterest\" class=\"css-4lml0h e1mlxuuw1\"\/><\/a>Mikhail Loskutov<\/p>\n<p>Cucina e armadi su misura di Silver Home realizzati sui disegni di Olga Petrova-Podolskaya; porte personalizzate di Volkhovets.<\/p>\n<p data-journey-content=\"true\" data-node-id=\"12\" class=\"css-6wxqfj emevuu60\">Nella camera da letto spicca il mobile bar BOY, battezzato in onore di Arthur Boy Capel, grande amore di Coco Chanel. L\u2019interno in <strong data-node-id=\"12.1\">impiallacciato blu<\/strong> ricrea l\u2019atmosfera di quell\u2019epoca, mentre le decorazioni <a href=\"https:\/\/www.elledecor.com\/it\/design\/a43781439\/arredi-di-design-in-metallo\/\" target=\"_blank\" data-vars-ga-outbound-link=\"https:\/\/www.elledecor.com\/it\/design\/a43781439\/arredi-di-design-in-metallo\/\" data-vars-ga-ux-element=\"Hyperlink\" data-vars-ga-call-to-action=\"metalliche\" data-node-id=\"12.3\" class=\"body-link css-15fjk10 emevuu60\" rel=\"nofollow noopener\">metalliche<\/a> delle ante evocano i dettagli iconici della maison francese. \u00abNei miei progetti combino sempre design contemporaneo, pezzi antichi e oggetti su misura nati dai miei schizzi\u00bb, spiega Olga. \u00abI mobili antichi e vintage aggiungono carattere e personalit\u00e0\u00bb, sottolinea.<\/p>\n<p><img draggable=\"true\" alt=\"casa 27 metros\" title=\"casa 27 metros\" loading=\"lazy\" width=\"3334\" height=\"2500\" decoding=\"async\" data-nimg=\"1\" style=\"color:transparent;width:100%;height:auto;\"   src=\"https:\/\/www.europesays.com\/it\/wp-content\/uploads\/2025\/10\/apartamento-27-metros-6-68da544a1dc4e.jpg\" class=\"css-0 e1g79fud0\"\/><a target=\"_blank\" rel=\"noopener nofollow\" data-theme-key=\"base-link\" href=\"https:\/\/pinterest.com\/pin\/create\/button\/?url=https:\/\/www.elledecor.com\/it\/case\/a68165724\/mini-appartamento-27-mq\/&amp;description=elledecoritalia&amp;media=https:\/\/hips.hearstapps.com\/hmg-prod\/images\/apartamento-27-metros-6-68da544a1dc4e.jpg?resize=1600:*\" class=\"pinterest css-on9hn5 e1c1bym14\"><img decoding=\"async\" data-dynamic-svg=\"true\" src=\"https:\/\/www.elledecor.com\/_assets\/design-tokens\/fre\/static\/icons\/social\/pinterest.e8cf655.svg?primary=%2523ffffff\" loading=\"lazy\" data-testid=\"dynamic-svg-base\" height=\"auto\" width=\"auto\" alt=\"pinterest\" class=\"css-4lml0h e1mlxuuw1\"\/><\/a>Mikhail Loskutov<\/p>\n<p>Armadio su misura di Silver Home e mobile bar di Cesare Ferrari realizzati sui disegni di Olga Petrova-Podolskaya; sgabello da bar antico; applique vintage; comodini di Beke Gallery; lampada Candy di Laudarte su disegno dell\u2019autrice del progetto; stampe architettoniche antiche di Parigi incorniciate da Tatiana Gedike; plaid di Enere.it; cuscino di RepeatStory; tende di MOYONI; decorazioni di Izzi Decor; lampade di carattere del XX secolo.<\/p>\n<p><img draggable=\"true\" alt=\"casa 27 metros\" title=\"casa 27 metros\" loading=\"lazy\" width=\"3334\" height=\"2500\" decoding=\"async\" data-nimg=\"1\" style=\"color:transparent;width:100%;height:auto;\"   src=\"https:\/\/www.europesays.com\/it\/wp-content\/uploads\/2025\/10\/apartamento-27-metros-10-68da5448130dd.jpg\" class=\"css-0 e1g79fud0\"\/><a target=\"_blank\" rel=\"noopener nofollow\" data-theme-key=\"base-link\" href=\"https:\/\/pinterest.com\/pin\/create\/button\/?url=https:\/\/www.elledecor.com\/it\/case\/a68165724\/mini-appartamento-27-mq\/&amp;description=elledecoritalia&amp;media=https:\/\/hips.hearstapps.com\/hmg-prod\/images\/apartamento-27-metros-10-68da5448130dd.jpg?resize=1600:*\" class=\"pinterest css-on9hn5 e1c1bym14\"><img decoding=\"async\" data-dynamic-svg=\"true\" src=\"https:\/\/www.elledecor.com\/_assets\/design-tokens\/fre\/static\/icons\/social\/pinterest.e8cf655.svg?primary=%2523ffffff\" loading=\"lazy\" data-testid=\"dynamic-svg-base\" height=\"auto\" width=\"auto\" alt=\"pinterest\" class=\"css-4lml0h e1mlxuuw1\"\/><\/a><\/p>\n<p>Mikhail Loskutov<\/p>\n<p><img draggable=\"true\" alt=\"casa 27 metros\" title=\"casa 27 metros\" loading=\"lazy\" width=\"2500\" height=\"3334\" decoding=\"async\" data-nimg=\"1\" style=\"color:transparent;width:100%;height:auto;\"   src=\"https:\/\/www.europesays.com\/it\/wp-content\/uploads\/2025\/10\/apartamento-27-metros-7-68da54483880a.jpg\" class=\"css-0 e1g79fud0\"\/><a target=\"_blank\" rel=\"noopener nofollow\" data-theme-key=\"base-link\" href=\"https:\/\/pinterest.com\/pin\/create\/button\/?url=https:\/\/www.elledecor.com\/it\/case\/a68165724\/mini-appartamento-27-mq\/&amp;description=elledecoritalia&amp;media=https:\/\/hips.hearstapps.com\/hmg-prod\/images\/apartamento-27-metros-7-68da54483880a.jpg?resize=1600:*\" class=\"pinterest css-on9hn5 e1c1bym14\"><img decoding=\"async\" data-dynamic-svg=\"true\" src=\"https:\/\/www.elledecor.com\/_assets\/design-tokens\/fre\/static\/icons\/social\/pinterest.e8cf655.svg?primary=%2523ffffff\" loading=\"lazy\" data-testid=\"dynamic-svg-base\" height=\"auto\" width=\"auto\" alt=\"pinterest\" class=\"css-4lml0h e1mlxuuw1\"\/><\/a><\/p>\n<p>Mikhail Loskutov<\/p>\n<p><img draggable=\"true\" alt=\"casa 27 metros\" title=\"casa 27 metros\" loading=\"lazy\" width=\"2500\" height=\"3334\" decoding=\"async\" data-nimg=\"1\" style=\"color:transparent;width:100%;height:auto;\"   src=\"https:\/\/www.europesays.com\/it\/wp-content\/uploads\/2025\/10\/apartamento-27-metros-14-68da544e7f462.jpg\" class=\"css-0 e1g79fud0\"\/><a target=\"_blank\" rel=\"noopener nofollow\" data-theme-key=\"base-link\" href=\"https:\/\/pinterest.com\/pin\/create\/button\/?url=https:\/\/www.elledecor.com\/it\/case\/a68165724\/mini-appartamento-27-mq\/&amp;description=elledecoritalia&amp;media=https:\/\/hips.hearstapps.com\/hmg-prod\/images\/apartamento-27-metros-14-68da544e7f462.jpg?resize=1600:*\" class=\"pinterest css-on9hn5 e1c1bym14\"><img decoding=\"async\" data-dynamic-svg=\"true\" src=\"https:\/\/www.elledecor.com\/_assets\/design-tokens\/fre\/static\/icons\/social\/pinterest.e8cf655.svg?primary=%2523ffffff\" loading=\"lazy\" data-testid=\"dynamic-svg-base\" height=\"auto\" width=\"auto\" alt=\"pinterest\" class=\"css-4lml0h e1mlxuuw1\"\/><\/a><\/p>\n<p>Mikhail Loskutov<\/p>\n<p data-journey-content=\"true\" data-node-id=\"19\" class=\"css-6wxqfj emevuu60\">Il risultato ha superato ogni aspettativa: nessuno crederebbe che questo appartamento abbia solo 27 mq. Grazie alla nuova distribuzione, alla palette di contrasti tra colori e materiali e a un\u2019illuminazione curata, la designer \u00e8 riuscita ad <strong data-node-id=\"19.1\">ampliare la percezione dello spazio<\/strong> conferendogli un\u2019atmosfera elegante e unica.<\/p>\n<p data-journey-content=\"true\" data-node-id=\"21\" class=\"css-6wxqfj emevuu60\"><a href=\"https:\/\/www.elledecor.com\/es\/casas\/a68109830\/casa-27-metros-muebles-vintage\/\" target=\"_blank\" data-vars-ga-outbound-link=\"https:\/\/www.elledecor.com\/es\/casas\/a68109830\/casa-27-metros-muebles-vintage\/\" data-vars-ga-ux-element=\"Hyperlink\" data-vars-ga-call-to-action=\"@petrova_podolskaya_design\" data-node-id=\"21.0\" class=\"body-link css-15fjk10 emevuu60\" rel=\"nofollow noopener\">@petrova_podolskaya_design<\/a><\/p>\n<p data-journey-content=\"true\" data-node-id=\"22\" class=\"css-6wxqfj emevuu60\"><a href=\"https:\/\/www.elledecor.com\/es\/casas\/a68109830\/casa-27-metros-muebles-vintage\/\" target=\"_blank\" data-vars-ga-outbound-link=\"https:\/\/www.elledecor.com\/es\/casas\/a68109830\/casa-27-metros-muebles-vintage\/\" data-vars-ga-ux-element=\"Hyperlink\" data-vars-ga-call-to-action=\"Da ELLE Decor ES\" data-node-id=\"22.0\" class=\"body-link css-15fjk10 emevuu60\" rel=\"nofollow noopener\">Da ELLE Decor ES<\/a><\/p>\n<p>Tappeti in&amp;outdoor<a target=\"_blank\" rel=\"nofollow noopener\" data-theme-key=\"product-image-wrapper\" href=\"https:\/\/click.linksynergy.com\/deeplink?id=2fv8O7DnZlc&amp;mid=49049&amp;murl=https%3A%2F%2Fwww.westwing.it%2Ftappeto-in-viscosa-tessuto-a-mano-jane-59912.html%3F&amp;u1=edcit|xid:{xid}\" aria-label=\"429\u00a0\u20ac su westwing.it per Tappeto in viscosa fatto a mano Jane\" data-href=\"https:\/\/www.westwing.it\/tappeto-in-viscosa-tessuto-a-mano-jane-59912.html?\" data-product-url=\"https:\/\/www.westwing.it\/tappeto-in-viscosa-tessuto-a-mano-jane-59912.html?\" data-affiliate=\"true\" data-affiliate-url=\"https:\/\/click.linksynergy.com\/deeplink?id=2fv8O7DnZlc&amp;mid=49049&amp;murl=https%3A%2F%2Fwww.westwing.it%2Ftappeto-in-viscosa-tessuto-a-mano-jane-59912.html%3F&amp;u1=edcit|xid:{xid}\" data-affiliate-network=\"{&quot;site_id&quot;:&quot;0550d705-7712-4019-a8b2-0f35da30918c&quot;,&quot;metadata&quot;:{&quot;trackonomics&quot;:{&quot;network_name&quot;:&quot;ls&quot;}},&quot;network&quot;:{&quot;name&quot;:&quot;Trackonomics&quot;},&quot;product_metadata&quot;:{&quot;0550d705-7712-4019-a8b2-0f35da30918c&quot;:{&quot;network_name&quot;:&quot;ls&quot;,&quot;link&quot;:&quot;https:\/\/click.linksynergy.com\/deeplink?id=2fv8O7DnZlc&amp;mid=49049&amp;murl=https%3A%2F%2Fwww.westwing.it%2Ftappeto-in-viscosa-tessuto-a-mano-jane-59912.html%3F&amp;u1={subid}&quot;}},&quot;afflink_redirect&quot;:&quot;\/_p\/afflink\/vX5C\/westwing-tappeto-in-viscosa-fatto-a&quot;}\" data-vars-ga-call-to-action=\"429\u00a0\u20ac su westwing.it\" data-vars-ga-media-role=\"1\" data-vars-ga-media-type=\"Embedded Gallery List\" data-vars-ga-outbound-link=\"https:\/\/www.westwing.it\/tappeto-in-viscosa-tessuto-a-mano-jane-59912.html?\" data-vars-ga-product-id=\"4f4adc1b-8fb8-462f-a7f0-afb84d38fe79\" data-vars-ga-product-price=\"429,00\u00a0\u20ac\" data-vars-ga-product-retailer-id=\"490641d6-24e3-4954-ae88-86f62c435568\" data-vars-ga-gallery-display=\"list\" data-vars-ga-link-treatment=\"(not set) | (not set)\" data-vars-ga-sku=\"59912\" data-vars-ga-magento-tracking=\"1\" class=\"product-image-link ebgq4gw2 e1b8bpvs0 css-g6od0w e1c1bym14\"><img  alt=\"Tappeto in viscosa fatto a mano Jane\" title=\"Tappeto in viscosa fatto a mano Jane\" src=\"https:\/\/www.europesays.com\/it\/wp-content\/uploads\/2025\/10\/1760030542_450_1749724460-DEQ16POR76076-132282_c69734b80a3400bc1cef4c097979ad18_dtl_1.jpg\" width=\"1140\" height=\"1520\" decoding=\"async\" loading=\"lazy\"\/><\/a>Tappeto in viscosa fatto a mano JaneCredit: Courtesy photo<a target=\"_blank\" rel=\"nofollow noopener\" data-theme-key=\"product-image-wrapper\" href=\"https:\/\/click.linksynergy.com\/deeplink?id=2fv8O7DnZlc&amp;mid=49049&amp;murl=https%3A%2F%2Fwww.westwing.it%2Ftappeto-morbido-a-pelo-lungo-leighton-150729.html%3F&amp;u1=edcit|xid:{xid}\" aria-label=\"78\u00a0\u20ac su westwing.it per Passatoia morbida a pelo lungo Leighton\" data-href=\"https:\/\/www.westwing.it\/tappeto-morbido-a-pelo-lungo-leighton-150729.html?\" data-product-url=\"https:\/\/www.westwing.it\/tappeto-morbido-a-pelo-lungo-leighton-150729.html?\" data-affiliate=\"true\" data-affiliate-url=\"https:\/\/click.linksynergy.com\/deeplink?id=2fv8O7DnZlc&amp;mid=49049&amp;murl=https%3A%2F%2Fwww.westwing.it%2Ftappeto-morbido-a-pelo-lungo-leighton-150729.html%3F&amp;u1=edcit|xid:{xid}\" data-affiliate-network=\"{&quot;site_id&quot;:&quot;0550d705-7712-4019-a8b2-0f35da30918c&quot;,&quot;metadata&quot;:{&quot;trackonomics&quot;:{&quot;network_name&quot;:&quot;ls&quot;}},&quot;network&quot;:{&quot;name&quot;:&quot;Trackonomics&quot;},&quot;product_metadata&quot;:{&quot;0550d705-7712-4019-a8b2-0f35da30918c&quot;:{&quot;network_name&quot;:&quot;ls&quot;,&quot;link&quot;:&quot;https:\/\/click.linksynergy.com\/deeplink?id=2fv8O7DnZlc&amp;mid=49049&amp;murl=https%3A%2F%2Fwww.westwing.it%2Ftappeto-morbido-a-pelo-lungo-leighton-150729.html%3F&amp;u1={subid}&quot;}},&quot;afflink_redirect&quot;:&quot;\/_p\/afflink\/vX5D\/westwing-passatoia-morbida-a-pelo-lungo&quot;}\" data-vars-ga-call-to-action=\"78\u00a0\u20ac su westwing.it\" data-vars-ga-media-role=\"1\" data-vars-ga-media-type=\"Embedded Gallery List\" data-vars-ga-outbound-link=\"https:\/\/www.westwing.it\/tappeto-morbido-a-pelo-lungo-leighton-150729.html?\" data-vars-ga-product-id=\"27684c30-9837-4c73-bbe5-ec4e29f53be1\" data-vars-ga-product-price=\"77,99\u00a0\u20ac\" data-vars-ga-product-retailer-id=\"71e10cfe-ad29-4542-88e4-0a627d16c492\" data-vars-ga-gallery-display=\"list\" data-vars-ga-link-treatment=\"(not set) | (not set)\" data-vars-ga-sku=\"150729\" data-vars-ga-magento-tracking=\"1\" class=\"product-image-link ebgq4gw2 e1b8bpvs0 css-g6od0w e1c1bym14\"><img  alt=\"Passatoia morbida a pelo lungo Leighton\" title=\"Passatoia morbida a pelo lungo Leighton\" src=\"https:\/\/www.europesays.com\/it\/wp-content\/uploads\/2025\/10\/1760030542_105_1749724534-DEQ23WES88125-193139_d5b600f87de740fe56bf01e20704ecdb_dtl_1.jpg\" width=\"1140\" height=\"1520\" decoding=\"async\" loading=\"lazy\"\/><\/a>Passatoia morbida a pelo lungo LeightonCredit: Courtesy photo<a target=\"_blank\" rel=\"nofollow noopener\" data-theme-key=\"product-image-wrapper\" href=\"https:\/\/click.linksynergy.com\/deeplink?id=2fv8O7DnZlc&amp;mid=49049&amp;murl=https%3A%2F%2Fwww.westwing.it%2Ftappeto-tessuto-a-mano-da-esterno-interno-lyla-157895.html&amp;u1=edcit|xid:{xid}\" aria-label=\"78\u00a0\u20ac su westwing.it per Tappeto tessuto a mano da interno-esterno Lyla\" data-href=\"https:\/\/www.westwing.it\/tappeto-tessuto-a-mano-da-esterno-interno-lyla-157895.html\" data-product-url=\"https:\/\/www.westwing.it\/tappeto-tessuto-a-mano-da-esterno-interno-lyla-157895.html\" data-affiliate=\"true\" data-affiliate-url=\"https:\/\/click.linksynergy.com\/deeplink?id=2fv8O7DnZlc&amp;mid=49049&amp;murl=https%3A%2F%2Fwww.westwing.it%2Ftappeto-tessuto-a-mano-da-esterno-interno-lyla-157895.html&amp;u1=edcit|xid:{xid}\" data-affiliate-network=\"{&quot;site_id&quot;:&quot;0550d705-7712-4019-a8b2-0f35da30918c&quot;,&quot;metadata&quot;:{&quot;trackonomics&quot;:{&quot;network_name&quot;:&quot;ls&quot;}},&quot;network&quot;:{&quot;name&quot;:&quot;Trackonomics&quot;},&quot;product_metadata&quot;:{&quot;0550d705-7712-4019-a8b2-0f35da30918c&quot;:{&quot;network_name&quot;:&quot;ls&quot;,&quot;link&quot;:&quot;https:\/\/click.linksynergy.com\/deeplink?id=2fv8O7DnZlc&amp;mid=49049&amp;murl=https%3A%2F%2Fwww.westwing.it%2Ftappeto-tessuto-a-mano-da-esterno-interno-lyla-157895.html&amp;u1={subid}&quot;}},&quot;afflink_redirect&quot;:&quot;\/_p\/afflink\/vX5R\/westwing-tappeto-tessuto-a-mano-da&quot;}\" data-vars-ga-call-to-action=\"78\u00a0\u20ac su westwing.it\" data-vars-ga-media-role=\"1\" data-vars-ga-media-type=\"Embedded Gallery List\" data-vars-ga-outbound-link=\"https:\/\/www.westwing.it\/tappeto-tessuto-a-mano-da-esterno-interno-lyla-157895.html\" data-vars-ga-product-id=\"725cc36f-a1ab-4c22-9e33-3d91f9b2bc6c\" data-vars-ga-product-price=\"77,99\u00a0\u20ac\" data-vars-ga-product-retailer-id=\"23d4e01c-2785-4903-bde9-d717f1422240\" data-vars-ga-gallery-display=\"list\" data-vars-ga-link-treatment=\"(not set) | (not set)\" data-vars-ga-sku=\"157895\" data-vars-ga-magento-tracking=\"1\" class=\"product-image-link ebgq4gw2 e1b8bpvs0 css-g6od0w e1c1bym14\"><img  alt=\"Tappeto tessuto a mano da interno-esterno Lyla\" title=\"Tappeto tessuto a mano da interno-esterno Lyla\" src=\"https:\/\/www.europesays.com\/it\/wp-content\/uploads\/2025\/10\/1760030542_304_1749724612-DEQ23WES86931-202754_12a671b30b9875f6a308e950a0ce7c56_dtl_1.jpg\" width=\"1140\" height=\"1520\" decoding=\"async\" loading=\"lazy\"\/><\/a>Tappeto tessuto a mano da interno-esterno LylaCredit: Courtesy photo<a target=\"_blank\" rel=\"nofollow noopener\" data-theme-key=\"product-image-wrapper\" href=\"https:\/\/click.linksynergy.com\/deeplink?id=2fv8O7DnZlc&amp;mid=49049&amp;murl=https%3A%2F%2Fwww.westwing.it%2Ftappeto-in-lana-taftato-a-mano-dalla-forma-organica-kadey-140637.html&amp;u1=edcit|xid:{xid}\" aria-label=\"219\u00a0\u20ac su westwing.it per Tappeto in lana dalla forma organica fatto a mano Kadey\" data-href=\"https:\/\/www.westwing.it\/tappeto-in-lana-taftato-a-mano-dalla-forma-organica-kadey-140637.html\" data-product-url=\"https:\/\/www.westwing.it\/tappeto-in-lana-taftato-a-mano-dalla-forma-organica-kadey-140637.html\" data-affiliate=\"true\" data-affiliate-url=\"https:\/\/click.linksynergy.com\/deeplink?id=2fv8O7DnZlc&amp;mid=49049&amp;murl=https%3A%2F%2Fwww.westwing.it%2Ftappeto-in-lana-taftato-a-mano-dalla-forma-organica-kadey-140637.html&amp;u1=edcit|xid:{xid}\" data-affiliate-network=\"{&quot;site_id&quot;:&quot;0550d705-7712-4019-a8b2-0f35da30918c&quot;,&quot;metadata&quot;:{&quot;trackonomics&quot;:{&quot;network_name&quot;:&quot;ls&quot;}},&quot;network&quot;:{&quot;name&quot;:&quot;Trackonomics&quot;},&quot;product_metadata&quot;:{&quot;0550d705-7712-4019-a8b2-0f35da30918c&quot;:{&quot;network_name&quot;:&quot;ls&quot;,&quot;link&quot;:&quot;https:\/\/click.linksynergy.com\/deeplink?id=2fv8O7DnZlc&amp;mid=49049&amp;murl=https%3A%2F%2Fwww.westwing.it%2Ftappeto-in-lana-taftato-a-mano-dalla-forma-organica-kadey-140637.html&amp;u1={subid}&quot;}},&quot;afflink_redirect&quot;:&quot;\/_p\/afflink\/vX5I\/westwing-tappeto-in-lana-dalla-forma&quot;}\" data-vars-ga-call-to-action=\"219\u00a0\u20ac su westwing.it\" data-vars-ga-media-role=\"1\" data-vars-ga-media-type=\"Embedded Gallery List\" data-vars-ga-outbound-link=\"https:\/\/www.westwing.it\/tappeto-in-lana-taftato-a-mano-dalla-forma-organica-kadey-140637.html\" data-vars-ga-product-id=\"93a86c05-c6c2-4c2e-ae76-51ab60f17d96\" data-vars-ga-product-price=\"219,00\u00a0\u20ac\" data-vars-ga-product-retailer-id=\"be79fa2e-9e25-4fb6-9e4e-5837773e88be\" data-vars-ga-gallery-display=\"list\" data-vars-ga-link-treatment=\"(not set) | (not set)\" data-vars-ga-sku=\"140637\" data-vars-ga-magento-tracking=\"1\" class=\"product-image-link ebgq4gw2 e1b8bpvs0 css-g6od0w e1c1bym14\"><img  alt=\"Tappeto in lana dalla forma organica fatto a mano Kadey\" title=\"Tappeto in lana dalla forma organica fatto a mano Kadey\" src=\"https:\/\/www.europesays.com\/it\/wp-content\/uploads\/2025\/10\/1760030543_401_1749724579-DEQ22WES31566-178004_07d330cc5f2ffcb5d4d4e955ae4d354b_dtl_1.jpg\" width=\"1140\" height=\"1520\" decoding=\"async\" loading=\"lazy\"\/><\/a>Tappeto in lana dalla forma organica fatto a mano KadeyCredit: Courtesy photoRelated Stories<img src=\"https:\/\/www.europesays.com\/it\/wp-content\/uploads\/2025\/10\/0a0b1622-6a69-46fb-adaf-3452beb84e95_1700567459.file\" alt=\"Headshot of Redacci\u00f3n Elle Decor\" title=\"Headshot of Redacci\u00f3n Elle Decor\" width=\"100%\" height=\"100%\" decoding=\"async\" loading=\"lazy\" class=\"css-o0wq4v ev8dhu53\"\/><\/p>\n<p>\u00a0Desde que lleg\u00f3 a los quioscos espa\u00f1oles por primera vez, en mayo de 1989, ELLE DECOR se ha convertido en una de las publicaciones de referencia en el sector del interiorismo y el dise\u00f1o. Cada d\u00eda en la web y todos los meses en la revista en papel ofrecemos las \u00faltimas novedades en decoraci\u00f3n, dise\u00f1o, arquitectura, arte y lifestyle.<\/p>\n<p>Adem\u00e1s de informarte sobre las \u00faltimas noticias, la redacci\u00f3n de ELLE DECOR selecciona las im\u00e1genes m\u00e1s inspiradoras de los mejores proyectos de interiorismo, entrevista a los dise\u00f1adores, artesanos y artistas del momento para que conozcas su obra y rastrea en busca de nuevas aperturas de restaurantes, hoteles y tiendas.<\/p>\n<p>A nivel internacional, ELLE DECOR est\u00e1 presente en 25 pa\u00edses y es la revista con m\u00e1s prestigio tanto entre los lectores como entre los profesionales del dise\u00f1o.\u00a0<\/p>\n","protected":false},"excerpt":{"rendered":"Il proprietario di questo piccolo appartamento di appena 27 mq, situato in un edificio del 1900 nel pieno&hellip;\n","protected":false},"author":3,"featured_media":155882,"comment_status":"","ping_status":"","sticky":false,"template":"","format":"standard","meta":{"footnotes":""},"categories":[1446],"tags":[96377,53622,1615,1613,1614,1611,1610,95475,1612,1616,203,204,1537,90,89],"class_list":{"0":"post-155881","1":"post","2":"type-post","3":"status-publish","4":"format-standard","5":"has-post-thumbnail","7":"category-arte-e-design","8":"tag-27-mq","9":"tag-accogliente","10":"tag-arte","11":"tag-arte-e-design","12":"tag-arteedesign","13":"tag-arts","14":"tag-arts-and-design","15":"tag-casa-piccola","16":"tag-design","17":"tag-discover","18":"tag-entertainment","19":"tag-intrattenimento","20":"tag-it","21":"tag-italia","22":"tag-italy"},"share_on_mastodon":{"url":"","error":""},"_links":{"self":[{"href":"https:\/\/www.europesays.com\/it\/wp-json\/wp\/v2\/posts\/155881","targetHints":{"allow":["GET"]}}],"collection":[{"href":"https:\/\/www.europesays.com\/it\/wp-json\/wp\/v2\/posts"}],"about":[{"href":"https:\/\/www.europesays.com\/it\/wp-json\/wp\/v2\/types\/post"}],"author":[{"embeddable":true,"href":"https:\/\/www.europesays.com\/it\/wp-json\/wp\/v2\/users\/3"}],"replies":[{"embeddable":true,"href":"https:\/\/www.europesays.com\/it\/wp-json\/wp\/v2\/comments?post=155881"}],"version-history":[{"count":0,"href":"https:\/\/www.europesays.com\/it\/wp-json\/wp\/v2\/posts\/155881\/revisions"}],"wp:featuredmedia":[{"embeddable":true,"href":"https:\/\/www.europesays.com\/it\/wp-json\/wp\/v2\/media\/155882"}],"wp:attachment":[{"href":"https:\/\/www.europesays.com\/it\/wp-json\/wp\/v2\/media?parent=155881"}],"wp:term":[{"taxonomy":"category","embeddable":true,"href":"https:\/\/www.europesays.com\/it\/wp-json\/wp\/v2\/categories?post=155881"},{"taxonomy":"post_tag","embeddable":true,"href":"https:\/\/www.europesays.com\/it\/wp-json\/wp\/v2\/tags?post=155881"}],"curies":[{"name":"wp","href":"https:\/\/api.w.org\/{rel}","templated":true}]}}